
			
				

					
				

			
		{"items":"\n\t\t\t\t\t\t\t\t\t\t\t\n<article id=\"post-18028\" class=\"wd-post blog-design-masonry blog-post-loop blog-style-bg wd-add-shadow wd-col post-18028 post type-post status-publish format-standard has-post-thumbnail hentry category-autoconhecimento tag-trauma tag-violencia\">\n\t<div class=\"article-inner\">\n\t\t<header class=\"entry-header\">\n\t\t\t\t\t\t\t<figure class=\"entry-thumbnail\">\n\t\t\t\t\t\t\t\t\t\t\t<div class=\"post-img-wrapp\">\n\t\t\t\t\t\t\t<a href=\"https:\/\/eleve-se.com.br\/experiencias-traumaticas-podem-causar-doencas-fisicas\/\">\n\t\t\t\t\t\t\t\t<img width=\"1024\" height=\"576\" src=\"https:\/\/eleve-se.com.br\/wp-content\/uploads\/2022\/05\/experiencias-traumaticas-podem-causar-doencas-fisicas-1024x576.png\" class=\"attachment-large size-large\" alt=\"\" decoding=\"async\" fetchpriority=\"high\" srcset=\"https:\/\/eleve-se.com.br\/wp-content\/uploads\/2022\/05\/experiencias-traumaticas-podem-causar-doencas-fisicas-1024x576.png 1024w, https:\/\/eleve-se.com.br\/wp-content\/uploads\/2022\/05\/experiencias-traumaticas-podem-causar-doencas-fisicas-800x450.png 800w, https:\/\/eleve-se.com.br\/wp-content\/uploads\/2022\/05\/experiencias-traumaticas-podem-causar-doencas-fisicas-300x169.png 300w, https:\/\/eleve-se.com.br\/wp-content\/uploads\/2022\/05\/experiencias-traumaticas-podem-causar-doencas-fisicas-768x432.png 768w, https:\/\/eleve-se.com.br\/wp-content\/uploads\/2022\/05\/experiencias-traumaticas-podem-causar-doencas-fisicas-260x146.png 260w, https:\/\/eleve-se.com.br\/wp-content\/uploads\/2022\/05\/experiencias-traumaticas-podem-causar-doencas-fisicas-50x28.png 50w, https:\/\/eleve-se.com.br\/wp-content\/uploads\/2022\/05\/experiencias-traumaticas-podem-causar-doencas-fisicas-133x75.png 133w, https:\/\/eleve-se.com.br\/wp-content\/uploads\/2022\/05\/experiencias-traumaticas-podem-causar-doencas-fisicas.png 1280w\" sizes=\"(max-width: 1024px) 100vw, 1024px\" \/>\t\t\t\t\t\t\t<\/a>\n\t\t\t\t\t\t<\/div>\n\t\t\t\t\t\t<div class=\"post-image-mask\">\n\t\t\t\t\t\t\t<span><\/span>\n\t\t\t\t\t\t<\/div>\n\t\t\t\t\t\t\t\t\t<\/figure>\n\t\t\t\n\t\t\t\t\t\t<div class=\"wd-post-date wd-style-with-bg\">\n\t\t\t\t<span class=\"post-date-day\">\n\t\t\t\t\t12\t\t\t\t<\/span>\n\t\t\t\t<span class=\"post-date-month\">\n\t\t\t\t\tmaio\t\t\t\t<\/span>\n\t\t\t<\/div>\n\t\t\t\t<\/header>\n\n\t\t<div class=\"article-body-container\">\n\t\t\t\t\t\t\t<div class=\"meta-categories-wrapp\">\n\t\t\t\t\t<div class=\"meta-post-categories wd-post-cat wd-style-with-bg\">\n\t\t\t\t\t\t<a href=\"https:\/\/eleve-se.com.br\/categoria\/autoconhecimento\/\" rel=\"category tag\">Autoconhecimento<\/a>\t\t\t\t\t<\/div>\n\t\t\t\t<\/div>\n\t\t\t\n\t\t\t\t\t\t\t<h3 class=\"wd-entities-title title post-title\">\n\t\t\t\t\t<a href=\"https:\/\/eleve-se.com.br\/experiencias-traumaticas-podem-causar-doencas-fisicas\/\" rel=\"bookmark\">Experi\u00eancias traum\u00e1ticas podem causar doen\u00e7as f\u00edsicas<\/a>\n\t\t\t\t<\/h3>\n\t\t\t\n\t\t\t\t\t\t\t<div class=\"entry-meta wd-entry-meta\">\n\t\t\t\t\t\t\t\t<ul class=\"entry-meta-list\">\n\t\t\t\t\t\t\t\t\t<li class=\"modified-date\">\n\t\t\t\t\t\t\t\t<time class=\"updated\" datetime=\"2023-06-01T10:10:55-03:00\">\n\t\t\t01\/06\/2023\t\t<\/time>\n\t\t\t\t\t\t\t<\/li>\n\n\t\t\t\t\t\n\t\t\t\t\t\t\t\t\t\t\t<li class=\"meta-author\">\n\t\t\t\t\t\t\t\t\t\t\t\t<span>Por<\/span>\n\t\t\n\t\t\t\t\t<img src=\"https:\/\/eleve-se.com.br\/wp-content\/uploads\/2022\/06\/logo_elevese-50x50.png\" width=\"32\" height=\"32\" srcset=\"https:\/\/eleve-se.com.br\/wp-content\/uploads\/2022\/06\/logo_elevese-75x75.png 2x\" alt=\"Equipe Eleve-se\" class=\"avatar avatar-32 wp-user-avatar wp-user-avatar-32 alignnone photo\" \/>\t\t\n\t\t<a href=\"https:\/\/eleve-se.com.br\/author\/equipe\/\" class=\"author\" rel=\"author\">Equipe Eleve-se<\/a>\n\t\t\t\t\t\t\t\t<\/li>\n\t\t\t\t\t\n\t\t\t\t\t\n\t\t\t\t\t\t\t\t\t\t\t\t<\/ul>\n\t\t\t\t\t\t<\/div>\n\t\t\t\t\t\t\t\n\t\t\t\t\t\t\t\t\t\t\t\t<div class=\"entry-content wd-post-desc\">\n\t\t\t\t\t\tA conex\u00e3o entre corpo e mente \u00e9 t\u00e3o forte que alguns traumas psicol\u00f3gicos podem se manifestar por meio de dores, mal-estar, problemas d...\t\t\t\t\t<\/div>\n\t\t\t\t\n\t\t\t\t\t\t\t\t\t\t\t\t\t\t<p class=\"read-more-section\">\n\t\t\t\t\t\t<a class=\"btn-read-more more-link\" href=\"https:\/\/eleve-se.com.br\/experiencias-traumaticas-podem-causar-doencas-fisicas\/\">Continue lendo<\/a>\t\t\t\t\t<\/p>\n\t\t\t\t\t\t\t\t\t\t\t\t\t<\/div>\n\t<\/div>\n<\/article>\n\n\t\t\t\t\t\t\t\t\t\t\t\n<article id=\"post-18017\" class=\"wd-post blog-design-masonry blog-post-loop blog-style-bg wd-add-shadow wd-col post-18017 post type-post status-publish format-standard has-post-thumbnail hentry category-astros\">\n\t<div class=\"article-inner\">\n\t\t<header class=\"entry-header\">\n\t\t\t\t\t\t\t<figure class=\"entry-thumbnail\">\n\t\t\t\t\t\t\t\t\t\t\t<div class=\"post-img-wrapp\">\n\t\t\t\t\t\t\t<a href=\"https:\/\/eleve-se.com.br\/mercurio-retrogrado-entenda-o-que-significa\/\">\n\t\t\t\t\t\t\t\t<img width=\"1024\" height=\"576\" src=\"https:\/\/eleve-se.com.br\/wp-content\/uploads\/2022\/05\/mercurio-retrogrado-entenda-o-que-significa-1024x576.png\" class=\"attachment-large size-large\" alt=\"\" decoding=\"async\" srcset=\"https:\/\/eleve-se.com.br\/wp-content\/uploads\/2022\/05\/mercurio-retrogrado-entenda-o-que-significa-1024x576.png 1024w, https:\/\/eleve-se.com.br\/wp-content\/uploads\/2022\/05\/mercurio-retrogrado-entenda-o-que-significa-800x450.png 800w, https:\/\/eleve-se.com.br\/wp-content\/uploads\/2022\/05\/mercurio-retrogrado-entenda-o-que-significa-300x169.png 300w, https:\/\/eleve-se.com.br\/wp-content\/uploads\/2022\/05\/mercurio-retrogrado-entenda-o-que-significa-768x432.png 768w, https:\/\/eleve-se.com.br\/wp-content\/uploads\/2022\/05\/mercurio-retrogrado-entenda-o-que-significa-260x146.png 260w, https:\/\/eleve-se.com.br\/wp-content\/uploads\/2022\/05\/mercurio-retrogrado-entenda-o-que-significa-50x28.png 50w, https:\/\/eleve-se.com.br\/wp-content\/uploads\/2022\/05\/mercurio-retrogrado-entenda-o-que-significa-133x75.png 133w, https:\/\/eleve-se.com.br\/wp-content\/uploads\/2022\/05\/mercurio-retrogrado-entenda-o-que-significa.png 1280w\" sizes=\"(max-width: 1024px) 100vw, 1024px\" \/>\t\t\t\t\t\t\t<\/a>\n\t\t\t\t\t\t<\/div>\n\t\t\t\t\t\t<div class=\"post-image-mask\">\n\t\t\t\t\t\t\t<span><\/span>\n\t\t\t\t\t\t<\/div>\n\t\t\t\t\t\t\t\t\t<\/figure>\n\t\t\t\n\t\t\t\t\t\t<div class=\"wd-post-date wd-style-with-bg\">\n\t\t\t\t<span class=\"post-date-day\">\n\t\t\t\t\t10\t\t\t\t<\/span>\n\t\t\t\t<span class=\"post-date-month\">\n\t\t\t\t\tmaio\t\t\t\t<\/span>\n\t\t\t<\/div>\n\t\t\t\t<\/header>\n\n\t\t<div class=\"article-body-container\">\n\t\t\t\t\t\t\t<div class=\"meta-categories-wrapp\">\n\t\t\t\t\t<div class=\"meta-post-categories wd-post-cat wd-style-with-bg\">\n\t\t\t\t\t\t<a href=\"https:\/\/eleve-se.com.br\/categoria\/astros\/\" rel=\"category tag\">Astros<\/a>\t\t\t\t\t<\/div>\n\t\t\t\t<\/div>\n\t\t\t\n\t\t\t\t\t\t\t<h3 class=\"wd-entities-title title post-title\">\n\t\t\t\t\t<a href=\"https:\/\/eleve-se.com.br\/mercurio-retrogrado-entenda-o-que-significa\/\" rel=\"bookmark\">Merc\u00fario retr\u00f3grado: entenda o que significa<\/a>\n\t\t\t\t<\/h3>\n\t\t\t\n\t\t\t\t\t\t\t<div class=\"entry-meta wd-entry-meta\">\n\t\t\t\t\t\t\t\t<ul class=\"entry-meta-list\">\n\t\t\t\t\t\t\t\t\t<li class=\"modified-date\">\n\t\t\t\t\t\t\t\t<time class=\"updated\" datetime=\"2023-06-01T10:11:05-03:00\">\n\t\t\t01\/06\/2023\t\t<\/time>\n\t\t\t\t\t\t\t<\/li>\n\n\t\t\t\t\t\n\t\t\t\t\t\t\t\t\t\t\t<li class=\"meta-author\">\n\t\t\t\t\t\t\t\t\t\t\t\t<span>Por<\/span>\n\t\t\n\t\t\t\t\t<img src=\"https:\/\/eleve-se.com.br\/wp-content\/uploads\/2022\/06\/logo_elevese-50x50.png\" width=\"32\" height=\"32\" srcset=\"https:\/\/eleve-se.com.br\/wp-content\/uploads\/2022\/06\/logo_elevese-75x75.png 2x\" alt=\"Equipe Eleve-se\" class=\"avatar avatar-32 wp-user-avatar wp-user-avatar-32 alignnone photo\" \/>\t\t\n\t\t<a href=\"https:\/\/eleve-se.com.br\/author\/equipe\/\" class=\"author\" rel=\"author\">Equipe Eleve-se<\/a>\n\t\t\t\t\t\t\t\t<\/li>\n\t\t\t\t\t\n\t\t\t\t\t\n\t\t\t\t\t\t\t\t\t\t\t\t<\/ul>\n\t\t\t\t\t\t<\/div>\n\t\t\t\t\t\t\t\n\t\t\t\t\t\t\t\t\t\t\t\t<div class=\"entry-content wd-post-desc\">\n\t\t\t\t\t\tNeste dia 10 de maio o planeta Merc\u00fario fica retr\u00f3grado pela segunda vez em 2022. Nos \u00faltimos anos os per\u00edodos de retrograda\u00e7\u00e3o de Merc...\t\t\t\t\t<\/div>\n\t\t\t\t\n\t\t\t\t\t\t\t\t\t\t\t\t\t\t<p class=\"read-more-section\">\n\t\t\t\t\t\t<a class=\"btn-read-more more-link\" href=\"https:\/\/eleve-se.com.br\/mercurio-retrogrado-entenda-o-que-significa\/\">Continue lendo<\/a>\t\t\t\t\t<\/p>\n\t\t\t\t\t\t\t\t\t\t\t\t\t<\/div>\n\t<\/div>\n<\/article>\n\n\t\t\t\t\t\t\t\t\t\t\t\n<article id=\"post-17990\" class=\"wd-post blog-design-masonry blog-post-loop blog-style-bg wd-add-shadow wd-col post-17990 post type-post status-publish format-standard has-post-thumbnail hentry category-cultura tag-astrologia tag-livro\">\n\t<div class=\"article-inner\">\n\t\t<header class=\"entry-header\">\n\t\t\t\t\t\t\t<figure class=\"entry-thumbnail\">\n\t\t\t\t\t\t\t\t\t\t\t<div class=\"post-img-wrapp\">\n\t\t\t\t\t\t\t<a href=\"https:\/\/eleve-se.com.br\/rainha-do-romantismo-na-argentina-publica-livro-com-tema-astrologico\/\">\n\t\t\t\t\t\t\t\t<img width=\"1024\" height=\"576\" src=\"https:\/\/eleve-se.com.br\/wp-content\/uploads\/2022\/05\/rainha-do-romantismo-na-argentina-publica-livro-com-tema-astrologico-1024x576.png\" class=\"attachment-large size-large\" alt=\"\" decoding=\"async\" loading=\"lazy\" srcset=\"https:\/\/eleve-se.com.br\/wp-content\/uploads\/2022\/05\/rainha-do-romantismo-na-argentina-publica-livro-com-tema-astrologico-1024x576.png 1024w, https:\/\/eleve-se.com.br\/wp-content\/uploads\/2022\/05\/rainha-do-romantismo-na-argentina-publica-livro-com-tema-astrologico-800x450.png 800w, https:\/\/eleve-se.com.br\/wp-content\/uploads\/2022\/05\/rainha-do-romantismo-na-argentina-publica-livro-com-tema-astrologico-300x169.png 300w, https:\/\/eleve-se.com.br\/wp-content\/uploads\/2022\/05\/rainha-do-romantismo-na-argentina-publica-livro-com-tema-astrologico-768x432.png 768w, https:\/\/eleve-se.com.br\/wp-content\/uploads\/2022\/05\/rainha-do-romantismo-na-argentina-publica-livro-com-tema-astrologico-260x146.png 260w, https:\/\/eleve-se.com.br\/wp-content\/uploads\/2022\/05\/rainha-do-romantismo-na-argentina-publica-livro-com-tema-astrologico-50x28.png 50w, https:\/\/eleve-se.com.br\/wp-content\/uploads\/2022\/05\/rainha-do-romantismo-na-argentina-publica-livro-com-tema-astrologico-133x75.png 133w, https:\/\/eleve-se.com.br\/wp-content\/uploads\/2022\/05\/rainha-do-romantismo-na-argentina-publica-livro-com-tema-astrologico.png 1280w\" sizes=\"auto, (max-width: 1024px) 100vw, 1024px\" \/>\t\t\t\t\t\t\t<\/a>\n\t\t\t\t\t\t<\/div>\n\t\t\t\t\t\t<div class=\"post-image-mask\">\n\t\t\t\t\t\t\t<span><\/span>\n\t\t\t\t\t\t<\/div>\n\t\t\t\t\t\t\t\t\t<\/figure>\n\t\t\t\n\t\t\t\t\t\t<div class=\"wd-post-date wd-style-with-bg\">\n\t\t\t\t<span class=\"post-date-day\">\n\t\t\t\t\t05\t\t\t\t<\/span>\n\t\t\t\t<span class=\"post-date-month\">\n\t\t\t\t\tmaio\t\t\t\t<\/span>\n\t\t\t<\/div>\n\t\t\t\t<\/header>\n\n\t\t<div class=\"article-body-container\">\n\t\t\t\t\t\t\t<div class=\"meta-categories-wrapp\">\n\t\t\t\t\t<div class=\"meta-post-categories wd-post-cat wd-style-with-bg\">\n\t\t\t\t\t\t<a href=\"https:\/\/eleve-se.com.br\/categoria\/cultura\/\" rel=\"category tag\">Cultura<\/a>\t\t\t\t\t<\/div>\n\t\t\t\t<\/div>\n\t\t\t\n\t\t\t\t\t\t\t<h3 class=\"wd-entities-title title post-title\">\n\t\t\t\t\t<a href=\"https:\/\/eleve-se.com.br\/rainha-do-romantismo-na-argentina-publica-livro-com-tema-astrologico\/\" rel=\"bookmark\">Rainha do romantismo na Argentina publica livro com tema astrol\u00f3gico<\/a>\n\t\t\t\t<\/h3>\n\t\t\t\n\t\t\t\t\t\t\t<div class=\"entry-meta wd-entry-meta\">\n\t\t\t\t\t\t\t\t<ul class=\"entry-meta-list\">\n\t\t\t\t\t\t\t\t\t<li class=\"modified-date\">\n\t\t\t\t\t\t\t\t<time class=\"updated\" datetime=\"2023-06-01T10:11:11-03:00\">\n\t\t\t01\/06\/2023\t\t<\/time>\n\t\t\t\t\t\t\t<\/li>\n\n\t\t\t\t\t\n\t\t\t\t\t\t\t\t\t\t\t<li class=\"meta-author\">\n\t\t\t\t\t\t\t\t\t\t\t\t<span>Por<\/span>\n\t\t\n\t\t\t\t\t<img src=\"https:\/\/eleve-se.com.br\/wp-content\/uploads\/2022\/06\/logo_elevese-50x50.png\" width=\"32\" height=\"32\" srcset=\"https:\/\/eleve-se.com.br\/wp-content\/uploads\/2022\/06\/logo_elevese-75x75.png 2x\" alt=\"Equipe Eleve-se\" class=\"avatar avatar-32 wp-user-avatar wp-user-avatar-32 alignnone photo\" \/>\t\t\n\t\t<a href=\"https:\/\/eleve-se.com.br\/author\/equipe\/\" class=\"author\" rel=\"author\">Equipe Eleve-se<\/a>\n\t\t\t\t\t\t\t\t<\/li>\n\t\t\t\t\t\n\t\t\t\t\t\n\t\t\t\t\t\t\t\t\t\t\t\t<\/ul>\n\t\t\t\t\t\t<\/div>\n\t\t\t\t\t\t\t\n\t\t\t\t\t\t\t\t\t\t\t\t<div class=\"entry-content wd-post-desc\">\n\t\t\t\t\t\tRainha do romantismo na Argentina, com mais de 3,5 milh\u00f5es de exemplares vendidos, e apontada como uma das maiores autoras de literatur...\t\t\t\t\t<\/div>\n\t\t\t\t\n\t\t\t\t\t\t\t\t\t\t\t\t\t\t<p class=\"read-more-section\">\n\t\t\t\t\t\t<a class=\"btn-read-more more-link\" href=\"https:\/\/eleve-se.com.br\/rainha-do-romantismo-na-argentina-publica-livro-com-tema-astrologico\/\">Continue lendo<\/a>\t\t\t\t\t<\/p>\n\t\t\t\t\t\t\t\t\t\t\t\t\t<\/div>\n\t<\/div>\n<\/article>\n\n\t\t\t\t\t\t\t\t\t\t\t\n<article id=\"post-17963\" class=\"wd-post blog-design-masonry blog-post-loop blog-style-bg wd-add-shadow wd-col post-17963 post type-post status-publish format-standard has-post-thumbnail hentry category-astros tag-astrologia tag-dia-das-maes tag-presentes\">\n\t<div class=\"article-inner\">\n\t\t<header class=\"entry-header\">\n\t\t\t\t\t\t\t<figure class=\"entry-thumbnail\">\n\t\t\t\t\t\t\t\t\t\t\t<div class=\"post-img-wrapp\">\n\t\t\t\t\t\t\t<a href=\"https:\/\/eleve-se.com.br\/presente-ideal-para-a-mae-de-cada-signo\/\">\n\t\t\t\t\t\t\t\t<img width=\"1024\" height=\"576\" src=\"https:\/\/eleve-se.com.br\/wp-content\/uploads\/2022\/05\/presente-ideal-para-a-mae-de-cada-signo-1024x576.png\" class=\"attachment-large size-large\" alt=\"\" decoding=\"async\" loading=\"lazy\" srcset=\"https:\/\/eleve-se.com.br\/wp-content\/uploads\/2022\/05\/presente-ideal-para-a-mae-de-cada-signo-1024x576.png 1024w, https:\/\/eleve-se.com.br\/wp-content\/uploads\/2022\/05\/presente-ideal-para-a-mae-de-cada-signo-800x450.png 800w, https:\/\/eleve-se.com.br\/wp-content\/uploads\/2022\/05\/presente-ideal-para-a-mae-de-cada-signo-300x169.png 300w, https:\/\/eleve-se.com.br\/wp-content\/uploads\/2022\/05\/presente-ideal-para-a-mae-de-cada-signo-768x432.png 768w, https:\/\/eleve-se.com.br\/wp-content\/uploads\/2022\/05\/presente-ideal-para-a-mae-de-cada-signo-260x146.png 260w, https:\/\/eleve-se.com.br\/wp-content\/uploads\/2022\/05\/presente-ideal-para-a-mae-de-cada-signo-50x28.png 50w, https:\/\/eleve-se.com.br\/wp-content\/uploads\/2022\/05\/presente-ideal-para-a-mae-de-cada-signo-133x75.png 133w, https:\/\/eleve-se.com.br\/wp-content\/uploads\/2022\/05\/presente-ideal-para-a-mae-de-cada-signo.png 1280w\" sizes=\"auto, (max-width: 1024px) 100vw, 1024px\" \/>\t\t\t\t\t\t\t<\/a>\n\t\t\t\t\t\t<\/div>\n\t\t\t\t\t\t<div class=\"post-image-mask\">\n\t\t\t\t\t\t\t<span><\/span>\n\t\t\t\t\t\t<\/div>\n\t\t\t\t\t\t\t\t\t<\/figure>\n\t\t\t\n\t\t\t\t\t\t<div class=\"wd-post-date wd-style-with-bg\">\n\t\t\t\t<span class=\"post-date-day\">\n\t\t\t\t\t04\t\t\t\t<\/span>\n\t\t\t\t<span class=\"post-date-month\">\n\t\t\t\t\tmaio\t\t\t\t<\/span>\n\t\t\t<\/div>\n\t\t\t\t<\/header>\n\n\t\t<div class=\"article-body-container\">\n\t\t\t\t\t\t\t<div class=\"meta-categories-wrapp\">\n\t\t\t\t\t<div class=\"meta-post-categories wd-post-cat wd-style-with-bg\">\n\t\t\t\t\t\t<a href=\"https:\/\/eleve-se.com.br\/categoria\/astros\/\" rel=\"category tag\">Astros<\/a>\t\t\t\t\t<\/div>\n\t\t\t\t<\/div>\n\t\t\t\n\t\t\t\t\t\t\t<h3 class=\"wd-entities-title title post-title\">\n\t\t\t\t\t<a href=\"https:\/\/eleve-se.com.br\/presente-ideal-para-a-mae-de-cada-signo\/\" rel=\"bookmark\">O presente ideal para a m\u00e3e de cada signo<\/a>\n\t\t\t\t<\/h3>\n\t\t\t\n\t\t\t\t\t\t\t<div class=\"entry-meta wd-entry-meta\">\n\t\t\t\t\t\t\t\t<ul class=\"entry-meta-list\">\n\t\t\t\t\t\t\t\t\t<li class=\"modified-date\">\n\t\t\t\t\t\t\t\t<time class=\"updated\" datetime=\"2023-06-01T10:11:16-03:00\">\n\t\t\t01\/06\/2023\t\t<\/time>\n\t\t\t\t\t\t\t<\/li>\n\n\t\t\t\t\t\n\t\t\t\t\t\t\t\t\t\t\t<li class=\"meta-author\">\n\t\t\t\t\t\t\t\t\t\t\t\t<span>Por<\/span>\n\t\t\n\t\t\t\t\t<img src=\"https:\/\/eleve-se.com.br\/wp-content\/uploads\/2022\/06\/logo_elevese-50x50.png\" width=\"32\" height=\"32\" srcset=\"https:\/\/eleve-se.com.br\/wp-content\/uploads\/2022\/06\/logo_elevese-75x75.png 2x\" alt=\"Equipe Eleve-se\" class=\"avatar avatar-32 wp-user-avatar wp-user-avatar-32 alignnone photo\" \/>\t\t\n\t\t<a href=\"https:\/\/eleve-se.com.br\/author\/equipe\/\" class=\"author\" rel=\"author\">Equipe Eleve-se<\/a>\n\t\t\t\t\t\t\t\t<\/li>\n\t\t\t\t\t\n\t\t\t\t\t\n\t\t\t\t\t\t\t\t\t\t\t\t<\/ul>\n\t\t\t\t\t\t<\/div>\n\t\t\t\t\t\t\t\n\t\t\t\t\t\t\t\t\t\t\t\t<div class=\"entry-content wd-post-desc\">\n\t\t\t\t\t\tN\u00f3s j\u00e1 falamos aqui sobre as principais caracter\u00edsticas das m\u00e3es de cada signo. Agora \u00e9 hora de dar dicas de presentes para o Dia das M...\t\t\t\t\t<\/div>\n\t\t\t\t\n\t\t\t\t\t\t\t\t\t\t\t\t\t\t<p class=\"read-more-section\">\n\t\t\t\t\t\t<a class=\"btn-read-more more-link\" href=\"https:\/\/eleve-se.com.br\/presente-ideal-para-a-mae-de-cada-signo\/\">Continue lendo<\/a>\t\t\t\t\t<\/p>\n\t\t\t\t\t\t\t\t\t\t\t\t\t<\/div>\n\t<\/div>\n<\/article>\n\n\t\t\t\t\t\t\t\t\t\t\t\n<article id=\"post-17917\" class=\"wd-post blog-design-masonry blog-post-loop blog-style-bg wd-add-shadow wd-col post-17917 post type-post status-publish format-standard has-post-thumbnail hentry category-lugares-incriveis tag-bonito tag-ecoturismo tag-turismo\">\n\t<div class=\"article-inner\">\n\t\t<header class=\"entry-header\">\n\t\t\t\t\t\t\t<figure class=\"entry-thumbnail\">\n\t\t\t\t\t\t\t\t\t\t\t<div class=\"post-img-wrapp\">\n\t\t\t\t\t\t\t<a href=\"https:\/\/eleve-se.com.br\/aproveite-as-boas-energias-de-bonito\/\">\n\t\t\t\t\t\t\t\t<img width=\"1024\" height=\"576\" src=\"https:\/\/eleve-se.com.br\/wp-content\/uploads\/2022\/04\/2-1024x576.png\" class=\"attachment-large size-large\" alt=\"\" decoding=\"async\" loading=\"lazy\" srcset=\"https:\/\/eleve-se.com.br\/wp-content\/uploads\/2022\/04\/2-1024x576.png 1024w, https:\/\/eleve-se.com.br\/wp-content\/uploads\/2022\/04\/2-800x450.png 800w, https:\/\/eleve-se.com.br\/wp-content\/uploads\/2022\/04\/2-300x169.png 300w, https:\/\/eleve-se.com.br\/wp-content\/uploads\/2022\/04\/2-768x432.png 768w, https:\/\/eleve-se.com.br\/wp-content\/uploads\/2022\/04\/2-260x146.png 260w, https:\/\/eleve-se.com.br\/wp-content\/uploads\/2022\/04\/2-50x28.png 50w, https:\/\/eleve-se.com.br\/wp-content\/uploads\/2022\/04\/2-133x75.png 133w, https:\/\/eleve-se.com.br\/wp-content\/uploads\/2022\/04\/2.png 1280w\" sizes=\"auto, (max-width: 1024px) 100vw, 1024px\" \/>\t\t\t\t\t\t\t<\/a>\n\t\t\t\t\t\t<\/div>\n\t\t\t\t\t\t<div class=\"post-image-mask\">\n\t\t\t\t\t\t\t<span><\/span>\n\t\t\t\t\t\t<\/div>\n\t\t\t\t\t\t\t\t\t<\/figure>\n\t\t\t\n\t\t\t\t\t\t<div class=\"wd-post-date wd-style-with-bg\">\n\t\t\t\t<span class=\"post-date-day\">\n\t\t\t\t\t28\t\t\t\t<\/span>\n\t\t\t\t<span class=\"post-date-month\">\n\t\t\t\t\tabr\t\t\t\t<\/span>\n\t\t\t<\/div>\n\t\t\t\t<\/header>\n\n\t\t<div class=\"article-body-container\">\n\t\t\t\t\t\t\t<div class=\"meta-categories-wrapp\">\n\t\t\t\t\t<div class=\"meta-post-categories wd-post-cat wd-style-with-bg\">\n\t\t\t\t\t\t<a href=\"https:\/\/eleve-se.com.br\/categoria\/lugares-incriveis\/\" rel=\"category tag\">Lugares Incr\u00edveis<\/a>\t\t\t\t\t<\/div>\n\t\t\t\t<\/div>\n\t\t\t\n\t\t\t\t\t\t\t<h3 class=\"wd-entities-title title post-title\">\n\t\t\t\t\t<a href=\"https:\/\/eleve-se.com.br\/aproveite-as-boas-energias-de-bonito\/\" rel=\"bookmark\">Aproveite as boas energias de Bonito<\/a>\n\t\t\t\t<\/h3>\n\t\t\t\n\t\t\t\t\t\t\t<div class=\"entry-meta wd-entry-meta\">\n\t\t\t\t\t\t\t\t<ul class=\"entry-meta-list\">\n\t\t\t\t\t\t\t\t\t<li class=\"modified-date\">\n\t\t\t\t\t\t\t\t<time class=\"updated\" datetime=\"2023-06-01T11:05:22-03:00\">\n\t\t\t01\/06\/2023\t\t<\/time>\n\t\t\t\t\t\t\t<\/li>\n\n\t\t\t\t\t\n\t\t\t\t\t\t\t\t\t\t\t<li class=\"meta-author\">\n\t\t\t\t\t\t\t\t\t\t\t\t<span>Por<\/span>\n\t\t\n\t\t\t\t\t<img src=\"https:\/\/eleve-se.com.br\/wp-content\/uploads\/2022\/06\/logo_elevese-50x50.png\" width=\"32\" height=\"32\" srcset=\"https:\/\/eleve-se.com.br\/wp-content\/uploads\/2022\/06\/logo_elevese-75x75.png 2x\" alt=\"Equipe Eleve-se\" class=\"avatar avatar-32 wp-user-avatar wp-user-avatar-32 alignnone photo\" \/>\t\t\n\t\t<a href=\"https:\/\/eleve-se.com.br\/author\/equipe\/\" class=\"author\" rel=\"author\">Equipe Eleve-se<\/a>\n\t\t\t\t\t\t\t\t<\/li>\n\t\t\t\t\t\n\t\t\t\t\t\n\t\t\t\t\t\t\t\t\t\t\t\t<\/ul>\n\t\t\t\t\t\t<\/div>\n\t\t\t\t\t\t\t\n\t\t\t\t\t\t\t\t\t\t\t\t<div class=\"entry-content wd-post-desc\">\n\t\t\t\t\t\tQuando o assunto \u00e9 ecoturismo, belezas naturais e boas energias, Bonito \u00e9 o destino de destaque no Brasil. Al\u00e9m de uma profus\u00e3o de atra...\t\t\t\t\t<\/div>\n\t\t\t\t\n\t\t\t\t\t\t\t\t\t\t\t\t\t\t<p class=\"read-more-section\">\n\t\t\t\t\t\t<a class=\"btn-read-more more-link\" href=\"https:\/\/eleve-se.com.br\/aproveite-as-boas-energias-de-bonito\/\">Continue lendo<\/a>\t\t\t\t\t<\/p>\n\t\t\t\t\t\t\t\t\t\t\t\t\t<\/div>\n\t<\/div>\n<\/article>\n\n\t\t\t\t\t\t\t\t\t\t\t\n<article id=\"post-17871\" class=\"wd-post blog-design-masonry blog-post-loop blog-style-bg wd-add-shadow wd-col post-17871 post type-post status-publish format-standard has-post-thumbnail hentry category-oraculos tag-monte-lunar tag-palma-da-mao tag-quiromancia\">\n\t<div class=\"article-inner\">\n\t\t<header class=\"entry-header\">\n\t\t\t\t\t\t\t<figure class=\"entry-thumbnail\">\n\t\t\t\t\t\t\t\t\t\t\t<div class=\"post-img-wrapp\">\n\t\t\t\t\t\t\t<a href=\"https:\/\/eleve-se.com.br\/aprenda-a-identificar-o-monte-da-lua-na-palma-da-sua-mao\/\">\n\t\t\t\t\t\t\t\t<img width=\"1024\" height=\"576\" src=\"https:\/\/eleve-se.com.br\/wp-content\/uploads\/2022\/04\/aprenda-identificar-monte-da-lua-na-palma-da-sua-mao-1024x576.png\" class=\"attachment-large size-large\" alt=\"\" decoding=\"async\" loading=\"lazy\" srcset=\"https:\/\/eleve-se.com.br\/wp-content\/uploads\/2022\/04\/aprenda-identificar-monte-da-lua-na-palma-da-sua-mao-1024x576.png 1024w, https:\/\/eleve-se.com.br\/wp-content\/uploads\/2022\/04\/aprenda-identificar-monte-da-lua-na-palma-da-sua-mao-800x450.png 800w, https:\/\/eleve-se.com.br\/wp-content\/uploads\/2022\/04\/aprenda-identificar-monte-da-lua-na-palma-da-sua-mao-300x169.png 300w, https:\/\/eleve-se.com.br\/wp-content\/uploads\/2022\/04\/aprenda-identificar-monte-da-lua-na-palma-da-sua-mao-768x432.png 768w, https:\/\/eleve-se.com.br\/wp-content\/uploads\/2022\/04\/aprenda-identificar-monte-da-lua-na-palma-da-sua-mao-260x146.png 260w, https:\/\/eleve-se.com.br\/wp-content\/uploads\/2022\/04\/aprenda-identificar-monte-da-lua-na-palma-da-sua-mao-50x28.png 50w, https:\/\/eleve-se.com.br\/wp-content\/uploads\/2022\/04\/aprenda-identificar-monte-da-lua-na-palma-da-sua-mao-133x75.png 133w, https:\/\/eleve-se.com.br\/wp-content\/uploads\/2022\/04\/aprenda-identificar-monte-da-lua-na-palma-da-sua-mao.png 1280w\" sizes=\"auto, (max-width: 1024px) 100vw, 1024px\" \/>\t\t\t\t\t\t\t<\/a>\n\t\t\t\t\t\t<\/div>\n\t\t\t\t\t\t<div class=\"post-image-mask\">\n\t\t\t\t\t\t\t<span><\/span>\n\t\t\t\t\t\t<\/div>\n\t\t\t\t\t\t\t\t\t<\/figure>\n\t\t\t\n\t\t\t\t\t\t<div class=\"wd-post-date wd-style-with-bg\">\n\t\t\t\t<span class=\"post-date-day\">\n\t\t\t\t\t20\t\t\t\t<\/span>\n\t\t\t\t<span class=\"post-date-month\">\n\t\t\t\t\tabr\t\t\t\t<\/span>\n\t\t\t<\/div>\n\t\t\t\t<\/header>\n\n\t\t<div class=\"article-body-container\">\n\t\t\t\t\t\t\t<div class=\"meta-categories-wrapp\">\n\t\t\t\t\t<div class=\"meta-post-categories wd-post-cat wd-style-with-bg\">\n\t\t\t\t\t\t<a href=\"https:\/\/eleve-se.com.br\/categoria\/oraculos\/\" rel=\"category tag\">Or\u00e1culos<\/a>\t\t\t\t\t<\/div>\n\t\t\t\t<\/div>\n\t\t\t\n\t\t\t\t\t\t\t<h3 class=\"wd-entities-title title post-title\">\n\t\t\t\t\t<a href=\"https:\/\/eleve-se.com.br\/aprenda-a-identificar-o-monte-da-lua-na-palma-da-sua-mao\/\" rel=\"bookmark\">Aprenda a identificar o Monte da Lua na palma da sua m\u00e3o<\/a>\n\t\t\t\t<\/h3>\n\t\t\t\n\t\t\t\t\t\t\t<div class=\"entry-meta wd-entry-meta\">\n\t\t\t\t\t\t\t\t<ul class=\"entry-meta-list\">\n\t\t\t\t\t\t\t\t\t<li class=\"modified-date\">\n\t\t\t\t\t\t\t\t<time class=\"updated\" datetime=\"2023-06-01T11:05:49-03:00\">\n\t\t\t01\/06\/2023\t\t<\/time>\n\t\t\t\t\t\t\t<\/li>\n\n\t\t\t\t\t\n\t\t\t\t\t\t\t\t\t\t\t<li class=\"meta-author\">\n\t\t\t\t\t\t\t\t\t\t\t\t<span>Por<\/span>\n\t\t\n\t\t\t\t\t<img src=\"https:\/\/eleve-se.com.br\/wp-content\/uploads\/2022\/06\/logo_elevese-50x50.png\" width=\"32\" height=\"32\" srcset=\"https:\/\/eleve-se.com.br\/wp-content\/uploads\/2022\/06\/logo_elevese-75x75.png 2x\" alt=\"Equipe Eleve-se\" class=\"avatar avatar-32 wp-user-avatar wp-user-avatar-32 alignnone photo\" \/>\t\t\n\t\t<a href=\"https:\/\/eleve-se.com.br\/author\/equipe\/\" class=\"author\" rel=\"author\">Equipe Eleve-se<\/a>\n\t\t\t\t\t\t\t\t<\/li>\n\t\t\t\t\t\n\t\t\t\t\t\n\t\t\t\t\t\t\t\t\t\t\t\t<\/ul>\n\t\t\t\t\t\t<\/div>\n\t\t\t\t\t\t\t\n\t\t\t\t\t\t\t\t\t\t\t\t<div class=\"entry-content wd-post-desc\">\n\t\t\t\t\t\tAs nossas m\u00e3os s\u00e3o carregadas de sinais e s\u00edmbolos ocultos, repletos de significados. A filosofia que estuda esses sinais \u00e9 a quiromanc...\t\t\t\t\t<\/div>\n\t\t\t\t\n\t\t\t\t\t\t\t\t\t\t\t\t\t\t<p class=\"read-more-section\">\n\t\t\t\t\t\t<a class=\"btn-read-more more-link\" href=\"https:\/\/eleve-se.com.br\/aprenda-a-identificar-o-monte-da-lua-na-palma-da-sua-mao\/\">Continue lendo<\/a>\t\t\t\t\t<\/p>\n\t\t\t\t\t\t\t\t\t\t\t\t\t<\/div>\n\t<\/div>\n<\/article>\n\n\t\t\t\t\t\t\t\t\t\t\t\n<article id=\"post-17781\" class=\"wd-post blog-design-masonry blog-post-loop blog-style-bg wd-add-shadow wd-col post-17781 post type-post status-publish format-standard has-post-thumbnail hentry category-lugares-incriveis tag-descanso tag-turismo tag-zen\">\n\t<div class=\"article-inner\">\n\t\t<header class=\"entry-header\">\n\t\t\t\t\t\t\t<figure class=\"entry-thumbnail\">\n\t\t\t\t\t\t\t\t\t\t\t<div class=\"post-img-wrapp\">\n\t\t\t\t\t\t\t<a href=\"https:\/\/eleve-se.com.br\/4-destinos-para-descansar-a-mente\/\">\n\t\t\t\t\t\t\t\t<img width=\"1024\" height=\"576\" src=\"https:\/\/eleve-se.com.br\/wp-content\/uploads\/2022\/04\/4-destinos-para-descansar-a-mente-1024x576.png\" class=\"attachment-large size-large\" alt=\"\" decoding=\"async\" loading=\"lazy\" srcset=\"https:\/\/eleve-se.com.br\/wp-content\/uploads\/2022\/04\/4-destinos-para-descansar-a-mente-1024x576.png 1024w, https:\/\/eleve-se.com.br\/wp-content\/uploads\/2022\/04\/4-destinos-para-descansar-a-mente-800x450.png 800w, https:\/\/eleve-se.com.br\/wp-content\/uploads\/2022\/04\/4-destinos-para-descansar-a-mente-300x169.png 300w, https:\/\/eleve-se.com.br\/wp-content\/uploads\/2022\/04\/4-destinos-para-descansar-a-mente-768x432.png 768w, https:\/\/eleve-se.com.br\/wp-content\/uploads\/2022\/04\/4-destinos-para-descansar-a-mente-260x146.png 260w, https:\/\/eleve-se.com.br\/wp-content\/uploads\/2022\/04\/4-destinos-para-descansar-a-mente-50x28.png 50w, https:\/\/eleve-se.com.br\/wp-content\/uploads\/2022\/04\/4-destinos-para-descansar-a-mente-133x75.png 133w, https:\/\/eleve-se.com.br\/wp-content\/uploads\/2022\/04\/4-destinos-para-descansar-a-mente.png 1280w\" sizes=\"auto, (max-width: 1024px) 100vw, 1024px\" \/>\t\t\t\t\t\t\t<\/a>\n\t\t\t\t\t\t<\/div>\n\t\t\t\t\t\t<div class=\"post-image-mask\">\n\t\t\t\t\t\t\t<span><\/span>\n\t\t\t\t\t\t<\/div>\n\t\t\t\t\t\t\t\t\t<\/figure>\n\t\t\t\n\t\t\t\t\t\t<div class=\"wd-post-date wd-style-with-bg\">\n\t\t\t\t<span class=\"post-date-day\">\n\t\t\t\t\t14\t\t\t\t<\/span>\n\t\t\t\t<span class=\"post-date-month\">\n\t\t\t\t\tabr\t\t\t\t<\/span>\n\t\t\t<\/div>\n\t\t\t\t<\/header>\n\n\t\t<div class=\"article-body-container\">\n\t\t\t\t\t\t\t<div class=\"meta-categories-wrapp\">\n\t\t\t\t\t<div class=\"meta-post-categories wd-post-cat wd-style-with-bg\">\n\t\t\t\t\t\t<a href=\"https:\/\/eleve-se.com.br\/categoria\/lugares-incriveis\/\" rel=\"category tag\">Lugares Incr\u00edveis<\/a>\t\t\t\t\t<\/div>\n\t\t\t\t<\/div>\n\t\t\t\n\t\t\t\t\t\t\t<h3 class=\"wd-entities-title title post-title\">\n\t\t\t\t\t<a href=\"https:\/\/eleve-se.com.br\/4-destinos-para-descansar-a-mente\/\" rel=\"bookmark\">4 destinos para descansar a mente<\/a>\n\t\t\t\t<\/h3>\n\t\t\t\n\t\t\t\t\t\t\t<div class=\"entry-meta wd-entry-meta\">\n\t\t\t\t\t\t\t\t<ul class=\"entry-meta-list\">\n\t\t\t\t\t\t\t\t\t<li class=\"modified-date\">\n\t\t\t\t\t\t\t\t<time class=\"updated\" datetime=\"2023-06-01T13:58:47-03:00\">\n\t\t\t01\/06\/2023\t\t<\/time>\n\t\t\t\t\t\t\t<\/li>\n\n\t\t\t\t\t\n\t\t\t\t\t\t\t\t\t\t\t<li class=\"meta-author\">\n\t\t\t\t\t\t\t\t\t\t\t\t<span>Por<\/span>\n\t\t\n\t\t\t\t\t<img src=\"https:\/\/eleve-se.com.br\/wp-content\/uploads\/2022\/06\/logo_elevese-50x50.png\" width=\"32\" height=\"32\" srcset=\"https:\/\/eleve-se.com.br\/wp-content\/uploads\/2022\/06\/logo_elevese-75x75.png 2x\" alt=\"Equipe Eleve-se\" class=\"avatar avatar-32 wp-user-avatar wp-user-avatar-32 alignnone photo\" \/>\t\t\n\t\t<a href=\"https:\/\/eleve-se.com.br\/author\/equipe\/\" class=\"author\" rel=\"author\">Equipe Eleve-se<\/a>\n\t\t\t\t\t\t\t\t<\/li>\n\t\t\t\t\t\n\t\t\t\t\t\n\t\t\t\t\t\t\t\t\t\t\t\t<\/ul>\n\t\t\t\t\t\t<\/div>\n\t\t\t\t\t\t\t\n\t\t\t\t\t\t\t\t\t\t\t\t<div class=\"entry-content wd-post-desc\">\n\t\t\t\t\t\tUma pesquisa recente da\u00a0Booking.com\u00a0revelou que 92% dos viajantes brasileiros afirmam que passar um tempo descansando a mente \u00e9 sua mot...\t\t\t\t\t<\/div>\n\t\t\t\t\n\t\t\t\t\t\t\t\t\t\t\t\t\t\t<p class=\"read-more-section\">\n\t\t\t\t\t\t<a class=\"btn-read-more more-link\" href=\"https:\/\/eleve-se.com.br\/4-destinos-para-descansar-a-mente\/\">Continue lendo<\/a>\t\t\t\t\t<\/p>\n\t\t\t\t\t\t\t\t\t\t\t\t\t<\/div>\n\t<\/div>\n<\/article>\n\n\t\t\t\t\t\t\t\t\t\t\t\n<article id=\"post-17715\" class=\"wd-post blog-design-masonry blog-post-loop blog-style-bg wd-add-shadow wd-col post-17715 post type-post status-publish format-standard has-post-thumbnail hentry category-meditacoes-guiadas\">\n\t<div class=\"article-inner\">\n\t\t<header class=\"entry-header\">\n\t\t\t\t\t\t\t<figure class=\"entry-thumbnail\">\n\t\t\t\t\t\t\t\t\t\t\t<div class=\"post-img-wrapp\">\n\t\t\t\t\t\t\t<a href=\"https:\/\/eleve-se.com.br\/conexao-com-os-mestres-da-fraternidade-branca\/\">\n\t\t\t\t\t\t\t\t<img width=\"1024\" height=\"576\" src=\"https:\/\/eleve-se.com.br\/wp-content\/uploads\/2022\/04\/episodio-3-1024x576.png\" class=\"attachment-large size-large\" alt=\"\" decoding=\"async\" loading=\"lazy\" srcset=\"https:\/\/eleve-se.com.br\/wp-content\/uploads\/2022\/04\/episodio-3-1024x576.png 1024w, https:\/\/eleve-se.com.br\/wp-content\/uploads\/2022\/04\/episodio-3-800x450.png 800w, https:\/\/eleve-se.com.br\/wp-content\/uploads\/2022\/04\/episodio-3-300x169.png 300w, https:\/\/eleve-se.com.br\/wp-content\/uploads\/2022\/04\/episodio-3-768x432.png 768w, https:\/\/eleve-se.com.br\/wp-content\/uploads\/2022\/04\/episodio-3-260x146.png 260w, https:\/\/eleve-se.com.br\/wp-content\/uploads\/2022\/04\/episodio-3-50x28.png 50w, https:\/\/eleve-se.com.br\/wp-content\/uploads\/2022\/04\/episodio-3-133x75.png 133w, https:\/\/eleve-se.com.br\/wp-content\/uploads\/2022\/04\/episodio-3.png 1280w\" sizes=\"auto, (max-width: 1024px) 100vw, 1024px\" \/>\t\t\t\t\t\t\t<\/a>\n\t\t\t\t\t\t<\/div>\n\t\t\t\t\t\t<div class=\"post-image-mask\">\n\t\t\t\t\t\t\t<span><\/span>\n\t\t\t\t\t\t<\/div>\n\t\t\t\t\t\t\t\t\t<\/figure>\n\t\t\t\n\t\t\t\t\t\t<div class=\"wd-post-date wd-style-with-bg\">\n\t\t\t\t<span class=\"post-date-day\">\n\t\t\t\t\t08\t\t\t\t<\/span>\n\t\t\t\t<span class=\"post-date-month\">\n\t\t\t\t\tabr\t\t\t\t<\/span>\n\t\t\t<\/div>\n\t\t\t\t<\/header>\n\n\t\t<div class=\"article-body-container\">\n\t\t\t\t\t\t\t<div class=\"meta-categories-wrapp\">\n\t\t\t\t\t<div class=\"meta-post-categories wd-post-cat wd-style-with-bg\">\n\t\t\t\t\t\t<a href=\"https:\/\/eleve-se.com.br\/categoria\/meditacoes-guiadas\/\" rel=\"category tag\">Medita\u00e7\u00f5es Guiadas<\/a>\t\t\t\t\t<\/div>\n\t\t\t\t<\/div>\n\t\t\t\n\t\t\t\t\t\t\t<h3 class=\"wd-entities-title title post-title\">\n\t\t\t\t\t<a href=\"https:\/\/eleve-se.com.br\/conexao-com-os-mestres-da-fraternidade-branca\/\" rel=\"bookmark\">Conex\u00e3o com os mestres da Fraternidade Branca<\/a>\n\t\t\t\t<\/h3>\n\t\t\t\n\t\t\t\t\t\t\t<div class=\"entry-meta wd-entry-meta\">\n\t\t\t\t\t\t\t\t<ul class=\"entry-meta-list\">\n\t\t\t\t\t\t\t\t\t<li class=\"modified-date\">\n\t\t\t\t\t\t\t\t<time class=\"updated\" datetime=\"2023-06-01T14:00:29-03:00\">\n\t\t\t01\/06\/2023\t\t<\/time>\n\t\t\t\t\t\t\t<\/li>\n\n\t\t\t\t\t\n\t\t\t\t\t\t\t\t\t\t\t<li class=\"meta-author\">\n\t\t\t\t\t\t\t\t\t\t\t\t<span>Por<\/span>\n\t\t\n\t\t\t\t\t<img src=\"https:\/\/eleve-se.com.br\/wp-content\/uploads\/2022\/06\/logo_elevese-50x50.png\" width=\"32\" height=\"32\" srcset=\"https:\/\/eleve-se.com.br\/wp-content\/uploads\/2022\/06\/logo_elevese-75x75.png 2x\" alt=\"Equipe Eleve-se\" class=\"avatar avatar-32 wp-user-avatar wp-user-avatar-32 alignnone photo\" \/>\t\t\n\t\t<a href=\"https:\/\/eleve-se.com.br\/author\/equipe\/\" class=\"author\" rel=\"author\">Equipe Eleve-se<\/a>\n\t\t\t\t\t\t\t\t<\/li>\n\t\t\t\t\t\n\t\t\t\t\t\n\t\t\t\t\t\t\t\t\t\t\t\t<\/ul>\n\t\t\t\t\t\t<\/div>\n\t\t\t\t\t\t\t\n\t\t\t\t\t\t\t\t\t\t\t\t<div class=\"entry-content wd-post-desc\">\n\t\t\t\t\t\tNesta medita\u00e7\u00e3o guiada voc\u00ea entrar\u00e1 em contato com os a for\u00e7a dos Mestres Ascensos da Grande Fraternidade Branca. Escolha um lugar tran...\t\t\t\t\t<\/div>\n\t\t\t\t\n\t\t\t\t\t\t\t\t\t\t\t\t\t\t<p class=\"read-more-section\">\n\t\t\t\t\t\t<a class=\"btn-read-more more-link\" href=\"https:\/\/eleve-se.com.br\/conexao-com-os-mestres-da-fraternidade-branca\/\">Continue lendo<\/a>\t\t\t\t\t<\/p>\n\t\t\t\t\t\t\t\t\t\t\t\t\t<\/div>\n\t<\/div>\n<\/article>\n\n\t\t\t\t\t\t\t\t\t\t\t\n<article id=\"post-17711\" class=\"wd-post blog-design-masonry blog-post-loop blog-style-bg wd-add-shadow wd-col post-17711 post type-post status-publish format-standard has-post-thumbnail hentry category-meditacoes-guiadas\">\n\t<div class=\"article-inner\">\n\t\t<header class=\"entry-header\">\n\t\t\t\t\t\t\t<figure class=\"entry-thumbnail\">\n\t\t\t\t\t\t\t\t\t\t\t<div class=\"post-img-wrapp\">\n\t\t\t\t\t\t\t<a href=\"https:\/\/eleve-se.com.br\/conexao-com-o-arcanjo-metatron\/\">\n\t\t\t\t\t\t\t\t<img width=\"1024\" height=\"576\" src=\"https:\/\/eleve-se.com.br\/wp-content\/uploads\/2022\/04\/episodio-2-1024x576.png\" class=\"attachment-large size-large\" alt=\"\" decoding=\"async\" loading=\"lazy\" srcset=\"https:\/\/eleve-se.com.br\/wp-content\/uploads\/2022\/04\/episodio-2-1024x576.png 1024w, https:\/\/eleve-se.com.br\/wp-content\/uploads\/2022\/04\/episodio-2-800x450.png 800w, https:\/\/eleve-se.com.br\/wp-content\/uploads\/2022\/04\/episodio-2-300x169.png 300w, https:\/\/eleve-se.com.br\/wp-content\/uploads\/2022\/04\/episodio-2-768x432.png 768w, https:\/\/eleve-se.com.br\/wp-content\/uploads\/2022\/04\/episodio-2-260x146.png 260w, https:\/\/eleve-se.com.br\/wp-content\/uploads\/2022\/04\/episodio-2-50x28.png 50w, https:\/\/eleve-se.com.br\/wp-content\/uploads\/2022\/04\/episodio-2-133x75.png 133w, https:\/\/eleve-se.com.br\/wp-content\/uploads\/2022\/04\/episodio-2.png 1280w\" sizes=\"auto, (max-width: 1024px) 100vw, 1024px\" \/>\t\t\t\t\t\t\t<\/a>\n\t\t\t\t\t\t<\/div>\n\t\t\t\t\t\t<div class=\"post-image-mask\">\n\t\t\t\t\t\t\t<span><\/span>\n\t\t\t\t\t\t<\/div>\n\t\t\t\t\t\t\t\t\t<\/figure>\n\t\t\t\n\t\t\t\t\t\t<div class=\"wd-post-date wd-style-with-bg\">\n\t\t\t\t<span class=\"post-date-day\">\n\t\t\t\t\t08\t\t\t\t<\/span>\n\t\t\t\t<span class=\"post-date-month\">\n\t\t\t\t\tabr\t\t\t\t<\/span>\n\t\t\t<\/div>\n\t\t\t\t<\/header>\n\n\t\t<div class=\"article-body-container\">\n\t\t\t\t\t\t\t<div class=\"meta-categories-wrapp\">\n\t\t\t\t\t<div class=\"meta-post-categories wd-post-cat wd-style-with-bg\">\n\t\t\t\t\t\t<a href=\"https:\/\/eleve-se.com.br\/categoria\/meditacoes-guiadas\/\" rel=\"category tag\">Medita\u00e7\u00f5es Guiadas<\/a>\t\t\t\t\t<\/div>\n\t\t\t\t<\/div>\n\t\t\t\n\t\t\t\t\t\t\t<h3 class=\"wd-entities-title title post-title\">\n\t\t\t\t\t<a href=\"https:\/\/eleve-se.com.br\/conexao-com-o-arcanjo-metatron\/\" rel=\"bookmark\">Conex\u00e3o com o Arcanjo Metatron<\/a>\n\t\t\t\t<\/h3>\n\t\t\t\n\t\t\t\t\t\t\t<div class=\"entry-meta wd-entry-meta\">\n\t\t\t\t\t\t\t\t<ul class=\"entry-meta-list\">\n\t\t\t\t\t\t\t\t\t<li class=\"modified-date\">\n\t\t\t\t\t\t\t\t<time class=\"updated\" datetime=\"2023-06-01T14:00:35-03:00\">\n\t\t\t01\/06\/2023\t\t<\/time>\n\t\t\t\t\t\t\t<\/li>\n\n\t\t\t\t\t\n\t\t\t\t\t\t\t\t\t\t\t<li class=\"meta-author\">\n\t\t\t\t\t\t\t\t\t\t\t\t<span>Por<\/span>\n\t\t\n\t\t\t\t\t<img src=\"https:\/\/eleve-se.com.br\/wp-content\/uploads\/2022\/06\/logo_elevese-50x50.png\" width=\"32\" height=\"32\" srcset=\"https:\/\/eleve-se.com.br\/wp-content\/uploads\/2022\/06\/logo_elevese-75x75.png 2x\" alt=\"Equipe Eleve-se\" class=\"avatar avatar-32 wp-user-avatar wp-user-avatar-32 alignnone photo\" \/>\t\t\n\t\t<a href=\"https:\/\/eleve-se.com.br\/author\/equipe\/\" class=\"author\" rel=\"author\">Equipe Eleve-se<\/a>\n\t\t\t\t\t\t\t\t<\/li>\n\t\t\t\t\t\n\t\t\t\t\t\n\t\t\t\t\t\t\t\t\t\t\t\t<\/ul>\n\t\t\t\t\t\t<\/div>\n\t\t\t\t\t\t\t\n\t\t\t\t\t\t\t\t\t\t\t\t<div class=\"entry-content wd-post-desc\">\n\t\t\t\t\t\tO Arcanjo Metatron \u00e9 conhecido como o anjo da vida e ele pode ajud\u00e1-lo a descobrir seu poder pessoal. Nesta medita\u00e7\u00e3o voc\u00ea entrar\u00e1 em c...\t\t\t\t\t<\/div>\n\t\t\t\t\n\t\t\t\t\t\t\t\t\t\t\t\t\t\t<p class=\"read-more-section\">\n\t\t\t\t\t\t<a class=\"btn-read-more more-link\" href=\"https:\/\/eleve-se.com.br\/conexao-com-o-arcanjo-metatron\/\">Continue lendo<\/a>\t\t\t\t\t<\/p>\n\t\t\t\t\t\t\t\t\t\t\t\t\t<\/div>\n\t<\/div>\n<\/article>\n\n\t\t\t\t\t\t\t\t\t\t\t\n<article id=\"post-17695\" class=\"wd-post blog-design-masonry blog-post-loop blog-style-bg wd-add-shadow wd-col post-17695 post type-post status-publish format-standard has-post-thumbnail hentry category-religiao tag-entrevista tag-espiritismo tag-livro-espirita\">\n\t<div class=\"article-inner\">\n\t\t<header class=\"entry-header\">\n\t\t\t\t\t\t\t<figure class=\"entry-thumbnail\">\n\t\t\t\t\t\t\t\t\t\t\t<div class=\"post-img-wrapp\">\n\t\t\t\t\t\t\t<a href=\"https:\/\/eleve-se.com.br\/autor-espirita-destaca-a-importancia-do-respeito-por-todas-as-religioes\/\">\n\t\t\t\t\t\t\t\t<img width=\"1024\" height=\"576\" src=\"https:\/\/eleve-se.com.br\/wp-content\/uploads\/2022\/04\/autor-espirita-destaca-a-importancia-do-respeito-por-todas-as-religioes-1024x576.png\" class=\"attachment-large size-large\" alt=\"\" decoding=\"async\" loading=\"lazy\" srcset=\"https:\/\/eleve-se.com.br\/wp-content\/uploads\/2022\/04\/autor-espirita-destaca-a-importancia-do-respeito-por-todas-as-religioes-1024x576.png 1024w, https:\/\/eleve-se.com.br\/wp-content\/uploads\/2022\/04\/autor-espirita-destaca-a-importancia-do-respeito-por-todas-as-religioes-800x450.png 800w, https:\/\/eleve-se.com.br\/wp-content\/uploads\/2022\/04\/autor-espirita-destaca-a-importancia-do-respeito-por-todas-as-religioes-300x169.png 300w, https:\/\/eleve-se.com.br\/wp-content\/uploads\/2022\/04\/autor-espirita-destaca-a-importancia-do-respeito-por-todas-as-religioes-768x432.png 768w, https:\/\/eleve-se.com.br\/wp-content\/uploads\/2022\/04\/autor-espirita-destaca-a-importancia-do-respeito-por-todas-as-religioes-260x146.png 260w, https:\/\/eleve-se.com.br\/wp-content\/uploads\/2022\/04\/autor-espirita-destaca-a-importancia-do-respeito-por-todas-as-religioes-50x28.png 50w, https:\/\/eleve-se.com.br\/wp-content\/uploads\/2022\/04\/autor-espirita-destaca-a-importancia-do-respeito-por-todas-as-religioes-133x75.png 133w, https:\/\/eleve-se.com.br\/wp-content\/uploads\/2022\/04\/autor-espirita-destaca-a-importancia-do-respeito-por-todas-as-religioes.png 1280w\" sizes=\"auto, (max-width: 1024px) 100vw, 1024px\" \/>\t\t\t\t\t\t\t<\/a>\n\t\t\t\t\t\t<\/div>\n\t\t\t\t\t\t<div class=\"post-image-mask\">\n\t\t\t\t\t\t\t<span><\/span>\n\t\t\t\t\t\t<\/div>\n\t\t\t\t\t\t\t\t\t<\/figure>\n\t\t\t\n\t\t\t\t\t\t<div class=\"wd-post-date wd-style-with-bg\">\n\t\t\t\t<span class=\"post-date-day\">\n\t\t\t\t\t08\t\t\t\t<\/span>\n\t\t\t\t<span class=\"post-date-month\">\n\t\t\t\t\tabr\t\t\t\t<\/span>\n\t\t\t<\/div>\n\t\t\t\t<\/header>\n\n\t\t<div class=\"article-body-container\">\n\t\t\t\t\t\t\t<div class=\"meta-categories-wrapp\">\n\t\t\t\t\t<div class=\"meta-post-categories wd-post-cat wd-style-with-bg\">\n\t\t\t\t\t\t<a href=\"https:\/\/eleve-se.com.br\/categoria\/religiao\/\" rel=\"category tag\">Religi\u00e3o<\/a>\t\t\t\t\t<\/div>\n\t\t\t\t<\/div>\n\t\t\t\n\t\t\t\t\t\t\t<h3 class=\"wd-entities-title title post-title\">\n\t\t\t\t\t<a href=\"https:\/\/eleve-se.com.br\/autor-espirita-destaca-a-importancia-do-respeito-por-todas-as-religioes\/\" rel=\"bookmark\">Autor esp\u00edrita destaca a import\u00e2ncia do respeito por todas as religi\u00f5es<\/a>\n\t\t\t\t<\/h3>\n\t\t\t\n\t\t\t\t\t\t\t<div class=\"entry-meta wd-entry-meta\">\n\t\t\t\t\t\t\t\t<ul class=\"entry-meta-list\">\n\t\t\t\t\t\t\t\t\t<li class=\"modified-date\">\n\t\t\t\t\t\t\t\t<time class=\"updated\" datetime=\"2023-06-01T11:06:48-03:00\">\n\t\t\t01\/06\/2023\t\t<\/time>\n\t\t\t\t\t\t\t<\/li>\n\n\t\t\t\t\t\n\t\t\t\t\t\t\t\t\t\t\t<li class=\"meta-author\">\n\t\t\t\t\t\t\t\t\t\t\t\t<span>Por<\/span>\n\t\t\n\t\t\t\t\t<img src=\"https:\/\/eleve-se.com.br\/wp-content\/uploads\/2022\/06\/logo_elevese-50x50.png\" width=\"32\" height=\"32\" srcset=\"https:\/\/eleve-se.com.br\/wp-content\/uploads\/2022\/06\/logo_elevese-75x75.png 2x\" alt=\"Equipe Eleve-se\" class=\"avatar avatar-32 wp-user-avatar wp-user-avatar-32 alignnone photo\" \/>\t\t\n\t\t<a href=\"https:\/\/eleve-se.com.br\/author\/equipe\/\" class=\"author\" rel=\"author\">Equipe Eleve-se<\/a>\n\t\t\t\t\t\t\t\t<\/li>\n\t\t\t\t\t\n\t\t\t\t\t\n\t\t\t\t\t\t\t\t\t\t\t\t<\/ul>\n\t\t\t\t\t\t<\/div>\n\t\t\t\t\t\t\t\n\t\t\t\t\t\t\t\t\t\t\t\t<div class=\"entry-content wd-post-desc\">\n\t\t\t\t\t\tRicardo Ribeiro Alves traz para livro personagens esp\u00edritas, evang\u00e9licos, cat\u00f3licos, ateus e agn\u00f3sticos e promove a diversidade de cren...\t\t\t\t\t<\/div>\n\t\t\t\t\n\t\t\t\t\t\t\t\t\t\t\t\t\t\t<p class=\"read-more-section\">\n\t\t\t\t\t\t<a class=\"btn-read-more more-link\" href=\"https:\/\/eleve-se.com.br\/autor-espirita-destaca-a-importancia-do-respeito-por-todas-as-religioes\/\">Continue lendo<\/a>\t\t\t\t\t<\/p>\n\t\t\t\t\t\t\t\t\t\t\t\t\t<\/div>\n\t<\/div>\n<\/article>\n\n\t\t\t\t\t\n\t\t\t\t\t","status":"have-posts","nextPage":"https:\/\/eleve-se.com.br\/author\/equipe\/page\/11\/?woo_ajax=1","currentPage":"https:\/\/eleve-se.com.br\/author\/equipe\/page\/10"}