
			
				

					
				

			
		{"items":"\n\t\t\t\t\t\t\t\t\t\t\t\n<article id=\"post-17685\" class=\"wd-post blog-design-masonry blog-post-loop blog-style-bg wd-add-shadow wd-col post-17685 post type-post status-publish format-standard has-post-thumbnail hentry category-vida-saudavel tag-agua-solarizada tag-chakras tag-cromoterapia\">\n\t<div class=\"article-inner\">\n\t\t<header class=\"entry-header\">\n\t\t\t\t\t\t\t<figure class=\"entry-thumbnail\">\n\t\t\t\t\t\t\t\t\t\t\t<div class=\"post-img-wrapp\">\n\t\t\t\t\t\t\t<a href=\"https:\/\/eleve-se.com.br\/agua-solarizada-com-cromoterapia-cura-simples-e-eficiente\/\">\n\t\t\t\t\t\t\t\t<img width=\"1024\" height=\"576\" src=\"https:\/\/eleve-se.com.br\/wp-content\/uploads\/2022\/04\/agua-solarizada-com-cromoterapia-cura-simples-e-eficiente-1024x576.png\" class=\"attachment-large size-large\" alt=\"\" decoding=\"async\" fetchpriority=\"high\" srcset=\"https:\/\/eleve-se.com.br\/wp-content\/uploads\/2022\/04\/agua-solarizada-com-cromoterapia-cura-simples-e-eficiente-1024x576.png 1024w, https:\/\/eleve-se.com.br\/wp-content\/uploads\/2022\/04\/agua-solarizada-com-cromoterapia-cura-simples-e-eficiente-800x450.png 800w, https:\/\/eleve-se.com.br\/wp-content\/uploads\/2022\/04\/agua-solarizada-com-cromoterapia-cura-simples-e-eficiente-300x169.png 300w, https:\/\/eleve-se.com.br\/wp-content\/uploads\/2022\/04\/agua-solarizada-com-cromoterapia-cura-simples-e-eficiente-768x432.png 768w, https:\/\/eleve-se.com.br\/wp-content\/uploads\/2022\/04\/agua-solarizada-com-cromoterapia-cura-simples-e-eficiente-260x146.png 260w, https:\/\/eleve-se.com.br\/wp-content\/uploads\/2022\/04\/agua-solarizada-com-cromoterapia-cura-simples-e-eficiente-50x28.png 50w, https:\/\/eleve-se.com.br\/wp-content\/uploads\/2022\/04\/agua-solarizada-com-cromoterapia-cura-simples-e-eficiente-133x75.png 133w, https:\/\/eleve-se.com.br\/wp-content\/uploads\/2022\/04\/agua-solarizada-com-cromoterapia-cura-simples-e-eficiente.png 1280w\" sizes=\"(max-width: 1024px) 100vw, 1024px\" \/>\t\t\t\t\t\t\t<\/a>\n\t\t\t\t\t\t<\/div>\n\t\t\t\t\t\t<div class=\"post-image-mask\">\n\t\t\t\t\t\t\t<span><\/span>\n\t\t\t\t\t\t<\/div>\n\t\t\t\t\t\t\t\t\t<\/figure>\n\t\t\t\n\t\t\t\t\t\t<div class=\"wd-post-date wd-style-with-bg\">\n\t\t\t\t<span class=\"post-date-day\">\n\t\t\t\t\t07\t\t\t\t<\/span>\n\t\t\t\t<span class=\"post-date-month\">\n\t\t\t\t\tabr\t\t\t\t<\/span>\n\t\t\t<\/div>\n\t\t\t\t<\/header>\n\n\t\t<div class=\"article-body-container\">\n\t\t\t\t\t\t\t<div class=\"meta-categories-wrapp\">\n\t\t\t\t\t<div class=\"meta-post-categories wd-post-cat wd-style-with-bg\">\n\t\t\t\t\t\t<a href=\"https:\/\/eleve-se.com.br\/categoria\/vida-saudavel\/\" rel=\"category tag\">Vida Saud\u00e1vel<\/a>\t\t\t\t\t<\/div>\n\t\t\t\t<\/div>\n\t\t\t\n\t\t\t\t\t\t\t<h3 class=\"wd-entities-title title post-title\">\n\t\t\t\t\t<a href=\"https:\/\/eleve-se.com.br\/agua-solarizada-com-cromoterapia-cura-simples-e-eficiente\/\" rel=\"bookmark\">\u00c1gua solarizada com cromoterapia: cura simples e eficiente<\/a>\n\t\t\t\t<\/h3>\n\t\t\t\n\t\t\t\t\t\t\t<div class=\"entry-meta wd-entry-meta\">\n\t\t\t\t\t\t\t\t<ul class=\"entry-meta-list\">\n\t\t\t\t\t\t\t\t\t<li class=\"modified-date\">\n\t\t\t\t\t\t\t\t<time class=\"updated\" datetime=\"2023-06-01T11:06:54-03:00\">\n\t\t\t01\/06\/2023\t\t<\/time>\n\t\t\t\t\t\t\t<\/li>\n\n\t\t\t\t\t\n\t\t\t\t\t\t\t\t\t\t\t<li class=\"meta-author\">\n\t\t\t\t\t\t\t\t\t\t\t\t<span>Por<\/span>\n\t\t\n\t\t\t\t\t<img src=\"https:\/\/eleve-se.com.br\/wp-content\/uploads\/2022\/06\/logo_elevese-50x50.png\" width=\"32\" height=\"32\" srcset=\"https:\/\/eleve-se.com.br\/wp-content\/uploads\/2022\/06\/logo_elevese-75x75.png 2x\" alt=\"Equipe Eleve-se\" class=\"avatar avatar-32 wp-user-avatar wp-user-avatar-32 alignnone photo\" \/>\t\t\n\t\t<a href=\"https:\/\/eleve-se.com.br\/author\/equipe\/\" class=\"author\" rel=\"author\">Equipe Eleve-se<\/a>\n\t\t\t\t\t\t\t\t<\/li>\n\t\t\t\t\t\n\t\t\t\t\t\n\t\t\t\t\t\t\t\t\t\t\t\t<\/ul>\n\t\t\t\t\t\t<\/div>\n\t\t\t\t\t\t\t\n\t\t\t\t\t\t\t\t\t\t\t\t<div class=\"entry-content wd-post-desc\">\n\t\t\t\t\t\tA Cromoterapia \u00e9 uma t\u00e9cnica muito suave que visa reequilibrar a din\u00e2mica da energia do organismo f\u00edsico e emocional e o tratamento faz...\t\t\t\t\t<\/div>\n\t\t\t\t\n\t\t\t\t\t\t\t\t\t\t\t\t\t\t<p class=\"read-more-section\">\n\t\t\t\t\t\t<a class=\"btn-read-more more-link\" href=\"https:\/\/eleve-se.com.br\/agua-solarizada-com-cromoterapia-cura-simples-e-eficiente\/\">Continue lendo<\/a>\t\t\t\t\t<\/p>\n\t\t\t\t\t\t\t\t\t\t\t\t\t<\/div>\n\t<\/div>\n<\/article>\n\n\t\t\t\t\t\t\t\t\t\t\t\n<article id=\"post-17671\" class=\"wd-post blog-design-masonry blog-post-loop blog-style-bg wd-add-shadow wd-col post-17671 post type-post status-publish format-standard has-post-thumbnail hentry category-rituais tag-fases-da-lua tag-lua-cheia tag-lua-crescente tag-lua-minguante tag-lua-nova\">\n\t<div class=\"article-inner\">\n\t\t<header class=\"entry-header\">\n\t\t\t\t\t\t\t<figure class=\"entry-thumbnail\">\n\t\t\t\t\t\t\t\t\t\t\t<div class=\"post-img-wrapp\">\n\t\t\t\t\t\t\t<a href=\"https:\/\/eleve-se.com.br\/aproveite-fases-da-lua-para-realizar-projetos\/\">\n\t\t\t\t\t\t\t\t<img width=\"1024\" height=\"576\" src=\"https:\/\/eleve-se.com.br\/wp-content\/uploads\/2022\/04\/aproveite-as-fases-da-lua-para-realizar-projetos-1024x576.png\" class=\"attachment-large size-large\" alt=\"\" decoding=\"async\" srcset=\"https:\/\/eleve-se.com.br\/wp-content\/uploads\/2022\/04\/aproveite-as-fases-da-lua-para-realizar-projetos-1024x576.png 1024w, https:\/\/eleve-se.com.br\/wp-content\/uploads\/2022\/04\/aproveite-as-fases-da-lua-para-realizar-projetos-150x84.png 150w, https:\/\/eleve-se.com.br\/wp-content\/uploads\/2022\/04\/aproveite-as-fases-da-lua-para-realizar-projetos-800x450.png 800w, https:\/\/eleve-se.com.br\/wp-content\/uploads\/2022\/04\/aproveite-as-fases-da-lua-para-realizar-projetos-300x169.png 300w, https:\/\/eleve-se.com.br\/wp-content\/uploads\/2022\/04\/aproveite-as-fases-da-lua-para-realizar-projetos-768x432.png 768w, https:\/\/eleve-se.com.br\/wp-content\/uploads\/2022\/04\/aproveite-as-fases-da-lua-para-realizar-projetos-260x146.png 260w, https:\/\/eleve-se.com.br\/wp-content\/uploads\/2022\/04\/aproveite-as-fases-da-lua-para-realizar-projetos-50x28.png 50w, https:\/\/eleve-se.com.br\/wp-content\/uploads\/2022\/04\/aproveite-as-fases-da-lua-para-realizar-projetos-133x75.png 133w, https:\/\/eleve-se.com.br\/wp-content\/uploads\/2022\/04\/aproveite-as-fases-da-lua-para-realizar-projetos.png 1280w\" sizes=\"(max-width: 1024px) 100vw, 1024px\" \/>\t\t\t\t\t\t\t<\/a>\n\t\t\t\t\t\t<\/div>\n\t\t\t\t\t\t<div class=\"post-image-mask\">\n\t\t\t\t\t\t\t<span><\/span>\n\t\t\t\t\t\t<\/div>\n\t\t\t\t\t\t\t\t\t<\/figure>\n\t\t\t\n\t\t\t\t\t\t<div class=\"wd-post-date wd-style-with-bg\">\n\t\t\t\t<span class=\"post-date-day\">\n\t\t\t\t\t06\t\t\t\t<\/span>\n\t\t\t\t<span class=\"post-date-month\">\n\t\t\t\t\tabr\t\t\t\t<\/span>\n\t\t\t<\/div>\n\t\t\t\t<\/header>\n\n\t\t<div class=\"article-body-container\">\n\t\t\t\t\t\t\t<div class=\"meta-categories-wrapp\">\n\t\t\t\t\t<div class=\"meta-post-categories wd-post-cat wd-style-with-bg\">\n\t\t\t\t\t\t<a href=\"https:\/\/eleve-se.com.br\/categoria\/rituais\/\" rel=\"category tag\">Rituais<\/a>\t\t\t\t\t<\/div>\n\t\t\t\t<\/div>\n\t\t\t\n\t\t\t\t\t\t\t<h3 class=\"wd-entities-title title post-title\">\n\t\t\t\t\t<a href=\"https:\/\/eleve-se.com.br\/aproveite-fases-da-lua-para-realizar-projetos\/\" rel=\"bookmark\">Aproveite as fases da lua para realizar projetos<\/a>\n\t\t\t\t<\/h3>\n\t\t\t\n\t\t\t\t\t\t\t<div class=\"entry-meta wd-entry-meta\">\n\t\t\t\t\t\t\t\t<ul class=\"entry-meta-list\">\n\t\t\t\t\t\t\t\t\t<li class=\"modified-date\">\n\t\t\t\t\t\t\t\t<time class=\"updated\" datetime=\"2023-06-01T12:05:37-03:00\">\n\t\t\t01\/06\/2023\t\t<\/time>\n\t\t\t\t\t\t\t<\/li>\n\n\t\t\t\t\t\n\t\t\t\t\t\t\t\t\t\t\t<li class=\"meta-author\">\n\t\t\t\t\t\t\t\t\t\t\t\t<span>Por<\/span>\n\t\t\n\t\t\t\t\t<img src=\"https:\/\/eleve-se.com.br\/wp-content\/uploads\/2022\/06\/logo_elevese-50x50.png\" width=\"32\" height=\"32\" srcset=\"https:\/\/eleve-se.com.br\/wp-content\/uploads\/2022\/06\/logo_elevese-75x75.png 2x\" alt=\"Equipe Eleve-se\" class=\"avatar avatar-32 wp-user-avatar wp-user-avatar-32 alignnone photo\" \/>\t\t\n\t\t<a href=\"https:\/\/eleve-se.com.br\/author\/equipe\/\" class=\"author\" rel=\"author\">Equipe Eleve-se<\/a>\n\t\t\t\t\t\t\t\t<\/li>\n\t\t\t\t\t\n\t\t\t\t\t\n\t\t\t\t\t\t\t\t\t\t\t\t<\/ul>\n\t\t\t\t\t\t<\/div>\n\t\t\t\t\t\t\t\n\t\t\t\t\t\t\t\t\t\t\t\t<div class=\"entry-content wd-post-desc\">\n\t\t\t\t\t\tA Lua \u00e9 capaz de influenciar a nossa vida muito mais do que imaginamos. Quer estejamos cientes disso ou n\u00e3o, a energia lunar \u00e9 capaz de...\t\t\t\t\t<\/div>\n\t\t\t\t\n\t\t\t\t\t\t\t\t\t\t\t\t\t\t<p class=\"read-more-section\">\n\t\t\t\t\t\t<a class=\"btn-read-more more-link\" href=\"https:\/\/eleve-se.com.br\/aproveite-fases-da-lua-para-realizar-projetos\/\">Continue lendo<\/a>\t\t\t\t\t<\/p>\n\t\t\t\t\t\t\t\t\t\t\t\t\t<\/div>\n\t<\/div>\n<\/article>\n\n\t\t\t\t\t\t\t\t\t\t\t\n<article id=\"post-17664\" class=\"wd-post blog-design-masonry blog-post-loop blog-style-bg wd-add-shadow wd-col post-17664 post type-post status-publish format-standard has-post-thumbnail hentry category-vida-saudavel tag-alimentacao tag-habitos-saudaveis tag-mitos-e-verdades\">\n\t<div class=\"article-inner\">\n\t\t<header class=\"entry-header\">\n\t\t\t\t\t\t\t<figure class=\"entry-thumbnail\">\n\t\t\t\t\t\t\t\t\t\t\t<div class=\"post-img-wrapp\">\n\t\t\t\t\t\t\t<a href=\"https:\/\/eleve-se.com.br\/mitos-e-verdades-sobre-alimentos-e-habitos-saudaveis\/\">\n\t\t\t\t\t\t\t\t<img width=\"1024\" height=\"576\" src=\"https:\/\/eleve-se.com.br\/wp-content\/uploads\/2022\/04\/mitos-e-verdades-sobre-alimentos-e-habitos-saudaveis-1024x576.png\" class=\"attachment-large size-large\" alt=\"\" decoding=\"async\" loading=\"lazy\" srcset=\"https:\/\/eleve-se.com.br\/wp-content\/uploads\/2022\/04\/mitos-e-verdades-sobre-alimentos-e-habitos-saudaveis-1024x576.png 1024w, https:\/\/eleve-se.com.br\/wp-content\/uploads\/2022\/04\/mitos-e-verdades-sobre-alimentos-e-habitos-saudaveis-800x450.png 800w, https:\/\/eleve-se.com.br\/wp-content\/uploads\/2022\/04\/mitos-e-verdades-sobre-alimentos-e-habitos-saudaveis-300x169.png 300w, https:\/\/eleve-se.com.br\/wp-content\/uploads\/2022\/04\/mitos-e-verdades-sobre-alimentos-e-habitos-saudaveis-768x432.png 768w, https:\/\/eleve-se.com.br\/wp-content\/uploads\/2022\/04\/mitos-e-verdades-sobre-alimentos-e-habitos-saudaveis-260x146.png 260w, https:\/\/eleve-se.com.br\/wp-content\/uploads\/2022\/04\/mitos-e-verdades-sobre-alimentos-e-habitos-saudaveis-50x28.png 50w, https:\/\/eleve-se.com.br\/wp-content\/uploads\/2022\/04\/mitos-e-verdades-sobre-alimentos-e-habitos-saudaveis-133x75.png 133w, https:\/\/eleve-se.com.br\/wp-content\/uploads\/2022\/04\/mitos-e-verdades-sobre-alimentos-e-habitos-saudaveis.png 1280w\" sizes=\"auto, (max-width: 1024px) 100vw, 1024px\" \/>\t\t\t\t\t\t\t<\/a>\n\t\t\t\t\t\t<\/div>\n\t\t\t\t\t\t<div class=\"post-image-mask\">\n\t\t\t\t\t\t\t<span><\/span>\n\t\t\t\t\t\t<\/div>\n\t\t\t\t\t\t\t\t\t<\/figure>\n\t\t\t\n\t\t\t\t\t\t<div class=\"wd-post-date wd-style-with-bg\">\n\t\t\t\t<span class=\"post-date-day\">\n\t\t\t\t\t05\t\t\t\t<\/span>\n\t\t\t\t<span class=\"post-date-month\">\n\t\t\t\t\tabr\t\t\t\t<\/span>\n\t\t\t<\/div>\n\t\t\t\t<\/header>\n\n\t\t<div class=\"article-body-container\">\n\t\t\t\t\t\t\t<div class=\"meta-categories-wrapp\">\n\t\t\t\t\t<div class=\"meta-post-categories wd-post-cat wd-style-with-bg\">\n\t\t\t\t\t\t<a href=\"https:\/\/eleve-se.com.br\/categoria\/vida-saudavel\/\" rel=\"category tag\">Vida Saud\u00e1vel<\/a>\t\t\t\t\t<\/div>\n\t\t\t\t<\/div>\n\t\t\t\n\t\t\t\t\t\t\t<h3 class=\"wd-entities-title title post-title\">\n\t\t\t\t\t<a href=\"https:\/\/eleve-se.com.br\/mitos-e-verdades-sobre-alimentos-e-habitos-saudaveis\/\" rel=\"bookmark\">Mitos e verdades sobre alimentos e h\u00e1bitos saud\u00e1veis<\/a>\n\t\t\t\t<\/h3>\n\t\t\t\n\t\t\t\t\t\t\t<div class=\"entry-meta wd-entry-meta\">\n\t\t\t\t\t\t\t\t<ul class=\"entry-meta-list\">\n\t\t\t\t\t\t\t\t\t<li class=\"modified-date\">\n\t\t\t\t\t\t\t\t<time class=\"updated\" datetime=\"2023-06-01T12:05:42-03:00\">\n\t\t\t01\/06\/2023\t\t<\/time>\n\t\t\t\t\t\t\t<\/li>\n\n\t\t\t\t\t\n\t\t\t\t\t\t\t\t\t\t\t<li class=\"meta-author\">\n\t\t\t\t\t\t\t\t\t\t\t\t<span>Por<\/span>\n\t\t\n\t\t\t\t\t<img src=\"https:\/\/eleve-se.com.br\/wp-content\/uploads\/2022\/06\/logo_elevese-50x50.png\" width=\"32\" height=\"32\" srcset=\"https:\/\/eleve-se.com.br\/wp-content\/uploads\/2022\/06\/logo_elevese-75x75.png 2x\" alt=\"Equipe Eleve-se\" class=\"avatar avatar-32 wp-user-avatar wp-user-avatar-32 alignnone photo\" \/>\t\t\n\t\t<a href=\"https:\/\/eleve-se.com.br\/author\/equipe\/\" class=\"author\" rel=\"author\">Equipe Eleve-se<\/a>\n\t\t\t\t\t\t\t\t<\/li>\n\t\t\t\t\t\n\t\t\t\t\t\n\t\t\t\t\t\t\t\t\t\t\t\t<\/ul>\n\t\t\t\t\t\t<\/div>\n\t\t\t\t\t\t\t\n\t\t\t\t\t\t\t\t\t\t\t\t<div class=\"entry-content wd-post-desc\">\n\t\t\t\t\t\tExistem muitas lendas do senso comum e afirma\u00e7\u00f5es incorretas acerca da alimenta\u00e7\u00e3o e grupos alimentares. Constantemente, \u00e9 poss\u00edvel se ...\t\t\t\t\t<\/div>\n\t\t\t\t\n\t\t\t\t\t\t\t\t\t\t\t\t\t\t<p class=\"read-more-section\">\n\t\t\t\t\t\t<a class=\"btn-read-more more-link\" href=\"https:\/\/eleve-se.com.br\/mitos-e-verdades-sobre-alimentos-e-habitos-saudaveis\/\">Continue lendo<\/a>\t\t\t\t\t<\/p>\n\t\t\t\t\t\t\t\t\t\t\t\t\t<\/div>\n\t<\/div>\n<\/article>\n\n\t\t\t\t\t\t\t\t\t\t\t\n<article id=\"post-17618\" class=\"wd-post blog-design-masonry blog-post-loop blog-style-bg wd-add-shadow wd-col post-17618 post type-post status-publish format-standard has-post-thumbnail hentry category-vida-saudavel tag-alimentacao tag-leite-vegetal\">\n\t<div class=\"article-inner\">\n\t\t<header class=\"entry-header\">\n\t\t\t\t\t\t\t<figure class=\"entry-thumbnail\">\n\t\t\t\t\t\t\t\t\t\t\t<div class=\"post-img-wrapp\">\n\t\t\t\t\t\t\t<a href=\"https:\/\/eleve-se.com.br\/conheca-os-beneficios-do-leite-vegetal\/\">\n\t\t\t\t\t\t\t\t<img width=\"1024\" height=\"576\" src=\"https:\/\/eleve-se.com.br\/wp-content\/uploads\/2022\/03\/conheca-os-beneficios-do-leite-vegetal-1024x576.png\" class=\"attachment-large size-large\" alt=\"\" decoding=\"async\" loading=\"lazy\" srcset=\"https:\/\/eleve-se.com.br\/wp-content\/uploads\/2022\/03\/conheca-os-beneficios-do-leite-vegetal-1024x576.png 1024w, https:\/\/eleve-se.com.br\/wp-content\/uploads\/2022\/03\/conheca-os-beneficios-do-leite-vegetal-800x450.png 800w, https:\/\/eleve-se.com.br\/wp-content\/uploads\/2022\/03\/conheca-os-beneficios-do-leite-vegetal-300x169.png 300w, https:\/\/eleve-se.com.br\/wp-content\/uploads\/2022\/03\/conheca-os-beneficios-do-leite-vegetal-768x432.png 768w, https:\/\/eleve-se.com.br\/wp-content\/uploads\/2022\/03\/conheca-os-beneficios-do-leite-vegetal-260x146.png 260w, https:\/\/eleve-se.com.br\/wp-content\/uploads\/2022\/03\/conheca-os-beneficios-do-leite-vegetal-50x28.png 50w, https:\/\/eleve-se.com.br\/wp-content\/uploads\/2022\/03\/conheca-os-beneficios-do-leite-vegetal-133x75.png 133w, https:\/\/eleve-se.com.br\/wp-content\/uploads\/2022\/03\/conheca-os-beneficios-do-leite-vegetal.png 1280w\" sizes=\"auto, (max-width: 1024px) 100vw, 1024px\" \/>\t\t\t\t\t\t\t<\/a>\n\t\t\t\t\t\t<\/div>\n\t\t\t\t\t\t<div class=\"post-image-mask\">\n\t\t\t\t\t\t\t<span><\/span>\n\t\t\t\t\t\t<\/div>\n\t\t\t\t\t\t\t\t\t<\/figure>\n\t\t\t\n\t\t\t\t\t\t<div class=\"wd-post-date wd-style-with-bg\">\n\t\t\t\t<span class=\"post-date-day\">\n\t\t\t\t\t29\t\t\t\t<\/span>\n\t\t\t\t<span class=\"post-date-month\">\n\t\t\t\t\tmar\t\t\t\t<\/span>\n\t\t\t<\/div>\n\t\t\t\t<\/header>\n\n\t\t<div class=\"article-body-container\">\n\t\t\t\t\t\t\t<div class=\"meta-categories-wrapp\">\n\t\t\t\t\t<div class=\"meta-post-categories wd-post-cat wd-style-with-bg\">\n\t\t\t\t\t\t<a href=\"https:\/\/eleve-se.com.br\/categoria\/vida-saudavel\/\" rel=\"category tag\">Vida Saud\u00e1vel<\/a>\t\t\t\t\t<\/div>\n\t\t\t\t<\/div>\n\t\t\t\n\t\t\t\t\t\t\t<h3 class=\"wd-entities-title title post-title\">\n\t\t\t\t\t<a href=\"https:\/\/eleve-se.com.br\/conheca-os-beneficios-do-leite-vegetal\/\" rel=\"bookmark\">Conhe\u00e7a os benef\u00edcios do leite vegetal<\/a>\n\t\t\t\t<\/h3>\n\t\t\t\n\t\t\t\t\t\t\t<div class=\"entry-meta wd-entry-meta\">\n\t\t\t\t\t\t\t\t<ul class=\"entry-meta-list\">\n\t\t\t\t\t\t\t\t\t<li class=\"modified-date\">\n\t\t\t\t\t\t\t\t<time class=\"updated\" datetime=\"2023-06-01T12:06:06-03:00\">\n\t\t\t01\/06\/2023\t\t<\/time>\n\t\t\t\t\t\t\t<\/li>\n\n\t\t\t\t\t\n\t\t\t\t\t\t\t\t\t\t\t<li class=\"meta-author\">\n\t\t\t\t\t\t\t\t\t\t\t\t<span>Por<\/span>\n\t\t\n\t\t\t\t\t<img src=\"https:\/\/eleve-se.com.br\/wp-content\/uploads\/2022\/06\/logo_elevese-50x50.png\" width=\"32\" height=\"32\" srcset=\"https:\/\/eleve-se.com.br\/wp-content\/uploads\/2022\/06\/logo_elevese-75x75.png 2x\" alt=\"Equipe Eleve-se\" class=\"avatar avatar-32 wp-user-avatar wp-user-avatar-32 alignnone photo\" \/>\t\t\n\t\t<a href=\"https:\/\/eleve-se.com.br\/author\/equipe\/\" class=\"author\" rel=\"author\">Equipe Eleve-se<\/a>\n\t\t\t\t\t\t\t\t<\/li>\n\t\t\t\t\t\n\t\t\t\t\t\n\t\t\t\t\t\t\t\t\t\t\t\t<\/ul>\n\t\t\t\t\t\t<\/div>\n\t\t\t\t\t\t\t\n\t\t\t\t\t\t\t\t\t\t\t\t<div class=\"entry-content wd-post-desc\">\n\t\t\t\t\t\tMesmo que voc\u00ea n\u00e3o tenha nenhuma restri\u00e7\u00e3o alimentar ou n\u00e3o seja adepto ao veganismo, pode gostar de saber que o leite vegetal contribu...\t\t\t\t\t<\/div>\n\t\t\t\t\n\t\t\t\t\t\t\t\t\t\t\t\t\t\t<p class=\"read-more-section\">\n\t\t\t\t\t\t<a class=\"btn-read-more more-link\" href=\"https:\/\/eleve-se.com.br\/conheca-os-beneficios-do-leite-vegetal\/\">Continue lendo<\/a>\t\t\t\t\t<\/p>\n\t\t\t\t\t\t\t\t\t\t\t\t\t<\/div>\n\t<\/div>\n<\/article>\n\n\t\t\t\t\t\t\t\t\t\t\t\n<article id=\"post-17470\" class=\"wd-post blog-design-masonry blog-post-loop blog-style-bg wd-add-shadow wd-col post-17470 post type-post status-publish format-standard has-post-thumbnail hentry category-anjos tag-anjos tag-conexao tag-conexao-espiritual tag-geometria-sagrada tag-metatron tag-protecao\">\n\t<div class=\"article-inner\">\n\t\t<header class=\"entry-header\">\n\t\t\t\t\t\t\t<figure class=\"entry-thumbnail\">\n\t\t\t\t\t\t\t\t\t\t\t<div class=\"post-img-wrapp\">\n\t\t\t\t\t\t\t<a href=\"https:\/\/eleve-se.com.br\/quem-e-o-arcanjo-metatron-e-como-se-conectar-a-ele\/\">\n\t\t\t\t\t\t\t\t<img width=\"1024\" height=\"576\" src=\"https:\/\/eleve-se.com.br\/wp-content\/uploads\/2022\/03\/quem-e-o-arcanjo-metatron-e-como-se-conectar-a-ele-1024x576.png\" class=\"attachment-large size-large\" alt=\"\" decoding=\"async\" loading=\"lazy\" srcset=\"https:\/\/eleve-se.com.br\/wp-content\/uploads\/2022\/03\/quem-e-o-arcanjo-metatron-e-como-se-conectar-a-ele-1024x576.png 1024w, https:\/\/eleve-se.com.br\/wp-content\/uploads\/2022\/03\/quem-e-o-arcanjo-metatron-e-como-se-conectar-a-ele-150x84.png 150w, https:\/\/eleve-se.com.br\/wp-content\/uploads\/2022\/03\/quem-e-o-arcanjo-metatron-e-como-se-conectar-a-ele-800x450.png 800w, https:\/\/eleve-se.com.br\/wp-content\/uploads\/2022\/03\/quem-e-o-arcanjo-metatron-e-como-se-conectar-a-ele-300x169.png 300w, https:\/\/eleve-se.com.br\/wp-content\/uploads\/2022\/03\/quem-e-o-arcanjo-metatron-e-como-se-conectar-a-ele-768x432.png 768w, https:\/\/eleve-se.com.br\/wp-content\/uploads\/2022\/03\/quem-e-o-arcanjo-metatron-e-como-se-conectar-a-ele-260x146.png 260w, https:\/\/eleve-se.com.br\/wp-content\/uploads\/2022\/03\/quem-e-o-arcanjo-metatron-e-como-se-conectar-a-ele-50x28.png 50w, https:\/\/eleve-se.com.br\/wp-content\/uploads\/2022\/03\/quem-e-o-arcanjo-metatron-e-como-se-conectar-a-ele-133x75.png 133w, https:\/\/eleve-se.com.br\/wp-content\/uploads\/2022\/03\/quem-e-o-arcanjo-metatron-e-como-se-conectar-a-ele.png 1280w\" sizes=\"auto, (max-width: 1024px) 100vw, 1024px\" \/>\t\t\t\t\t\t\t<\/a>\n\t\t\t\t\t\t<\/div>\n\t\t\t\t\t\t<div class=\"post-image-mask\">\n\t\t\t\t\t\t\t<span><\/span>\n\t\t\t\t\t\t<\/div>\n\t\t\t\t\t\t\t\t\t<\/figure>\n\t\t\t\n\t\t\t\t\t\t<div class=\"wd-post-date wd-style-with-bg\">\n\t\t\t\t<span class=\"post-date-day\">\n\t\t\t\t\t16\t\t\t\t<\/span>\n\t\t\t\t<span class=\"post-date-month\">\n\t\t\t\t\tmar\t\t\t\t<\/span>\n\t\t\t<\/div>\n\t\t\t\t<\/header>\n\n\t\t<div class=\"article-body-container\">\n\t\t\t\t\t\t\t<div class=\"meta-categories-wrapp\">\n\t\t\t\t\t<div class=\"meta-post-categories wd-post-cat wd-style-with-bg\">\n\t\t\t\t\t\t<a href=\"https:\/\/eleve-se.com.br\/categoria\/anjos\/\" rel=\"category tag\">Anjos<\/a>\t\t\t\t\t<\/div>\n\t\t\t\t<\/div>\n\t\t\t\n\t\t\t\t\t\t\t<h3 class=\"wd-entities-title title post-title\">\n\t\t\t\t\t<a href=\"https:\/\/eleve-se.com.br\/quem-e-o-arcanjo-metatron-e-como-se-conectar-a-ele\/\" rel=\"bookmark\">Quem \u00e9 o Arcanjo Metatron?<\/a>\n\t\t\t\t<\/h3>\n\t\t\t\n\t\t\t\t\t\t\t<div class=\"entry-meta wd-entry-meta\">\n\t\t\t\t\t\t\t\t<ul class=\"entry-meta-list\">\n\t\t\t\t\t\t\t\t\t<li class=\"modified-date\">\n\t\t\t\t\t\t\t\t<time class=\"updated\" datetime=\"2023-06-01T12:07:20-03:00\">\n\t\t\t01\/06\/2023\t\t<\/time>\n\t\t\t\t\t\t\t<\/li>\n\n\t\t\t\t\t\n\t\t\t\t\t\t\t\t\t\t\t<li class=\"meta-author\">\n\t\t\t\t\t\t\t\t\t\t\t\t<span>Por<\/span>\n\t\t\n\t\t\t\t\t<img src=\"https:\/\/eleve-se.com.br\/wp-content\/uploads\/2022\/06\/logo_elevese-50x50.png\" width=\"32\" height=\"32\" srcset=\"https:\/\/eleve-se.com.br\/wp-content\/uploads\/2022\/06\/logo_elevese-75x75.png 2x\" alt=\"Equipe Eleve-se\" class=\"avatar avatar-32 wp-user-avatar wp-user-avatar-32 alignnone photo\" \/>\t\t\n\t\t<a href=\"https:\/\/eleve-se.com.br\/author\/equipe\/\" class=\"author\" rel=\"author\">Equipe Eleve-se<\/a>\n\t\t\t\t\t\t\t\t<\/li>\n\t\t\t\t\t\n\t\t\t\t\t\n\t\t\t\t\t\t\t\t\t\t\t\t<\/ul>\n\t\t\t\t\t\t<\/div>\n\t\t\t\t\t\t\t\n\t\t\t\t\t\t\t\t\t\t\t\t<div class=\"entry-content wd-post-desc\">\n\t\t\t\t\t\tO Arcanjo Metatron \u00e9 conhecido como o \u201cguardi\u00e3o da vida\u201d e considerado o Arcanjo do Empoderamento. Ele \u00e9 um dos \u00fanicos anjos que dizem ...\t\t\t\t\t<\/div>\n\t\t\t\t\n\t\t\t\t\t\t\t\t\t\t\t\t\t\t<p class=\"read-more-section\">\n\t\t\t\t\t\t<a class=\"btn-read-more more-link\" href=\"https:\/\/eleve-se.com.br\/quem-e-o-arcanjo-metatron-e-como-se-conectar-a-ele\/\">Continue lendo<\/a>\t\t\t\t\t<\/p>\n\t\t\t\t\t\t\t\t\t\t\t\t\t<\/div>\n\t<\/div>\n<\/article>\n\n\t\t\t\t\t\t\t\t\t\t\t\n<article id=\"post-17431\" class=\"wd-post blog-design-masonry blog-post-loop blog-style-bg wd-add-shadow wd-col post-17431 post type-post status-publish format-standard has-post-thumbnail hentry category-vida-saudavel tag-agua tag-ayurvedica tag-digestao\">\n\t<div class=\"article-inner\">\n\t\t<header class=\"entry-header\">\n\t\t\t\t\t\t\t<figure class=\"entry-thumbnail\">\n\t\t\t\t\t\t\t\t\t\t\t<div class=\"post-img-wrapp\">\n\t\t\t\t\t\t\t<a href=\"https:\/\/eleve-se.com.br\/por-que-nao-devemos-beber-agua-gelada\/\">\n\t\t\t\t\t\t\t\t<img width=\"1024\" height=\"576\" src=\"https:\/\/eleve-se.com.br\/wp-content\/uploads\/2022\/03\/por-que-nao-devemos-beber-agua-gelada-1024x576.png\" class=\"attachment-large size-large\" alt=\"\" decoding=\"async\" loading=\"lazy\" srcset=\"https:\/\/eleve-se.com.br\/wp-content\/uploads\/2022\/03\/por-que-nao-devemos-beber-agua-gelada-1024x576.png 1024w, https:\/\/eleve-se.com.br\/wp-content\/uploads\/2022\/03\/por-que-nao-devemos-beber-agua-gelada-800x450.png 800w, https:\/\/eleve-se.com.br\/wp-content\/uploads\/2022\/03\/por-que-nao-devemos-beber-agua-gelada-300x169.png 300w, https:\/\/eleve-se.com.br\/wp-content\/uploads\/2022\/03\/por-que-nao-devemos-beber-agua-gelada-768x432.png 768w, https:\/\/eleve-se.com.br\/wp-content\/uploads\/2022\/03\/por-que-nao-devemos-beber-agua-gelada-260x146.png 260w, https:\/\/eleve-se.com.br\/wp-content\/uploads\/2022\/03\/por-que-nao-devemos-beber-agua-gelada-50x28.png 50w, https:\/\/eleve-se.com.br\/wp-content\/uploads\/2022\/03\/por-que-nao-devemos-beber-agua-gelada-133x75.png 133w, https:\/\/eleve-se.com.br\/wp-content\/uploads\/2022\/03\/por-que-nao-devemos-beber-agua-gelada.png 1280w\" sizes=\"auto, (max-width: 1024px) 100vw, 1024px\" \/>\t\t\t\t\t\t\t<\/a>\n\t\t\t\t\t\t<\/div>\n\t\t\t\t\t\t<div class=\"post-image-mask\">\n\t\t\t\t\t\t\t<span><\/span>\n\t\t\t\t\t\t<\/div>\n\t\t\t\t\t\t\t\t\t<\/figure>\n\t\t\t\n\t\t\t\t\t\t<div class=\"wd-post-date wd-style-with-bg\">\n\t\t\t\t<span class=\"post-date-day\">\n\t\t\t\t\t11\t\t\t\t<\/span>\n\t\t\t\t<span class=\"post-date-month\">\n\t\t\t\t\tmar\t\t\t\t<\/span>\n\t\t\t<\/div>\n\t\t\t\t<\/header>\n\n\t\t<div class=\"article-body-container\">\n\t\t\t\t\t\t\t<div class=\"meta-categories-wrapp\">\n\t\t\t\t\t<div class=\"meta-post-categories wd-post-cat wd-style-with-bg\">\n\t\t\t\t\t\t<a href=\"https:\/\/eleve-se.com.br\/categoria\/vida-saudavel\/\" rel=\"category tag\">Vida Saud\u00e1vel<\/a>\t\t\t\t\t<\/div>\n\t\t\t\t<\/div>\n\t\t\t\n\t\t\t\t\t\t\t<h3 class=\"wd-entities-title title post-title\">\n\t\t\t\t\t<a href=\"https:\/\/eleve-se.com.br\/por-que-nao-devemos-beber-agua-gelada\/\" rel=\"bookmark\">Por que n\u00e3o devemos beber \u00e1gua gelada?<\/a>\n\t\t\t\t<\/h3>\n\t\t\t\n\t\t\t\t\t\t\t<div class=\"entry-meta wd-entry-meta\">\n\t\t\t\t\t\t\t\t<ul class=\"entry-meta-list\">\n\t\t\t\t\t\t\t\t\t<li class=\"modified-date\">\n\t\t\t\t\t\t\t\t<time class=\"updated\" datetime=\"2023-06-01T12:07:32-03:00\">\n\t\t\t01\/06\/2023\t\t<\/time>\n\t\t\t\t\t\t\t<\/li>\n\n\t\t\t\t\t\n\t\t\t\t\t\t\t\t\t\t\t<li class=\"meta-author\">\n\t\t\t\t\t\t\t\t\t\t\t\t<span>Por<\/span>\n\t\t\n\t\t\t\t\t<img src=\"https:\/\/eleve-se.com.br\/wp-content\/uploads\/2022\/06\/logo_elevese-50x50.png\" width=\"32\" height=\"32\" srcset=\"https:\/\/eleve-se.com.br\/wp-content\/uploads\/2022\/06\/logo_elevese-75x75.png 2x\" alt=\"Equipe Eleve-se\" class=\"avatar avatar-32 wp-user-avatar wp-user-avatar-32 alignnone photo\" \/>\t\t\n\t\t<a href=\"https:\/\/eleve-se.com.br\/author\/equipe\/\" class=\"author\" rel=\"author\">Equipe Eleve-se<\/a>\n\t\t\t\t\t\t\t\t<\/li>\n\t\t\t\t\t\n\t\t\t\t\t\n\t\t\t\t\t\t\t\t\t\t\t\t<\/ul>\n\t\t\t\t\t\t<\/div>\n\t\t\t\t\t\t\t\n\t\t\t\t\t\t\t\t\t\t\t\t<div class=\"entry-content wd-post-desc\">\n\t\t\t\t\t\tNo ver\u00e3o muitas vezes tudo o que desejamos \u00e9 um belo copo de \u00e1gua gelada, mas de acordo com a medicina Ayurv\u00e9dica a \u00e1gua gelada pode at...\t\t\t\t\t<\/div>\n\t\t\t\t\n\t\t\t\t\t\t\t\t\t\t\t\t\t\t<p class=\"read-more-section\">\n\t\t\t\t\t\t<a class=\"btn-read-more more-link\" href=\"https:\/\/eleve-se.com.br\/por-que-nao-devemos-beber-agua-gelada\/\">Continue lendo<\/a>\t\t\t\t\t<\/p>\n\t\t\t\t\t\t\t\t\t\t\t\t\t<\/div>\n\t<\/div>\n<\/article>\n\n\t\t\t\t\t\t\t\t\t\t\t\n<article id=\"post-17418\" class=\"wd-post blog-design-masonry blog-post-loop blog-style-bg wd-add-shadow wd-col post-17418 post type-post status-publish format-standard has-post-thumbnail hentry category-rituais tag-magia tag-mel\">\n\t<div class=\"article-inner\">\n\t\t<header class=\"entry-header\">\n\t\t\t\t\t\t\t<figure class=\"entry-thumbnail\">\n\t\t\t\t\t\t\t\t\t\t\t<div class=\"post-img-wrapp\">\n\t\t\t\t\t\t\t<a href=\"https:\/\/eleve-se.com.br\/propriedades-magicas-ritualisticas-do-mel\/\">\n\t\t\t\t\t\t\t\t<img width=\"1024\" height=\"576\" src=\"https:\/\/eleve-se.com.br\/wp-content\/uploads\/2022\/03\/propriedades-magicas-ritualisticas-do-mel-1024x576.png\" class=\"attachment-large size-large\" alt=\"\" decoding=\"async\" loading=\"lazy\" srcset=\"https:\/\/eleve-se.com.br\/wp-content\/uploads\/2022\/03\/propriedades-magicas-ritualisticas-do-mel-1024x576.png 1024w, https:\/\/eleve-se.com.br\/wp-content\/uploads\/2022\/03\/propriedades-magicas-ritualisticas-do-mel-800x450.png 800w, https:\/\/eleve-se.com.br\/wp-content\/uploads\/2022\/03\/propriedades-magicas-ritualisticas-do-mel-300x169.png 300w, https:\/\/eleve-se.com.br\/wp-content\/uploads\/2022\/03\/propriedades-magicas-ritualisticas-do-mel-768x432.png 768w, https:\/\/eleve-se.com.br\/wp-content\/uploads\/2022\/03\/propriedades-magicas-ritualisticas-do-mel-260x146.png 260w, https:\/\/eleve-se.com.br\/wp-content\/uploads\/2022\/03\/propriedades-magicas-ritualisticas-do-mel-50x28.png 50w, https:\/\/eleve-se.com.br\/wp-content\/uploads\/2022\/03\/propriedades-magicas-ritualisticas-do-mel-133x75.png 133w, https:\/\/eleve-se.com.br\/wp-content\/uploads\/2022\/03\/propriedades-magicas-ritualisticas-do-mel.png 1280w\" sizes=\"auto, (max-width: 1024px) 100vw, 1024px\" \/>\t\t\t\t\t\t\t<\/a>\n\t\t\t\t\t\t<\/div>\n\t\t\t\t\t\t<div class=\"post-image-mask\">\n\t\t\t\t\t\t\t<span><\/span>\n\t\t\t\t\t\t<\/div>\n\t\t\t\t\t\t\t\t\t<\/figure>\n\t\t\t\n\t\t\t\t\t\t<div class=\"wd-post-date wd-style-with-bg\">\n\t\t\t\t<span class=\"post-date-day\">\n\t\t\t\t\t09\t\t\t\t<\/span>\n\t\t\t\t<span class=\"post-date-month\">\n\t\t\t\t\tmar\t\t\t\t<\/span>\n\t\t\t<\/div>\n\t\t\t\t<\/header>\n\n\t\t<div class=\"article-body-container\">\n\t\t\t\t\t\t\t<div class=\"meta-categories-wrapp\">\n\t\t\t\t\t<div class=\"meta-post-categories wd-post-cat wd-style-with-bg\">\n\t\t\t\t\t\t<a href=\"https:\/\/eleve-se.com.br\/categoria\/rituais\/\" rel=\"category tag\">Rituais<\/a>\t\t\t\t\t<\/div>\n\t\t\t\t<\/div>\n\t\t\t\n\t\t\t\t\t\t\t<h3 class=\"wd-entities-title title post-title\">\n\t\t\t\t\t<a href=\"https:\/\/eleve-se.com.br\/propriedades-magicas-ritualisticas-do-mel\/\" rel=\"bookmark\">Propriedades m\u00e1gicas e ritual\u00edsticas do mel<\/a>\n\t\t\t\t<\/h3>\n\t\t\t\n\t\t\t\t\t\t\t<div class=\"entry-meta wd-entry-meta\">\n\t\t\t\t\t\t\t\t<ul class=\"entry-meta-list\">\n\t\t\t\t\t\t\t\t\t<li class=\"modified-date\">\n\t\t\t\t\t\t\t\t<time class=\"updated\" datetime=\"2023-06-01T14:01:46-03:00\">\n\t\t\t01\/06\/2023\t\t<\/time>\n\t\t\t\t\t\t\t<\/li>\n\n\t\t\t\t\t\n\t\t\t\t\t\t\t\t\t\t\t<li class=\"meta-author\">\n\t\t\t\t\t\t\t\t\t\t\t\t<span>Por<\/span>\n\t\t\n\t\t\t\t\t<img src=\"https:\/\/eleve-se.com.br\/wp-content\/uploads\/2022\/06\/logo_elevese-50x50.png\" width=\"32\" height=\"32\" srcset=\"https:\/\/eleve-se.com.br\/wp-content\/uploads\/2022\/06\/logo_elevese-75x75.png 2x\" alt=\"Equipe Eleve-se\" class=\"avatar avatar-32 wp-user-avatar wp-user-avatar-32 alignnone photo\" \/>\t\t\n\t\t<a href=\"https:\/\/eleve-se.com.br\/author\/equipe\/\" class=\"author\" rel=\"author\">Equipe Eleve-se<\/a>\n\t\t\t\t\t\t\t\t<\/li>\n\t\t\t\t\t\n\t\t\t\t\t\n\t\t\t\t\t\t\t\t\t\t\t\t<\/ul>\n\t\t\t\t\t\t<\/div>\n\t\t\t\t\t\t\t\n\t\t\t\t\t\t\t\t\t\t\t\t<div class=\"entry-content wd-post-desc\">\n\t\t\t\t\t\tO mel \u00e9 um dos alimentos mais antigos, sendo consumido pelos humanos por, pelo menos, 10 mil anos. E al\u00e9m do uso do mel como alimento, ...\t\t\t\t\t<\/div>\n\t\t\t\t\n\t\t\t\t\t\t\t\t\t\t\t\t\t\t<p class=\"read-more-section\">\n\t\t\t\t\t\t<a class=\"btn-read-more more-link\" href=\"https:\/\/eleve-se.com.br\/propriedades-magicas-ritualisticas-do-mel\/\">Continue lendo<\/a>\t\t\t\t\t<\/p>\n\t\t\t\t\t\t\t\t\t\t\t\t\t<\/div>\n\t<\/div>\n<\/article>\n\n\t\t\t\t\t\t\t\t\t\t\t\n<article id=\"post-17411\" class=\"wd-post blog-design-masonry blog-post-loop blog-style-bg wd-add-shadow wd-col post-17411 post type-post status-publish format-standard has-post-thumbnail hentry category-autoconhecimento tag-cocriacao tag-poder-da-mente tag-sonhos\">\n\t<div class=\"article-inner\">\n\t\t<header class=\"entry-header\">\n\t\t\t\t\t\t\t<figure class=\"entry-thumbnail\">\n\t\t\t\t\t\t\t\t\t\t\t<div class=\"post-img-wrapp\">\n\t\t\t\t\t\t\t<a href=\"https:\/\/eleve-se.com.br\/cinco-passos-para-ativar-o-poder-da-mente\/\">\n\t\t\t\t\t\t\t\t<img width=\"1024\" height=\"576\" src=\"https:\/\/eleve-se.com.br\/wp-content\/uploads\/2022\/03\/cinco-passos-para-ativar-o-poder-da-mente-1024x576.png\" class=\"attachment-large size-large\" alt=\"\" decoding=\"async\" loading=\"lazy\" srcset=\"https:\/\/eleve-se.com.br\/wp-content\/uploads\/2022\/03\/cinco-passos-para-ativar-o-poder-da-mente-1024x576.png 1024w, https:\/\/eleve-se.com.br\/wp-content\/uploads\/2022\/03\/cinco-passos-para-ativar-o-poder-da-mente-800x450.png 800w, https:\/\/eleve-se.com.br\/wp-content\/uploads\/2022\/03\/cinco-passos-para-ativar-o-poder-da-mente-300x169.png 300w, https:\/\/eleve-se.com.br\/wp-content\/uploads\/2022\/03\/cinco-passos-para-ativar-o-poder-da-mente-768x432.png 768w, https:\/\/eleve-se.com.br\/wp-content\/uploads\/2022\/03\/cinco-passos-para-ativar-o-poder-da-mente-260x146.png 260w, https:\/\/eleve-se.com.br\/wp-content\/uploads\/2022\/03\/cinco-passos-para-ativar-o-poder-da-mente-50x28.png 50w, https:\/\/eleve-se.com.br\/wp-content\/uploads\/2022\/03\/cinco-passos-para-ativar-o-poder-da-mente-133x75.png 133w, https:\/\/eleve-se.com.br\/wp-content\/uploads\/2022\/03\/cinco-passos-para-ativar-o-poder-da-mente.png 1280w\" sizes=\"auto, (max-width: 1024px) 100vw, 1024px\" \/>\t\t\t\t\t\t\t<\/a>\n\t\t\t\t\t\t<\/div>\n\t\t\t\t\t\t<div class=\"post-image-mask\">\n\t\t\t\t\t\t\t<span><\/span>\n\t\t\t\t\t\t<\/div>\n\t\t\t\t\t\t\t\t\t<\/figure>\n\t\t\t\n\t\t\t\t\t\t<div class=\"wd-post-date wd-style-with-bg\">\n\t\t\t\t<span class=\"post-date-day\">\n\t\t\t\t\t07\t\t\t\t<\/span>\n\t\t\t\t<span class=\"post-date-month\">\n\t\t\t\t\tmar\t\t\t\t<\/span>\n\t\t\t<\/div>\n\t\t\t\t<\/header>\n\n\t\t<div class=\"article-body-container\">\n\t\t\t\t\t\t\t<div class=\"meta-categories-wrapp\">\n\t\t\t\t\t<div class=\"meta-post-categories wd-post-cat wd-style-with-bg\">\n\t\t\t\t\t\t<a href=\"https:\/\/eleve-se.com.br\/categoria\/autoconhecimento\/\" rel=\"category tag\">Autoconhecimento<\/a>\t\t\t\t\t<\/div>\n\t\t\t\t<\/div>\n\t\t\t\n\t\t\t\t\t\t\t<h3 class=\"wd-entities-title title post-title\">\n\t\t\t\t\t<a href=\"https:\/\/eleve-se.com.br\/cinco-passos-para-ativar-o-poder-da-mente\/\" rel=\"bookmark\">Cinco passos para ativar o poder da mente<\/a>\n\t\t\t\t<\/h3>\n\t\t\t\n\t\t\t\t\t\t\t<div class=\"entry-meta wd-entry-meta\">\n\t\t\t\t\t\t\t\t<ul class=\"entry-meta-list\">\n\t\t\t\t\t\t\t\t\t<li class=\"modified-date\">\n\t\t\t\t\t\t\t\t<time class=\"updated\" datetime=\"2023-06-01T14:01:53-03:00\">\n\t\t\t01\/06\/2023\t\t<\/time>\n\t\t\t\t\t\t\t<\/li>\n\n\t\t\t\t\t\n\t\t\t\t\t\t\t\t\t\t\t<li class=\"meta-author\">\n\t\t\t\t\t\t\t\t\t\t\t\t<span>Por<\/span>\n\t\t\n\t\t\t\t\t<img src=\"https:\/\/eleve-se.com.br\/wp-content\/uploads\/2022\/06\/logo_elevese-50x50.png\" width=\"32\" height=\"32\" srcset=\"https:\/\/eleve-se.com.br\/wp-content\/uploads\/2022\/06\/logo_elevese-75x75.png 2x\" alt=\"Equipe Eleve-se\" class=\"avatar avatar-32 wp-user-avatar wp-user-avatar-32 alignnone photo\" \/>\t\t\n\t\t<a href=\"https:\/\/eleve-se.com.br\/author\/equipe\/\" class=\"author\" rel=\"author\">Equipe Eleve-se<\/a>\n\t\t\t\t\t\t\t\t<\/li>\n\t\t\t\t\t\n\t\t\t\t\t\n\t\t\t\t\t\t\t\t\t\t\t\t<\/ul>\n\t\t\t\t\t\t<\/div>\n\t\t\t\t\t\t\t\n\t\t\t\t\t\t\t\t\t\t\t\t<div class=\"entry-content wd-post-desc\">\n\t\t\t\t\t\tDas ondas sonoras do podcast para as p\u00e1ginas dos livros. A mentora de intelig\u00eancia emocional e bem-estar mais ouvida do Spotify Brasil,...\t\t\t\t\t<\/div>\n\t\t\t\t\n\t\t\t\t\t\t\t\t\t\t\t\t\t\t<p class=\"read-more-section\">\n\t\t\t\t\t\t<a class=\"btn-read-more more-link\" href=\"https:\/\/eleve-se.com.br\/cinco-passos-para-ativar-o-poder-da-mente\/\">Continue lendo<\/a>\t\t\t\t\t<\/p>\n\t\t\t\t\t\t\t\t\t\t\t\t\t<\/div>\n\t<\/div>\n<\/article>\n\n\t\t\t\t\t\t\t\t\t\t\t\n<article id=\"post-17341\" class=\"wd-post blog-design-masonry blog-post-loop blog-style-bg wd-add-shadow wd-col post-17341 post type-post status-publish format-standard has-post-thumbnail hentry category-oraculos tag-arcanos-maiores tag-imperatriz tag-taro\">\n\t<div class=\"article-inner\">\n\t\t<header class=\"entry-header\">\n\t\t\t\t\t\t\t<figure class=\"entry-thumbnail\">\n\t\t\t\t\t\t\t\t\t\t\t<div class=\"post-img-wrapp\">\n\t\t\t\t\t\t\t<a href=\"https:\/\/eleve-se.com.br\/tudo-sobre-a-carta-da-imperatriz\/\">\n\t\t\t\t\t\t\t\t<img width=\"1024\" height=\"576\" src=\"https:\/\/eleve-se.com.br\/wp-content\/uploads\/2022\/02\/tudo-sobre-a-carta-da-imperatriz-1024x576.png\" class=\"attachment-large size-large\" alt=\"\" decoding=\"async\" loading=\"lazy\" srcset=\"https:\/\/eleve-se.com.br\/wp-content\/uploads\/2022\/02\/tudo-sobre-a-carta-da-imperatriz-1024x576.png 1024w, https:\/\/eleve-se.com.br\/wp-content\/uploads\/2022\/02\/tudo-sobre-a-carta-da-imperatriz-800x450.png 800w, https:\/\/eleve-se.com.br\/wp-content\/uploads\/2022\/02\/tudo-sobre-a-carta-da-imperatriz-300x169.png 300w, https:\/\/eleve-se.com.br\/wp-content\/uploads\/2022\/02\/tudo-sobre-a-carta-da-imperatriz-768x432.png 768w, https:\/\/eleve-se.com.br\/wp-content\/uploads\/2022\/02\/tudo-sobre-a-carta-da-imperatriz-260x146.png 260w, https:\/\/eleve-se.com.br\/wp-content\/uploads\/2022\/02\/tudo-sobre-a-carta-da-imperatriz-50x28.png 50w, https:\/\/eleve-se.com.br\/wp-content\/uploads\/2022\/02\/tudo-sobre-a-carta-da-imperatriz-133x75.png 133w, https:\/\/eleve-se.com.br\/wp-content\/uploads\/2022\/02\/tudo-sobre-a-carta-da-imperatriz.png 1280w\" sizes=\"auto, (max-width: 1024px) 100vw, 1024px\" \/>\t\t\t\t\t\t\t<\/a>\n\t\t\t\t\t\t<\/div>\n\t\t\t\t\t\t<div class=\"post-image-mask\">\n\t\t\t\t\t\t\t<span><\/span>\n\t\t\t\t\t\t<\/div>\n\t\t\t\t\t\t\t\t\t<\/figure>\n\t\t\t\n\t\t\t\t\t\t<div class=\"wd-post-date wd-style-with-bg\">\n\t\t\t\t<span class=\"post-date-day\">\n\t\t\t\t\t12\t\t\t\t<\/span>\n\t\t\t\t<span class=\"post-date-month\">\n\t\t\t\t\tfev\t\t\t\t<\/span>\n\t\t\t<\/div>\n\t\t\t\t<\/header>\n\n\t\t<div class=\"article-body-container\">\n\t\t\t\t\t\t\t<div class=\"meta-categories-wrapp\">\n\t\t\t\t\t<div class=\"meta-post-categories wd-post-cat wd-style-with-bg\">\n\t\t\t\t\t\t<a href=\"https:\/\/eleve-se.com.br\/categoria\/oraculos\/\" rel=\"category tag\">Or\u00e1culos<\/a>\t\t\t\t\t<\/div>\n\t\t\t\t<\/div>\n\t\t\t\n\t\t\t\t\t\t\t<h3 class=\"wd-entities-title title post-title\">\n\t\t\t\t\t<a href=\"https:\/\/eleve-se.com.br\/tudo-sobre-a-carta-da-imperatriz\/\" rel=\"bookmark\">Tudo sobre a carta da Imperatriz<\/a>\n\t\t\t\t<\/h3>\n\t\t\t\n\t\t\t\t\t\t\t<div class=\"entry-meta wd-entry-meta\">\n\t\t\t\t\t\t\t\t<ul class=\"entry-meta-list\">\n\t\t\t\t\t\t\t\t\t<li class=\"modified-date\">\n\t\t\t\t\t\t\t\t<time class=\"updated\" datetime=\"2023-06-01T14:02:04-03:00\">\n\t\t\t01\/06\/2023\t\t<\/time>\n\t\t\t\t\t\t\t<\/li>\n\n\t\t\t\t\t\n\t\t\t\t\t\t\t\t\t\t\t<li class=\"meta-author\">\n\t\t\t\t\t\t\t\t\t\t\t\t<span>Por<\/span>\n\t\t\n\t\t\t\t\t<img src=\"https:\/\/eleve-se.com.br\/wp-content\/uploads\/2022\/06\/logo_elevese-50x50.png\" width=\"32\" height=\"32\" srcset=\"https:\/\/eleve-se.com.br\/wp-content\/uploads\/2022\/06\/logo_elevese-75x75.png 2x\" alt=\"Equipe Eleve-se\" class=\"avatar avatar-32 wp-user-avatar wp-user-avatar-32 alignnone photo\" \/>\t\t\n\t\t<a href=\"https:\/\/eleve-se.com.br\/author\/equipe\/\" class=\"author\" rel=\"author\">Equipe Eleve-se<\/a>\n\t\t\t\t\t\t\t\t<\/li>\n\t\t\t\t\t\n\t\t\t\t\t\n\t\t\t\t\t\t\t\t\t\t\t\t<\/ul>\n\t\t\t\t\t\t<\/div>\n\t\t\t\t\t\t\t\n\t\t\t\t\t\t\t\t\t\t\t\t<div class=\"entry-content wd-post-desc\">\n\t\t\t\t\t\tO tar\u00f4 \u00e9 uma excelente ferramenta de orienta\u00e7\u00e3o, principalmente naqueles momentos em que nos encontramos sem sa\u00edda. O jogo tradicional ...\t\t\t\t\t<\/div>\n\t\t\t\t\n\t\t\t\t\t\t\t\t\t\t\t\t\t\t<p class=\"read-more-section\">\n\t\t\t\t\t\t<a class=\"btn-read-more more-link\" href=\"https:\/\/eleve-se.com.br\/tudo-sobre-a-carta-da-imperatriz\/\">Continue lendo<\/a>\t\t\t\t\t<\/p>\n\t\t\t\t\t\t\t\t\t\t\t\t\t<\/div>\n\t<\/div>\n<\/article>\n\n\t\t\t\t\t\t\t\t\t\t\t\n<article id=\"post-17301\" class=\"wd-post blog-design-masonry blog-post-loop blog-style-bg wd-add-shadow wd-col post-17301 post type-post status-publish format-standard has-post-thumbnail hentry category-cultura tag-candomble tag-filmes tag-iemanja tag-umbanda\">\n\t<div class=\"article-inner\">\n\t\t<header class=\"entry-header\">\n\t\t\t\t\t\t\t<figure class=\"entry-thumbnail\">\n\t\t\t\t\t\t\t\t\t\t\t<div class=\"post-img-wrapp\">\n\t\t\t\t\t\t\t<a href=\"https:\/\/eleve-se.com.br\/iemanja-sera-tema-de-filme-em-2023\/\">\n\t\t\t\t\t\t\t\t<img width=\"1024\" height=\"576\" src=\"https:\/\/eleve-se.com.br\/wp-content\/uploads\/2022\/02\/iemanja-rainha-do-oceano-2023-1024x576.jpg\" class=\"attachment-large size-large\" alt=\"\" decoding=\"async\" loading=\"lazy\" srcset=\"https:\/\/eleve-se.com.br\/wp-content\/uploads\/2022\/02\/iemanja-rainha-do-oceano-2023-1024x576.jpg 1024w, https:\/\/eleve-se.com.br\/wp-content\/uploads\/2022\/02\/iemanja-rainha-do-oceano-2023-300x169.jpg 300w, https:\/\/eleve-se.com.br\/wp-content\/uploads\/2022\/02\/iemanja-rainha-do-oceano-2023-768x432.jpg 768w, https:\/\/eleve-se.com.br\/wp-content\/uploads\/2022\/02\/iemanja-rainha-do-oceano-2023-260x146.jpg 260w, https:\/\/eleve-se.com.br\/wp-content\/uploads\/2022\/02\/iemanja-rainha-do-oceano-2023-50x28.jpg 50w, https:\/\/eleve-se.com.br\/wp-content\/uploads\/2022\/02\/iemanja-rainha-do-oceano-2023-133x75.jpg 133w, https:\/\/eleve-se.com.br\/wp-content\/uploads\/2022\/02\/iemanja-rainha-do-oceano-2023-800x450.jpg 800w, https:\/\/eleve-se.com.br\/wp-content\/uploads\/2022\/02\/iemanja-rainha-do-oceano-2023-150x84.jpg 150w, https:\/\/eleve-se.com.br\/wp-content\/uploads\/2022\/02\/iemanja-rainha-do-oceano-2023.jpg 1280w\" sizes=\"auto, (max-width: 1024px) 100vw, 1024px\" \/>\t\t\t\t\t\t\t<\/a>\n\t\t\t\t\t\t<\/div>\n\t\t\t\t\t\t<div class=\"post-image-mask\">\n\t\t\t\t\t\t\t<span><\/span>\n\t\t\t\t\t\t<\/div>\n\t\t\t\t\t\t\t\t\t<\/figure>\n\t\t\t\n\t\t\t\t\t\t<div class=\"wd-post-date wd-style-with-bg\">\n\t\t\t\t<span class=\"post-date-day\">\n\t\t\t\t\t10\t\t\t\t<\/span>\n\t\t\t\t<span class=\"post-date-month\">\n\t\t\t\t\tfev\t\t\t\t<\/span>\n\t\t\t<\/div>\n\t\t\t\t<\/header>\n\n\t\t<div class=\"article-body-container\">\n\t\t\t\t\t\t\t<div class=\"meta-categories-wrapp\">\n\t\t\t\t\t<div class=\"meta-post-categories wd-post-cat wd-style-with-bg\">\n\t\t\t\t\t\t<a href=\"https:\/\/eleve-se.com.br\/categoria\/cultura\/\" rel=\"category tag\">Cultura<\/a>\t\t\t\t\t<\/div>\n\t\t\t\t<\/div>\n\t\t\t\n\t\t\t\t\t\t\t<h3 class=\"wd-entities-title title post-title\">\n\t\t\t\t\t<a href=\"https:\/\/eleve-se.com.br\/iemanja-sera-tema-de-filme-em-2023\/\" rel=\"bookmark\">Iemanj\u00e1 ser\u00e1 tema de filme<\/a>\n\t\t\t\t<\/h3>\n\t\t\t\n\t\t\t\t\t\t\t<div class=\"entry-meta wd-entry-meta\">\n\t\t\t\t\t\t\t\t<ul class=\"entry-meta-list\">\n\t\t\t\t\t\t\t\t\t<li class=\"modified-date\">\n\t\t\t\t\t\t\t\t<time class=\"updated\" datetime=\"2025-01-25T14:48:04-03:00\">\n\t\t\t25\/01\/2025\t\t<\/time>\n\t\t\t\t\t\t\t<\/li>\n\n\t\t\t\t\t\n\t\t\t\t\t\t\t\t\t\t\t<li class=\"meta-author\">\n\t\t\t\t\t\t\t\t\t\t\t\t<span>Por<\/span>\n\t\t\n\t\t\t\t\t<img src=\"https:\/\/eleve-se.com.br\/wp-content\/uploads\/2022\/06\/logo_elevese-50x50.png\" width=\"32\" height=\"32\" srcset=\"https:\/\/eleve-se.com.br\/wp-content\/uploads\/2022\/06\/logo_elevese-75x75.png 2x\" alt=\"Equipe Eleve-se\" class=\"avatar avatar-32 wp-user-avatar wp-user-avatar-32 alignnone photo\" \/>\t\t\n\t\t<a href=\"https:\/\/eleve-se.com.br\/author\/equipe\/\" class=\"author\" rel=\"author\">Equipe Eleve-se<\/a>\n\t\t\t\t\t\t\t\t<\/li>\n\t\t\t\t\t\n\t\t\t\t\t\n\t\t\t\t\t\t\t\t\t\t\t\t<\/ul>\n\t\t\t\t\t\t<\/div>\n\t\t\t\t\t\t\t\n\t\t\t\t\t\t\t\t\t\t\t\t<div class=\"entry-content wd-post-desc\">\n\t\t\t\t\t\tIemanj\u00e1 ter\u00e1 uma vers\u00e3o cinematogr\u00e1fica inspirada em franquias de super-her\u00f3is e universos compartilhados. \n\n\n\nO filme sobre a orix\u00e1 ma...\t\t\t\t\t<\/div>\n\t\t\t\t\n\t\t\t\t\t\t\t\t\t\t\t\t\t\t<p class=\"read-more-section\">\n\t\t\t\t\t\t<a class=\"btn-read-more more-link\" href=\"https:\/\/eleve-se.com.br\/iemanja-sera-tema-de-filme-em-2023\/\">Continue lendo<\/a>\t\t\t\t\t<\/p>\n\t\t\t\t\t\t\t\t\t\t\t\t\t<\/div>\n\t<\/div>\n<\/article>\n\n\t\t\t\t\t\n\t\t\t\t\t","status":"have-posts","nextPage":"https:\/\/eleve-se.com.br\/author\/equipe\/page\/12\/?woo_ajax=1","currentPage":"https:\/\/eleve-se.com.br\/author\/equipe\/page\/11"}