
			
				

					
				

			
		{"items":"\n\t\t\t\t\t\t\t\t\t\t\t\n<article id=\"post-19690\" class=\"wd-post blog-design-masonry blog-post-loop blog-style-bg wd-add-shadow wd-col post-19690 post type-post status-publish format-standard has-post-thumbnail hentry category-cultura tag-lancamento tag-livro tag-oraculo\">\n\t<div class=\"article-inner\">\n\t\t<header class=\"entry-header\">\n\t\t\t\t\t\t\t<figure class=\"entry-thumbnail\">\n\t\t\t\t\t\t\t\t\t\t\t<div class=\"post-img-wrapp\">\n\t\t\t\t\t\t\t<a href=\"https:\/\/eleve-se.com.br\/livro-oraculo-a-mensagem-reencontrada-ganha-nova-edicao\/\">\n\t\t\t\t\t\t\t\t<img width=\"1280\" height=\"720\" src=\"https:\/\/eleve-se.com.br\/wp-content\/uploads\/2023\/03\/livro-oraculo-a-mensagem-reencontrada-ganha-nova-edicao.jpg\" class=\"attachment-large size-large\" alt=\"\" decoding=\"async\" fetchpriority=\"high\" srcset=\"https:\/\/eleve-se.com.br\/wp-content\/uploads\/2023\/03\/livro-oraculo-a-mensagem-reencontrada-ganha-nova-edicao.jpg 1280w, https:\/\/eleve-se.com.br\/wp-content\/uploads\/2023\/03\/livro-oraculo-a-mensagem-reencontrada-ganha-nova-edicao-400x225.jpg 400w, https:\/\/eleve-se.com.br\/wp-content\/uploads\/2023\/03\/livro-oraculo-a-mensagem-reencontrada-ganha-nova-edicao-768x432.jpg 768w, https:\/\/eleve-se.com.br\/wp-content\/uploads\/2023\/03\/livro-oraculo-a-mensagem-reencontrada-ganha-nova-edicao-860x484.jpg 860w, https:\/\/eleve-se.com.br\/wp-content\/uploads\/2023\/03\/livro-oraculo-a-mensagem-reencontrada-ganha-nova-edicao-430x242.jpg 430w, https:\/\/eleve-se.com.br\/wp-content\/uploads\/2023\/03\/livro-oraculo-a-mensagem-reencontrada-ganha-nova-edicao-700x394.jpg 700w, https:\/\/eleve-se.com.br\/wp-content\/uploads\/2023\/03\/livro-oraculo-a-mensagem-reencontrada-ganha-nova-edicao-150x84.jpg 150w\" sizes=\"(max-width: 1280px) 100vw, 1280px\" \/>\t\t\t\t\t\t\t<\/a>\n\t\t\t\t\t\t<\/div>\n\t\t\t\t\t\t<div class=\"post-image-mask\">\n\t\t\t\t\t\t\t<span><\/span>\n\t\t\t\t\t\t<\/div>\n\t\t\t\t\t\t\t\t\t<\/figure>\n\t\t\t\n\t\t\t\t\t\t<div class=\"wd-post-date wd-style-with-bg\">\n\t\t\t\t<span class=\"post-date-day\">\n\t\t\t\t\t30\t\t\t\t<\/span>\n\t\t\t\t<span class=\"post-date-month\">\n\t\t\t\t\tmar\t\t\t\t<\/span>\n\t\t\t<\/div>\n\t\t\t\t<\/header>\n\n\t\t<div class=\"article-body-container\">\n\t\t\t\t\t\t\t<div class=\"meta-categories-wrapp\">\n\t\t\t\t\t<div class=\"meta-post-categories wd-post-cat wd-style-with-bg\">\n\t\t\t\t\t\t<a href=\"https:\/\/eleve-se.com.br\/categoria\/cultura\/\" rel=\"category tag\">Cultura<\/a>\t\t\t\t\t<\/div>\n\t\t\t\t<\/div>\n\t\t\t\n\t\t\t\t\t\t\t<h3 class=\"wd-entities-title title post-title\">\n\t\t\t\t\t<a href=\"https:\/\/eleve-se.com.br\/livro-oraculo-a-mensagem-reencontrada-ganha-nova-edicao\/\" rel=\"bookmark\">\u00a0Livro-or\u00e1culo \u201cA Mensagem Reencontrada\u201d ganha nova edi\u00e7\u00e3o<\/a>\n\t\t\t\t<\/h3>\n\t\t\t\n\t\t\t\t\t\t\t<div class=\"entry-meta wd-entry-meta\">\n\t\t\t\t\t\t\t\t<ul class=\"entry-meta-list\">\n\t\t\t\t\t\t\t\t\t<li class=\"modified-date\">\n\t\t\t\t\t\t\t\t<time class=\"updated\" datetime=\"2023-06-01T09:56:52-03:00\">\n\t\t\t01\/06\/2023\t\t<\/time>\n\t\t\t\t\t\t\t<\/li>\n\n\t\t\t\t\t\n\t\t\t\t\t\t\t\t\t\t\t<li class=\"meta-author\">\n\t\t\t\t\t\t\t\t\t\t\t\t<span>Por<\/span>\n\t\t\n\t\t\t\t\t<img src=\"https:\/\/eleve-se.com.br\/wp-content\/uploads\/2022\/06\/logo_elevese-50x50.png\" width=\"32\" height=\"32\" srcset=\"https:\/\/eleve-se.com.br\/wp-content\/uploads\/2022\/06\/logo_elevese-75x75.png 2x\" alt=\"Equipe Eleve-se\" class=\"avatar avatar-32 wp-user-avatar wp-user-avatar-32 alignnone photo\" \/>\t\t\n\t\t<a href=\"https:\/\/eleve-se.com.br\/author\/equipe\/\" class=\"author\" rel=\"author\">Equipe Eleve-se<\/a>\n\t\t\t\t\t\t\t\t<\/li>\n\t\t\t\t\t\n\t\t\t\t\t\n\t\t\t\t\t\t\t\t\t\t\t\t<\/ul>\n\t\t\t\t\t\t<\/div>\n\t\t\t\t\t\t\t\n\t\t\t\t\t\t\t\t\t\t\t\t<div class=\"entry-content wd-post-desc\">\n\t\t\t\t\t\tUm Livro-or\u00e1culo, que pode ser aberto ao acaso, e que responde \u00e0s perguntas que lhe s\u00e3o feitas. Uma \u201cbiblio-mancia\u201d (magia realizada po...\t\t\t\t\t<\/div>\n\t\t\t\t\n\t\t\t\t\t\t\t\t\t\t\t\t\t\t<p class=\"read-more-section\">\n\t\t\t\t\t\t<a class=\"btn-read-more more-link\" href=\"https:\/\/eleve-se.com.br\/livro-oraculo-a-mensagem-reencontrada-ganha-nova-edicao\/\">Continue lendo<\/a>\t\t\t\t\t<\/p>\n\t\t\t\t\t\t\t\t\t\t\t\t\t<\/div>\n\t<\/div>\n<\/article>\n\n\t\t\t\t\t\t\t\t\t\t\t\n<article id=\"post-19660\" class=\"wd-post blog-design-masonry blog-post-loop blog-style-bg wd-add-shadow wd-col post-19660 post type-post status-publish format-standard has-post-thumbnail hentry category-cultura tag-autoconhecimento tag-filmes\">\n\t<div class=\"article-inner\">\n\t\t<header class=\"entry-header\">\n\t\t\t\t\t\t\t<figure class=\"entry-thumbnail\">\n\t\t\t\t\t\t\t\t\t\t\t<div class=\"post-img-wrapp\">\n\t\t\t\t\t\t\t<a href=\"https:\/\/eleve-se.com.br\/5-filmes-que-abordam-a-constelacao-familiar\/\">\n\t\t\t\t\t\t\t\t<img width=\"1280\" height=\"720\" src=\"https:\/\/eleve-se.com.br\/wp-content\/uploads\/2023\/03\/5-filmes-que-abordam-a-constelacao-familiar.jpg\" class=\"attachment-large size-large\" alt=\"\" decoding=\"async\" srcset=\"https:\/\/eleve-se.com.br\/wp-content\/uploads\/2023\/03\/5-filmes-que-abordam-a-constelacao-familiar.jpg 1280w, https:\/\/eleve-se.com.br\/wp-content\/uploads\/2023\/03\/5-filmes-que-abordam-a-constelacao-familiar-400x225.jpg 400w, https:\/\/eleve-se.com.br\/wp-content\/uploads\/2023\/03\/5-filmes-que-abordam-a-constelacao-familiar-768x432.jpg 768w, https:\/\/eleve-se.com.br\/wp-content\/uploads\/2023\/03\/5-filmes-que-abordam-a-constelacao-familiar-860x484.jpg 860w, https:\/\/eleve-se.com.br\/wp-content\/uploads\/2023\/03\/5-filmes-que-abordam-a-constelacao-familiar-430x242.jpg 430w, https:\/\/eleve-se.com.br\/wp-content\/uploads\/2023\/03\/5-filmes-que-abordam-a-constelacao-familiar-700x394.jpg 700w, https:\/\/eleve-se.com.br\/wp-content\/uploads\/2023\/03\/5-filmes-que-abordam-a-constelacao-familiar-150x84.jpg 150w\" sizes=\"(max-width: 1280px) 100vw, 1280px\" \/>\t\t\t\t\t\t\t<\/a>\n\t\t\t\t\t\t<\/div>\n\t\t\t\t\t\t<div class=\"post-image-mask\">\n\t\t\t\t\t\t\t<span><\/span>\n\t\t\t\t\t\t<\/div>\n\t\t\t\t\t\t\t\t\t<\/figure>\n\t\t\t\n\t\t\t\t\t\t<div class=\"wd-post-date wd-style-with-bg\">\n\t\t\t\t<span class=\"post-date-day\">\n\t\t\t\t\t17\t\t\t\t<\/span>\n\t\t\t\t<span class=\"post-date-month\">\n\t\t\t\t\tmar\t\t\t\t<\/span>\n\t\t\t<\/div>\n\t\t\t\t<\/header>\n\n\t\t<div class=\"article-body-container\">\n\t\t\t\t\t\t\t<div class=\"meta-categories-wrapp\">\n\t\t\t\t\t<div class=\"meta-post-categories wd-post-cat wd-style-with-bg\">\n\t\t\t\t\t\t<a href=\"https:\/\/eleve-se.com.br\/categoria\/cultura\/\" rel=\"category tag\">Cultura<\/a>\t\t\t\t\t<\/div>\n\t\t\t\t<\/div>\n\t\t\t\n\t\t\t\t\t\t\t<h3 class=\"wd-entities-title title post-title\">\n\t\t\t\t\t<a href=\"https:\/\/eleve-se.com.br\/5-filmes-que-abordam-a-constelacao-familiar\/\" rel=\"bookmark\">5 filmes que abordam a constela\u00e7\u00e3o familiar<\/a>\n\t\t\t\t<\/h3>\n\t\t\t\n\t\t\t\t\t\t\t<div class=\"entry-meta wd-entry-meta\">\n\t\t\t\t\t\t\t\t<ul class=\"entry-meta-list\">\n\t\t\t\t\t\t\t\t\t<li class=\"modified-date\">\n\t\t\t\t\t\t\t\t<time class=\"updated\" datetime=\"2023-06-01T09:41:24-03:00\">\n\t\t\t01\/06\/2023\t\t<\/time>\n\t\t\t\t\t\t\t<\/li>\n\n\t\t\t\t\t\n\t\t\t\t\t\t\t\t\t\t\t<li class=\"meta-author\">\n\t\t\t\t\t\t\t\t\t\t\t\t<span>Por<\/span>\n\t\t\n\t\t\t\t\t<img src=\"https:\/\/eleve-se.com.br\/wp-content\/uploads\/2022\/06\/logo_elevese-50x50.png\" width=\"32\" height=\"32\" srcset=\"https:\/\/eleve-se.com.br\/wp-content\/uploads\/2022\/06\/logo_elevese-75x75.png 2x\" alt=\"Equipe Eleve-se\" class=\"avatar avatar-32 wp-user-avatar wp-user-avatar-32 alignnone photo\" \/>\t\t\n\t\t<a href=\"https:\/\/eleve-se.com.br\/author\/equipe\/\" class=\"author\" rel=\"author\">Equipe Eleve-se<\/a>\n\t\t\t\t\t\t\t\t<\/li>\n\t\t\t\t\t\n\t\t\t\t\t\n\t\t\t\t\t\t\t\t\t\t\t\t<\/ul>\n\t\t\t\t\t\t<\/div>\n\t\t\t\t\t\t\t\n\t\t\t\t\t\t\t\t\t\t\t\t<div class=\"entry-content wd-post-desc\">\n\t\t\t\t\t\tE a premia\u00e7\u00e3o do Oscar diz muito sobre isso. Entre as grandes indica\u00e7\u00f5es para a edi\u00e7\u00e3o deste ano, alguns nomes abrangem um tema importa...\t\t\t\t\t<\/div>\n\t\t\t\t\n\t\t\t\t\t\t\t\t\t\t\t\t\t\t<p class=\"read-more-section\">\n\t\t\t\t\t\t<a class=\"btn-read-more more-link\" href=\"https:\/\/eleve-se.com.br\/5-filmes-que-abordam-a-constelacao-familiar\/\">Continue lendo<\/a>\t\t\t\t\t<\/p>\n\t\t\t\t\t\t\t\t\t\t\t\t\t<\/div>\n\t<\/div>\n<\/article>\n\n\t\t\t\t\t\t\t\t\t\t\t\n<article id=\"post-19648\" class=\"wd-post blog-design-masonry blog-post-loop blog-style-bg wd-add-shadow wd-col post-19648 post type-post status-publish format-standard has-post-thumbnail hentry category-oraculos tag-palma-da-mao tag-quiromancia\">\n\t<div class=\"article-inner\">\n\t\t<header class=\"entry-header\">\n\t\t\t\t\t\t\t<figure class=\"entry-thumbnail\">\n\t\t\t\t\t\t\t\t\t\t\t<div class=\"post-img-wrapp\">\n\t\t\t\t\t\t\t<a href=\"https:\/\/eleve-se.com.br\/quiromancia-como-interpretar-a-linha-da-vida\/\">\n\t\t\t\t\t\t\t\t<img width=\"1280\" height=\"720\" src=\"https:\/\/eleve-se.com.br\/wp-content\/uploads\/2023\/03\/quiromancia-como-interpretar-a-linha-da-vida.jpg\" class=\"attachment-large size-large\" alt=\"\" decoding=\"async\" loading=\"lazy\" srcset=\"https:\/\/eleve-se.com.br\/wp-content\/uploads\/2023\/03\/quiromancia-como-interpretar-a-linha-da-vida.jpg 1280w, https:\/\/eleve-se.com.br\/wp-content\/uploads\/2023\/03\/quiromancia-como-interpretar-a-linha-da-vida-400x225.jpg 400w, https:\/\/eleve-se.com.br\/wp-content\/uploads\/2023\/03\/quiromancia-como-interpretar-a-linha-da-vida-768x432.jpg 768w, https:\/\/eleve-se.com.br\/wp-content\/uploads\/2023\/03\/quiromancia-como-interpretar-a-linha-da-vida-860x484.jpg 860w, https:\/\/eleve-se.com.br\/wp-content\/uploads\/2023\/03\/quiromancia-como-interpretar-a-linha-da-vida-430x242.jpg 430w, https:\/\/eleve-se.com.br\/wp-content\/uploads\/2023\/03\/quiromancia-como-interpretar-a-linha-da-vida-700x394.jpg 700w, https:\/\/eleve-se.com.br\/wp-content\/uploads\/2023\/03\/quiromancia-como-interpretar-a-linha-da-vida-150x84.jpg 150w\" sizes=\"auto, (max-width: 1280px) 100vw, 1280px\" \/>\t\t\t\t\t\t\t<\/a>\n\t\t\t\t\t\t<\/div>\n\t\t\t\t\t\t<div class=\"post-image-mask\">\n\t\t\t\t\t\t\t<span><\/span>\n\t\t\t\t\t\t<\/div>\n\t\t\t\t\t\t\t\t\t<\/figure>\n\t\t\t\n\t\t\t\t\t\t<div class=\"wd-post-date wd-style-with-bg\">\n\t\t\t\t<span class=\"post-date-day\">\n\t\t\t\t\t13\t\t\t\t<\/span>\n\t\t\t\t<span class=\"post-date-month\">\n\t\t\t\t\tmar\t\t\t\t<\/span>\n\t\t\t<\/div>\n\t\t\t\t<\/header>\n\n\t\t<div class=\"article-body-container\">\n\t\t\t\t\t\t\t<div class=\"meta-categories-wrapp\">\n\t\t\t\t\t<div class=\"meta-post-categories wd-post-cat wd-style-with-bg\">\n\t\t\t\t\t\t<a href=\"https:\/\/eleve-se.com.br\/categoria\/oraculos\/\" rel=\"category tag\">Or\u00e1culos<\/a>\t\t\t\t\t<\/div>\n\t\t\t\t<\/div>\n\t\t\t\n\t\t\t\t\t\t\t<h3 class=\"wd-entities-title title post-title\">\n\t\t\t\t\t<a href=\"https:\/\/eleve-se.com.br\/quiromancia-como-interpretar-a-linha-da-vida\/\" rel=\"bookmark\">Quiromancia: como interpretar a linha da vida<\/a>\n\t\t\t\t<\/h3>\n\t\t\t\n\t\t\t\t\t\t\t<div class=\"entry-meta wd-entry-meta\">\n\t\t\t\t\t\t\t\t<ul class=\"entry-meta-list\">\n\t\t\t\t\t\t\t\t\t<li class=\"modified-date\">\n\t\t\t\t\t\t\t\t<time class=\"updated\" datetime=\"2023-06-01T09:41:28-03:00\">\n\t\t\t01\/06\/2023\t\t<\/time>\n\t\t\t\t\t\t\t<\/li>\n\n\t\t\t\t\t\n\t\t\t\t\t\t\t\t\t\t\t<li class=\"meta-author\">\n\t\t\t\t\t\t\t\t\t\t\t\t<span>Por<\/span>\n\t\t\n\t\t\t\t\t<img src=\"https:\/\/eleve-se.com.br\/wp-content\/uploads\/2022\/06\/logo_elevese-50x50.png\" width=\"32\" height=\"32\" srcset=\"https:\/\/eleve-se.com.br\/wp-content\/uploads\/2022\/06\/logo_elevese-75x75.png 2x\" alt=\"Equipe Eleve-se\" class=\"avatar avatar-32 wp-user-avatar wp-user-avatar-32 alignnone photo\" \/>\t\t\n\t\t<a href=\"https:\/\/eleve-se.com.br\/author\/equipe\/\" class=\"author\" rel=\"author\">Equipe Eleve-se<\/a>\n\t\t\t\t\t\t\t\t<\/li>\n\t\t\t\t\t\n\t\t\t\t\t\n\t\t\t\t\t\t\t\t\t\t\t\t<\/ul>\n\t\t\t\t\t\t<\/div>\n\t\t\t\t\t\t\t\n\t\t\t\t\t\t\t\t\t\t\t\t<div class=\"entry-content wd-post-desc\">\n\t\t\t\t\t\tA quiromancia \u00e9 uma t\u00e9cnica milenar de adivinha\u00e7\u00e3o que se baseia na interpreta\u00e7\u00e3o das linhas das m\u00e3os, bem como suas formas e marcas.\n\n...\t\t\t\t\t<\/div>\n\t\t\t\t\n\t\t\t\t\t\t\t\t\t\t\t\t\t\t<p class=\"read-more-section\">\n\t\t\t\t\t\t<a class=\"btn-read-more more-link\" href=\"https:\/\/eleve-se.com.br\/quiromancia-como-interpretar-a-linha-da-vida\/\">Continue lendo<\/a>\t\t\t\t\t<\/p>\n\t\t\t\t\t\t\t\t\t\t\t\t\t<\/div>\n\t<\/div>\n<\/article>\n\n\t\t\t\t\t\t\t\t\t\t\t\n<article id=\"post-19595\" class=\"wd-post blog-design-masonry blog-post-loop blog-style-bg wd-add-shadow wd-col post-19595 post type-post status-publish format-standard has-post-thumbnail hentry category-religiao tag-livro tag-livros tag-oracao\">\n\t<div class=\"article-inner\">\n\t\t<header class=\"entry-header\">\n\t\t\t\t\t\t\t<figure class=\"entry-thumbnail\">\n\t\t\t\t\t\t\t\t\t\t\t<div class=\"post-img-wrapp\">\n\t\t\t\t\t\t\t<a href=\"https:\/\/eleve-se.com.br\/10-livros-que-te-ajudam-a-orar\/\">\n\t\t\t\t\t\t\t\t<img width=\"1280\" height=\"720\" src=\"https:\/\/eleve-se.com.br\/wp-content\/uploads\/2023\/03\/10-livros-que-te-ajudam-a-orar.jpg\" class=\"attachment-large size-large\" alt=\"\" decoding=\"async\" loading=\"lazy\" srcset=\"https:\/\/eleve-se.com.br\/wp-content\/uploads\/2023\/03\/10-livros-que-te-ajudam-a-orar.jpg 1280w, https:\/\/eleve-se.com.br\/wp-content\/uploads\/2023\/03\/10-livros-que-te-ajudam-a-orar-400x225.jpg 400w, https:\/\/eleve-se.com.br\/wp-content\/uploads\/2023\/03\/10-livros-que-te-ajudam-a-orar-768x432.jpg 768w, https:\/\/eleve-se.com.br\/wp-content\/uploads\/2023\/03\/10-livros-que-te-ajudam-a-orar-860x484.jpg 860w, https:\/\/eleve-se.com.br\/wp-content\/uploads\/2023\/03\/10-livros-que-te-ajudam-a-orar-430x242.jpg 430w, https:\/\/eleve-se.com.br\/wp-content\/uploads\/2023\/03\/10-livros-que-te-ajudam-a-orar-700x394.jpg 700w, https:\/\/eleve-se.com.br\/wp-content\/uploads\/2023\/03\/10-livros-que-te-ajudam-a-orar-150x84.jpg 150w\" sizes=\"auto, (max-width: 1280px) 100vw, 1280px\" \/>\t\t\t\t\t\t\t<\/a>\n\t\t\t\t\t\t<\/div>\n\t\t\t\t\t\t<div class=\"post-image-mask\">\n\t\t\t\t\t\t\t<span><\/span>\n\t\t\t\t\t\t<\/div>\n\t\t\t\t\t\t\t\t\t<\/figure>\n\t\t\t\n\t\t\t\t\t\t<div class=\"wd-post-date wd-style-with-bg\">\n\t\t\t\t<span class=\"post-date-day\">\n\t\t\t\t\t01\t\t\t\t<\/span>\n\t\t\t\t<span class=\"post-date-month\">\n\t\t\t\t\tmar\t\t\t\t<\/span>\n\t\t\t<\/div>\n\t\t\t\t<\/header>\n\n\t\t<div class=\"article-body-container\">\n\t\t\t\t\t\t\t<div class=\"meta-categories-wrapp\">\n\t\t\t\t\t<div class=\"meta-post-categories wd-post-cat wd-style-with-bg\">\n\t\t\t\t\t\t<a href=\"https:\/\/eleve-se.com.br\/categoria\/religiao\/\" rel=\"category tag\">Religi\u00e3o<\/a>\t\t\t\t\t<\/div>\n\t\t\t\t<\/div>\n\t\t\t\n\t\t\t\t\t\t\t<h3 class=\"wd-entities-title title post-title\">\n\t\t\t\t\t<a href=\"https:\/\/eleve-se.com.br\/10-livros-que-te-ajudam-a-orar\/\" rel=\"bookmark\">10 livros que te ajudam a orar<\/a>\n\t\t\t\t<\/h3>\n\t\t\t\n\t\t\t\t\t\t\t<div class=\"entry-meta wd-entry-meta\">\n\t\t\t\t\t\t\t\t<ul class=\"entry-meta-list\">\n\t\t\t\t\t\t\t\t\t<li class=\"modified-date\">\n\t\t\t\t\t\t\t\t<time class=\"updated\" datetime=\"2023-06-01T09:41:52-03:00\">\n\t\t\t01\/06\/2023\t\t<\/time>\n\t\t\t\t\t\t\t<\/li>\n\n\t\t\t\t\t\n\t\t\t\t\t\t\t\t\t\t\t<li class=\"meta-author\">\n\t\t\t\t\t\t\t\t\t\t\t\t<span>Por<\/span>\n\t\t\n\t\t\t\t\t<img src=\"https:\/\/eleve-se.com.br\/wp-content\/uploads\/2022\/06\/logo_elevese-50x50.png\" width=\"32\" height=\"32\" srcset=\"https:\/\/eleve-se.com.br\/wp-content\/uploads\/2022\/06\/logo_elevese-75x75.png 2x\" alt=\"Equipe Eleve-se\" class=\"avatar avatar-32 wp-user-avatar wp-user-avatar-32 alignnone photo\" \/>\t\t\n\t\t<a href=\"https:\/\/eleve-se.com.br\/author\/equipe\/\" class=\"author\" rel=\"author\">Equipe Eleve-se<\/a>\n\t\t\t\t\t\t\t\t<\/li>\n\t\t\t\t\t\n\t\t\t\t\t\n\t\t\t\t\t\t\t\t\t\t\t\t<\/ul>\n\t\t\t\t\t\t<\/div>\n\t\t\t\t\t\t\t\n\t\t\t\t\t\t\t\t\t\t\t\t<div class=\"entry-content wd-post-desc\">\n\t\t\t\t\t\tSe existe um ritual que abra\u00e7a todas as religi\u00f5es \u00e9 a ora\u00e7\u00e3o. Em casa, nos templos, nas igrejas, em um relic\u00e1rio ou no terreiro, o elem...\t\t\t\t\t<\/div>\n\t\t\t\t\n\t\t\t\t\t\t\t\t\t\t\t\t\t\t<p class=\"read-more-section\">\n\t\t\t\t\t\t<a class=\"btn-read-more more-link\" href=\"https:\/\/eleve-se.com.br\/10-livros-que-te-ajudam-a-orar\/\">Continue lendo<\/a>\t\t\t\t\t<\/p>\n\t\t\t\t\t\t\t\t\t\t\t\t\t<\/div>\n\t<\/div>\n<\/article>\n\n\t\t\t\t\t\t\t\t\t\t\t\n<article id=\"post-19454\" class=\"wd-post blog-design-masonry blog-post-loop blog-style-bg wd-add-shadow wd-col post-19454 post type-post status-publish format-standard has-post-thumbnail hentry category-oraculos tag-rei-de-paus tag-taro tag-tarot\">\n\t<div class=\"article-inner\">\n\t\t<header class=\"entry-header\">\n\t\t\t\t\t\t\t<figure class=\"entry-thumbnail\">\n\t\t\t\t\t\t\t\t\t\t\t<div class=\"post-img-wrapp\">\n\t\t\t\t\t\t\t<a href=\"https:\/\/eleve-se.com.br\/poder-lideranca-paixao-analise-rei-de-paus-tarot\/\">\n\t\t\t\t\t\t\t\t<img width=\"1280\" height=\"720\" src=\"https:\/\/eleve-se.com.br\/wp-content\/uploads\/2023\/02\/poder-lideranca-paixao-analise-rei-de-paus-tarot.jpg\" class=\"attachment-large size-large\" alt=\"\" decoding=\"async\" loading=\"lazy\" srcset=\"https:\/\/eleve-se.com.br\/wp-content\/uploads\/2023\/02\/poder-lideranca-paixao-analise-rei-de-paus-tarot.jpg 1280w, https:\/\/eleve-se.com.br\/wp-content\/uploads\/2023\/02\/poder-lideranca-paixao-analise-rei-de-paus-tarot-400x225.jpg 400w, https:\/\/eleve-se.com.br\/wp-content\/uploads\/2023\/02\/poder-lideranca-paixao-analise-rei-de-paus-tarot-768x432.jpg 768w, https:\/\/eleve-se.com.br\/wp-content\/uploads\/2023\/02\/poder-lideranca-paixao-analise-rei-de-paus-tarot-860x484.jpg 860w, https:\/\/eleve-se.com.br\/wp-content\/uploads\/2023\/02\/poder-lideranca-paixao-analise-rei-de-paus-tarot-430x242.jpg 430w, https:\/\/eleve-se.com.br\/wp-content\/uploads\/2023\/02\/poder-lideranca-paixao-analise-rei-de-paus-tarot-700x394.jpg 700w, https:\/\/eleve-se.com.br\/wp-content\/uploads\/2023\/02\/poder-lideranca-paixao-analise-rei-de-paus-tarot-150x84.jpg 150w\" sizes=\"auto, (max-width: 1280px) 100vw, 1280px\" \/>\t\t\t\t\t\t\t<\/a>\n\t\t\t\t\t\t<\/div>\n\t\t\t\t\t\t<div class=\"post-image-mask\">\n\t\t\t\t\t\t\t<span><\/span>\n\t\t\t\t\t\t<\/div>\n\t\t\t\t\t\t\t\t\t<\/figure>\n\t\t\t\n\t\t\t\t\t\t<div class=\"wd-post-date wd-style-with-bg\">\n\t\t\t\t<span class=\"post-date-day\">\n\t\t\t\t\t23\t\t\t\t<\/span>\n\t\t\t\t<span class=\"post-date-month\">\n\t\t\t\t\tfev\t\t\t\t<\/span>\n\t\t\t<\/div>\n\t\t\t\t<\/header>\n\n\t\t<div class=\"article-body-container\">\n\t\t\t\t\t\t\t<div class=\"meta-categories-wrapp\">\n\t\t\t\t\t<div class=\"meta-post-categories wd-post-cat wd-style-with-bg\">\n\t\t\t\t\t\t<a href=\"https:\/\/eleve-se.com.br\/categoria\/oraculos\/\" rel=\"category tag\">Or\u00e1culos<\/a>\t\t\t\t\t<\/div>\n\t\t\t\t<\/div>\n\t\t\t\n\t\t\t\t\t\t\t<h3 class=\"wd-entities-title title post-title\">\n\t\t\t\t\t<a href=\"https:\/\/eleve-se.com.br\/poder-lideranca-paixao-analise-rei-de-paus-tarot\/\" rel=\"bookmark\">O Poder da Lideran\u00e7a e da Paix\u00e3o: Uma An\u00e1lise da Carta Rei de Paus do Tarot<\/a>\n\t\t\t\t<\/h3>\n\t\t\t\n\t\t\t\t\t\t\t<div class=\"entry-meta wd-entry-meta\">\n\t\t\t\t\t\t\t\t<ul class=\"entry-meta-list\">\n\t\t\t\t\t\t\t\t\t<li class=\"modified-date\">\n\t\t\t\t\t\t\t\t<time class=\"updated\" datetime=\"2023-06-01T09:42:12-03:00\">\n\t\t\t01\/06\/2023\t\t<\/time>\n\t\t\t\t\t\t\t<\/li>\n\n\t\t\t\t\t\n\t\t\t\t\t\t\t\t\t\t\t<li class=\"meta-author\">\n\t\t\t\t\t\t\t\t\t\t\t\t<span>Por<\/span>\n\t\t\n\t\t\t\t\t<img src=\"https:\/\/eleve-se.com.br\/wp-content\/uploads\/2022\/06\/logo_elevese-50x50.png\" width=\"32\" height=\"32\" srcset=\"https:\/\/eleve-se.com.br\/wp-content\/uploads\/2022\/06\/logo_elevese-75x75.png 2x\" alt=\"Equipe Eleve-se\" class=\"avatar avatar-32 wp-user-avatar wp-user-avatar-32 alignnone photo\" \/>\t\t\n\t\t<a href=\"https:\/\/eleve-se.com.br\/author\/equipe\/\" class=\"author\" rel=\"author\">Equipe Eleve-se<\/a>\n\t\t\t\t\t\t\t\t<\/li>\n\t\t\t\t\t\n\t\t\t\t\t\n\t\t\t\t\t\t\t\t\t\t\t\t<\/ul>\n\t\t\t\t\t\t<\/div>\n\t\t\t\t\t\t\t\n\t\t\t\t\t\t\t\t\t\t\t\t<div class=\"entry-content wd-post-desc\">\n\t\t\t\t\t\tA carta do Tarot Rei de Paus \u00e9 uma das mais poderosas do baralho.&nbsp;\n\n\n\nEssa carta, que \u00e9 retratada como um homem maduro, seguro, co...\t\t\t\t\t<\/div>\n\t\t\t\t\n\t\t\t\t\t\t\t\t\t\t\t\t\t\t<p class=\"read-more-section\">\n\t\t\t\t\t\t<a class=\"btn-read-more more-link\" href=\"https:\/\/eleve-se.com.br\/poder-lideranca-paixao-analise-rei-de-paus-tarot\/\">Continue lendo<\/a>\t\t\t\t\t<\/p>\n\t\t\t\t\t\t\t\t\t\t\t\t\t<\/div>\n\t<\/div>\n<\/article>\n\n\t\t\t\t\t\t\t\t\t\t\t\n<article id=\"post-19401\" class=\"wd-post blog-design-masonry blog-post-loop blog-style-bg wd-add-shadow wd-col post-19401 post type-post status-publish format-standard has-post-thumbnail hentry category-religiao tag-culto-de-ifa tag-intolerancia-religiosa tag-yoruba\">\n\t<div class=\"article-inner\">\n\t\t<header class=\"entry-header\">\n\t\t\t\t\t\t\t<figure class=\"entry-thumbnail\">\n\t\t\t\t\t\t\t\t\t\t\t<div class=\"post-img-wrapp\">\n\t\t\t\t\t\t\t<a href=\"https:\/\/eleve-se.com.br\/culto-de-ifa\/\">\n\t\t\t\t\t\t\t\t<img width=\"1280\" height=\"720\" src=\"https:\/\/eleve-se.com.br\/wp-content\/uploads\/2023\/02\/culto-de-ifa.jpg\" class=\"attachment-large size-large\" alt=\"\" decoding=\"async\" loading=\"lazy\" srcset=\"https:\/\/eleve-se.com.br\/wp-content\/uploads\/2023\/02\/culto-de-ifa.jpg 1280w, https:\/\/eleve-se.com.br\/wp-content\/uploads\/2023\/02\/culto-de-ifa-400x225.jpg 400w, https:\/\/eleve-se.com.br\/wp-content\/uploads\/2023\/02\/culto-de-ifa-768x432.jpg 768w, https:\/\/eleve-se.com.br\/wp-content\/uploads\/2023\/02\/culto-de-ifa-430x242.jpg 430w, https:\/\/eleve-se.com.br\/wp-content\/uploads\/2023\/02\/culto-de-ifa-700x394.jpg 700w, https:\/\/eleve-se.com.br\/wp-content\/uploads\/2023\/02\/culto-de-ifa-150x84.jpg 150w\" sizes=\"auto, (max-width: 1280px) 100vw, 1280px\" \/>\t\t\t\t\t\t\t<\/a>\n\t\t\t\t\t\t<\/div>\n\t\t\t\t\t\t<div class=\"post-image-mask\">\n\t\t\t\t\t\t\t<span><\/span>\n\t\t\t\t\t\t<\/div>\n\t\t\t\t\t\t\t\t\t<\/figure>\n\t\t\t\n\t\t\t\t\t\t<div class=\"wd-post-date wd-style-with-bg\">\n\t\t\t\t<span class=\"post-date-day\">\n\t\t\t\t\t22\t\t\t\t<\/span>\n\t\t\t\t<span class=\"post-date-month\">\n\t\t\t\t\tfev\t\t\t\t<\/span>\n\t\t\t<\/div>\n\t\t\t\t<\/header>\n\n\t\t<div class=\"article-body-container\">\n\t\t\t\t\t\t\t<div class=\"meta-categories-wrapp\">\n\t\t\t\t\t<div class=\"meta-post-categories wd-post-cat wd-style-with-bg\">\n\t\t\t\t\t\t<a href=\"https:\/\/eleve-se.com.br\/categoria\/religiao\/\" rel=\"category tag\">Religi\u00e3o<\/a>\t\t\t\t\t<\/div>\n\t\t\t\t<\/div>\n\t\t\t\n\t\t\t\t\t\t\t<h3 class=\"wd-entities-title title post-title\">\n\t\t\t\t\t<a href=\"https:\/\/eleve-se.com.br\/culto-de-ifa\/\" rel=\"bookmark\">O que \u00e9 culto de If\u00e1?<\/a>\n\t\t\t\t<\/h3>\n\t\t\t\n\t\t\t\t\t\t\t<div class=\"entry-meta wd-entry-meta\">\n\t\t\t\t\t\t\t\t<ul class=\"entry-meta-list\">\n\t\t\t\t\t\t\t\t\t<li class=\"modified-date\">\n\t\t\t\t\t\t\t\t<time class=\"updated\" datetime=\"2025-01-21T18:17:39-03:00\">\n\t\t\t21\/01\/2025\t\t<\/time>\n\t\t\t\t\t\t\t<\/li>\n\n\t\t\t\t\t\n\t\t\t\t\t\t\t\t\t\t\t<li class=\"meta-author\">\n\t\t\t\t\t\t\t\t\t\t\t\t<span>Por<\/span>\n\t\t\n\t\t\t\t\t<img src=\"https:\/\/eleve-se.com.br\/wp-content\/uploads\/2022\/06\/logo_elevese-50x50.png\" width=\"32\" height=\"32\" srcset=\"https:\/\/eleve-se.com.br\/wp-content\/uploads\/2022\/06\/logo_elevese-75x75.png 2x\" alt=\"Equipe Eleve-se\" class=\"avatar avatar-32 wp-user-avatar wp-user-avatar-32 alignnone photo\" \/>\t\t\n\t\t<a href=\"https:\/\/eleve-se.com.br\/author\/equipe\/\" class=\"author\" rel=\"author\">Equipe Eleve-se<\/a>\n\t\t\t\t\t\t\t\t<\/li>\n\t\t\t\t\t\n\t\t\t\t\t\n\t\t\t\t\t\t\t\t\t\t\t\t<\/ul>\n\t\t\t\t\t\t<\/div>\n\t\t\t\t\t\t\t\n\t\t\t\t\t\t\t\t\t\t\t\t<div class=\"entry-content wd-post-desc\">\n\t\t\t\t\t\tO culto de If\u00e1 \u00e9 uma pr\u00e1tica espiritual ancestral originada nas tradi\u00e7\u00f5es do povo iorub\u00e1, predominantemente encontrado na atual Nig\u00e9ria...\t\t\t\t\t<\/div>\n\t\t\t\t\n\t\t\t\t\t\t\t\t\t\t\t\t\t\t<p class=\"read-more-section\">\n\t\t\t\t\t\t<a class=\"btn-read-more more-link\" href=\"https:\/\/eleve-se.com.br\/culto-de-ifa\/\">Continue lendo<\/a>\t\t\t\t\t<\/p>\n\t\t\t\t\t\t\t\t\t\t\t\t\t<\/div>\n\t<\/div>\n<\/article>\n\n\t\t\t\t\t\t\t\t\t\t\t\n<article id=\"post-19237\" class=\"wd-post blog-design-masonry blog-post-loop blog-style-bg wd-add-shadow wd-col post-19237 post type-post status-publish format-standard has-post-thumbnail hentry category-religiao tag-clariaudiencia tag-espiritualidade tag-mediunidade\">\n\t<div class=\"article-inner\">\n\t\t<header class=\"entry-header\">\n\t\t\t\t\t\t\t<figure class=\"entry-thumbnail\">\n\t\t\t\t\t\t\t\t\t\t\t<div class=\"post-img-wrapp\">\n\t\t\t\t\t\t\t<a href=\"https:\/\/eleve-se.com.br\/entenda-o-que-e-a-mediunidade-de-clariaudiencia\/\">\n\t\t\t\t\t\t\t\t<img width=\"1280\" height=\"720\" src=\"https:\/\/eleve-se.com.br\/wp-content\/uploads\/2023\/02\/entenda-o-que-e-a-mediunidade-de-clariaudiencia.jpg\" class=\"attachment-large size-large\" alt=\"\" decoding=\"async\" loading=\"lazy\" srcset=\"https:\/\/eleve-se.com.br\/wp-content\/uploads\/2023\/02\/entenda-o-que-e-a-mediunidade-de-clariaudiencia.jpg 1280w, https:\/\/eleve-se.com.br\/wp-content\/uploads\/2023\/02\/entenda-o-que-e-a-mediunidade-de-clariaudiencia-400x225.jpg 400w, https:\/\/eleve-se.com.br\/wp-content\/uploads\/2023\/02\/entenda-o-que-e-a-mediunidade-de-clariaudiencia-768x432.jpg 768w, https:\/\/eleve-se.com.br\/wp-content\/uploads\/2023\/02\/entenda-o-que-e-a-mediunidade-de-clariaudiencia-860x484.jpg 860w, https:\/\/eleve-se.com.br\/wp-content\/uploads\/2023\/02\/entenda-o-que-e-a-mediunidade-de-clariaudiencia-430x242.jpg 430w, https:\/\/eleve-se.com.br\/wp-content\/uploads\/2023\/02\/entenda-o-que-e-a-mediunidade-de-clariaudiencia-700x394.jpg 700w, https:\/\/eleve-se.com.br\/wp-content\/uploads\/2023\/02\/entenda-o-que-e-a-mediunidade-de-clariaudiencia-150x84.jpg 150w\" sizes=\"auto, (max-width: 1280px) 100vw, 1280px\" \/>\t\t\t\t\t\t\t<\/a>\n\t\t\t\t\t\t<\/div>\n\t\t\t\t\t\t<div class=\"post-image-mask\">\n\t\t\t\t\t\t\t<span><\/span>\n\t\t\t\t\t\t<\/div>\n\t\t\t\t\t\t\t\t\t<\/figure>\n\t\t\t\n\t\t\t\t\t\t<div class=\"wd-post-date wd-style-with-bg\">\n\t\t\t\t<span class=\"post-date-day\">\n\t\t\t\t\t16\t\t\t\t<\/span>\n\t\t\t\t<span class=\"post-date-month\">\n\t\t\t\t\tfev\t\t\t\t<\/span>\n\t\t\t<\/div>\n\t\t\t\t<\/header>\n\n\t\t<div class=\"article-body-container\">\n\t\t\t\t\t\t\t<div class=\"meta-categories-wrapp\">\n\t\t\t\t\t<div class=\"meta-post-categories wd-post-cat wd-style-with-bg\">\n\t\t\t\t\t\t<a href=\"https:\/\/eleve-se.com.br\/categoria\/religiao\/\" rel=\"category tag\">Religi\u00e3o<\/a>\t\t\t\t\t<\/div>\n\t\t\t\t<\/div>\n\t\t\t\n\t\t\t\t\t\t\t<h3 class=\"wd-entities-title title post-title\">\n\t\t\t\t\t<a href=\"https:\/\/eleve-se.com.br\/entenda-o-que-e-a-mediunidade-de-clariaudiencia\/\" rel=\"bookmark\">Clariaudi\u00eancia: a capacidade de ouvir esp\u00edritos<\/a>\n\t\t\t\t<\/h3>\n\t\t\t\n\t\t\t\t\t\t\t<div class=\"entry-meta wd-entry-meta\">\n\t\t\t\t\t\t\t\t<ul class=\"entry-meta-list\">\n\t\t\t\t\t\t\t\t\t<li class=\"modified-date\">\n\t\t\t\t\t\t\t\t<time class=\"updated\" datetime=\"2023-06-01T09:38:04-03:00\">\n\t\t\t01\/06\/2023\t\t<\/time>\n\t\t\t\t\t\t\t<\/li>\n\n\t\t\t\t\t\n\t\t\t\t\t\t\t\t\t\t\t<li class=\"meta-author\">\n\t\t\t\t\t\t\t\t\t\t\t\t<span>Por<\/span>\n\t\t\n\t\t\t\t\t<img src=\"https:\/\/eleve-se.com.br\/wp-content\/uploads\/2022\/06\/logo_elevese-50x50.png\" width=\"32\" height=\"32\" srcset=\"https:\/\/eleve-se.com.br\/wp-content\/uploads\/2022\/06\/logo_elevese-75x75.png 2x\" alt=\"Equipe Eleve-se\" class=\"avatar avatar-32 wp-user-avatar wp-user-avatar-32 alignnone photo\" \/>\t\t\n\t\t<a href=\"https:\/\/eleve-se.com.br\/author\/equipe\/\" class=\"author\" rel=\"author\">Equipe Eleve-se<\/a>\n\t\t\t\t\t\t\t\t<\/li>\n\t\t\t\t\t\n\t\t\t\t\t\n\t\t\t\t\t\t\t\t\t\t\t\t<\/ul>\n\t\t\t\t\t\t<\/div>\n\t\t\t\t\t\t\t\n\t\t\t\t\t\t\t\t\t\t\t\t<div class=\"entry-content wd-post-desc\">\n\t\t\t\t\t\tA clarivid\u00eancia \u00e9 um dos muitos tipos de habilidades ps\u00edquicas que uma pessoa pode ter. \u00c9 a capacidade de receber informa\u00e7\u00f5es extrassen...\t\t\t\t\t<\/div>\n\t\t\t\t\n\t\t\t\t\t\t\t\t\t\t\t\t\t\t<p class=\"read-more-section\">\n\t\t\t\t\t\t<a class=\"btn-read-more more-link\" href=\"https:\/\/eleve-se.com.br\/entenda-o-que-e-a-mediunidade-de-clariaudiencia\/\">Continue lendo<\/a>\t\t\t\t\t<\/p>\n\t\t\t\t\t\t\t\t\t\t\t\t\t<\/div>\n\t<\/div>\n<\/article>\n\n\t\t\t\t\t\t\t\t\t\t\t\n<article id=\"post-19300\" class=\"wd-post blog-design-masonry blog-post-loop blog-style-bg wd-add-shadow wd-col post-19300 post type-post status-publish format-standard has-post-thumbnail hentry category-autoconhecimento\">\n\t<div class=\"article-inner\">\n\t\t<header class=\"entry-header\">\n\t\t\t\t\t\t\t<figure class=\"entry-thumbnail\">\n\t\t\t\t\t\t\t\t\t\t\t<div class=\"post-img-wrapp\">\n\t\t\t\t\t\t\t<a href=\"https:\/\/eleve-se.com.br\/5-livros-imperdiveis-para-aprender-sobre-lei-da-atracao\/\">\n\t\t\t\t\t\t\t\t<img width=\"1280\" height=\"720\" src=\"https:\/\/eleve-se.com.br\/wp-content\/uploads\/2023\/02\/5-livros-imperdiveis-para-aprender-sobre-lei-da-atracao.jpg\" class=\"attachment-large size-large\" alt=\"\" decoding=\"async\" loading=\"lazy\" srcset=\"https:\/\/eleve-se.com.br\/wp-content\/uploads\/2023\/02\/5-livros-imperdiveis-para-aprender-sobre-lei-da-atracao.jpg 1280w, https:\/\/eleve-se.com.br\/wp-content\/uploads\/2023\/02\/5-livros-imperdiveis-para-aprender-sobre-lei-da-atracao-400x225.jpg 400w, https:\/\/eleve-se.com.br\/wp-content\/uploads\/2023\/02\/5-livros-imperdiveis-para-aprender-sobre-lei-da-atracao-768x432.jpg 768w, https:\/\/eleve-se.com.br\/wp-content\/uploads\/2023\/02\/5-livros-imperdiveis-para-aprender-sobre-lei-da-atracao-860x484.jpg 860w, https:\/\/eleve-se.com.br\/wp-content\/uploads\/2023\/02\/5-livros-imperdiveis-para-aprender-sobre-lei-da-atracao-430x242.jpg 430w, https:\/\/eleve-se.com.br\/wp-content\/uploads\/2023\/02\/5-livros-imperdiveis-para-aprender-sobre-lei-da-atracao-700x394.jpg 700w, https:\/\/eleve-se.com.br\/wp-content\/uploads\/2023\/02\/5-livros-imperdiveis-para-aprender-sobre-lei-da-atracao-150x84.jpg 150w\" sizes=\"auto, (max-width: 1280px) 100vw, 1280px\" \/>\t\t\t\t\t\t\t<\/a>\n\t\t\t\t\t\t<\/div>\n\t\t\t\t\t\t<div class=\"post-image-mask\">\n\t\t\t\t\t\t\t<span><\/span>\n\t\t\t\t\t\t<\/div>\n\t\t\t\t\t\t\t\t\t<\/figure>\n\t\t\t\n\t\t\t\t\t\t<div class=\"wd-post-date wd-style-with-bg\">\n\t\t\t\t<span class=\"post-date-day\">\n\t\t\t\t\t15\t\t\t\t<\/span>\n\t\t\t\t<span class=\"post-date-month\">\n\t\t\t\t\tfev\t\t\t\t<\/span>\n\t\t\t<\/div>\n\t\t\t\t<\/header>\n\n\t\t<div class=\"article-body-container\">\n\t\t\t\t\t\t\t<div class=\"meta-categories-wrapp\">\n\t\t\t\t\t<div class=\"meta-post-categories wd-post-cat wd-style-with-bg\">\n\t\t\t\t\t\t<a href=\"https:\/\/eleve-se.com.br\/categoria\/autoconhecimento\/\" rel=\"category tag\">Autoconhecimento<\/a>\t\t\t\t\t<\/div>\n\t\t\t\t<\/div>\n\t\t\t\n\t\t\t\t\t\t\t<h3 class=\"wd-entities-title title post-title\">\n\t\t\t\t\t<a href=\"https:\/\/eleve-se.com.br\/5-livros-imperdiveis-para-aprender-sobre-lei-da-atracao\/\" rel=\"bookmark\">5 livros imperd\u00edveis para aprender sobre Lei da Atra\u00e7\u00e3o<\/a>\n\t\t\t\t<\/h3>\n\t\t\t\n\t\t\t\t\t\t\t<div class=\"entry-meta wd-entry-meta\">\n\t\t\t\t\t\t\t\t<ul class=\"entry-meta-list\">\n\t\t\t\t\t\t\t\t\t<li class=\"modified-date\">\n\t\t\t\t\t\t\t\t<time class=\"updated\" datetime=\"2023-06-01T09:42:35-03:00\">\n\t\t\t01\/06\/2023\t\t<\/time>\n\t\t\t\t\t\t\t<\/li>\n\n\t\t\t\t\t\n\t\t\t\t\t\t\t\t\t\t\t<li class=\"meta-author\">\n\t\t\t\t\t\t\t\t\t\t\t\t<span>Por<\/span>\n\t\t\n\t\t\t\t\t<img src=\"https:\/\/eleve-se.com.br\/wp-content\/uploads\/2022\/06\/logo_elevese-50x50.png\" width=\"32\" height=\"32\" srcset=\"https:\/\/eleve-se.com.br\/wp-content\/uploads\/2022\/06\/logo_elevese-75x75.png 2x\" alt=\"Equipe Eleve-se\" class=\"avatar avatar-32 wp-user-avatar wp-user-avatar-32 alignnone photo\" \/>\t\t\n\t\t<a href=\"https:\/\/eleve-se.com.br\/author\/equipe\/\" class=\"author\" rel=\"author\">Equipe Eleve-se<\/a>\n\t\t\t\t\t\t\t\t<\/li>\n\t\t\t\t\t\n\t\t\t\t\t\n\t\t\t\t\t\t\t\t\t\t\t\t<\/ul>\n\t\t\t\t\t\t<\/div>\n\t\t\t\t\t\t\t\n\t\t\t\t\t\t\t\t\t\t\t\t<div class=\"entry-content wd-post-desc\">\n\t\t\t\t\t\tSe voc\u00ea deseja atrair coisas boas na sua vida, n\u00e3o basta s\u00f3 pensar positivo. Tamb\u00e9m \u00e9 preciso buscar leituras e estudos que aprofundem ...\t\t\t\t\t<\/div>\n\t\t\t\t\n\t\t\t\t\t\t\t\t\t\t\t\t\t\t<p class=\"read-more-section\">\n\t\t\t\t\t\t<a class=\"btn-read-more more-link\" href=\"https:\/\/eleve-se.com.br\/5-livros-imperdiveis-para-aprender-sobre-lei-da-atracao\/\">Continue lendo<\/a>\t\t\t\t\t<\/p>\n\t\t\t\t\t\t\t\t\t\t\t\t\t<\/div>\n\t<\/div>\n<\/article>\n\n\t\t\t\t\t\t\t\t\t\t\t\n<article id=\"post-19293\" class=\"wd-post blog-design-masonry blog-post-loop blog-style-bg wd-add-shadow wd-col post-19293 post type-post status-publish format-standard has-post-thumbnail hentry category-cultura tag-chico-xavier tag-espetaculo tag-espiritismo tag-musical\">\n\t<div class=\"article-inner\">\n\t\t<header class=\"entry-header\">\n\t\t\t\t\t\t\t<figure class=\"entry-thumbnail\">\n\t\t\t\t\t\t\t\t\t\t\t<div class=\"post-img-wrapp\">\n\t\t\t\t\t\t\t<a href=\"https:\/\/eleve-se.com.br\/vida-de-chico-xavier-contada-em-musical\/\">\n\t\t\t\t\t\t\t\t<img width=\"1280\" height=\"720\" src=\"https:\/\/eleve-se.com.br\/wp-content\/uploads\/2023\/02\/vida-de-chico-xavier-contada-em-musical.jpg\" class=\"attachment-large size-large\" alt=\"\" decoding=\"async\" loading=\"lazy\" srcset=\"https:\/\/eleve-se.com.br\/wp-content\/uploads\/2023\/02\/vida-de-chico-xavier-contada-em-musical.jpg 1280w, https:\/\/eleve-se.com.br\/wp-content\/uploads\/2023\/02\/vida-de-chico-xavier-contada-em-musical-400x225.jpg 400w, https:\/\/eleve-se.com.br\/wp-content\/uploads\/2023\/02\/vida-de-chico-xavier-contada-em-musical-768x432.jpg 768w, https:\/\/eleve-se.com.br\/wp-content\/uploads\/2023\/02\/vida-de-chico-xavier-contada-em-musical-860x484.jpg 860w, https:\/\/eleve-se.com.br\/wp-content\/uploads\/2023\/02\/vida-de-chico-xavier-contada-em-musical-430x242.jpg 430w, https:\/\/eleve-se.com.br\/wp-content\/uploads\/2023\/02\/vida-de-chico-xavier-contada-em-musical-700x394.jpg 700w, https:\/\/eleve-se.com.br\/wp-content\/uploads\/2023\/02\/vida-de-chico-xavier-contada-em-musical-150x84.jpg 150w\" sizes=\"auto, (max-width: 1280px) 100vw, 1280px\" \/>\t\t\t\t\t\t\t<\/a>\n\t\t\t\t\t\t<\/div>\n\t\t\t\t\t\t<div class=\"post-image-mask\">\n\t\t\t\t\t\t\t<span><\/span>\n\t\t\t\t\t\t<\/div>\n\t\t\t\t\t\t\t\t\t<\/figure>\n\t\t\t\n\t\t\t\t\t\t<div class=\"wd-post-date wd-style-with-bg\">\n\t\t\t\t<span class=\"post-date-day\">\n\t\t\t\t\t14\t\t\t\t<\/span>\n\t\t\t\t<span class=\"post-date-month\">\n\t\t\t\t\tfev\t\t\t\t<\/span>\n\t\t\t<\/div>\n\t\t\t\t<\/header>\n\n\t\t<div class=\"article-body-container\">\n\t\t\t\t\t\t\t<div class=\"meta-categories-wrapp\">\n\t\t\t\t\t<div class=\"meta-post-categories wd-post-cat wd-style-with-bg\">\n\t\t\t\t\t\t<a href=\"https:\/\/eleve-se.com.br\/categoria\/cultura\/\" rel=\"category tag\">Cultura<\/a>\t\t\t\t\t<\/div>\n\t\t\t\t<\/div>\n\t\t\t\n\t\t\t\t\t\t\t<h3 class=\"wd-entities-title title post-title\">\n\t\t\t\t\t<a href=\"https:\/\/eleve-se.com.br\/vida-de-chico-xavier-contada-em-musical\/\" rel=\"bookmark\">Vida de Chico Xavier \u00e9 contada em musical<\/a>\n\t\t\t\t<\/h3>\n\t\t\t\n\t\t\t\t\t\t\t<div class=\"entry-meta wd-entry-meta\">\n\t\t\t\t\t\t\t\t<ul class=\"entry-meta-list\">\n\t\t\t\t\t\t\t\t\t<li class=\"modified-date\">\n\t\t\t\t\t\t\t\t<time class=\"updated\" datetime=\"2023-06-01T09:42:40-03:00\">\n\t\t\t01\/06\/2023\t\t<\/time>\n\t\t\t\t\t\t\t<\/li>\n\n\t\t\t\t\t\n\t\t\t\t\t\t\t\t\t\t\t<li class=\"meta-author\">\n\t\t\t\t\t\t\t\t\t\t\t\t<span>Por<\/span>\n\t\t\n\t\t\t\t\t<img src=\"https:\/\/eleve-se.com.br\/wp-content\/uploads\/2022\/06\/logo_elevese-50x50.png\" width=\"32\" height=\"32\" srcset=\"https:\/\/eleve-se.com.br\/wp-content\/uploads\/2022\/06\/logo_elevese-75x75.png 2x\" alt=\"Equipe Eleve-se\" class=\"avatar avatar-32 wp-user-avatar wp-user-avatar-32 alignnone photo\" \/>\t\t\n\t\t<a href=\"https:\/\/eleve-se.com.br\/author\/equipe\/\" class=\"author\" rel=\"author\">Equipe Eleve-se<\/a>\n\t\t\t\t\t\t\t\t<\/li>\n\t\t\t\t\t\n\t\t\t\t\t\n\t\t\t\t\t\t\t\t\t\t\t\t<\/ul>\n\t\t\t\t\t\t<\/div>\n\t\t\t\t\t\t\t\n\t\t\t\t\t\t\t\t\t\t\t\t<div class=\"entry-content wd-post-desc\">\n\t\t\t\t\t\tA vida de um dos maiores m\u00e9diuns dos \u00faltimos tempos vem sendo contada atrav\u00e9s do musical \u201cUm Cisco, A Vida de Chico Xavier\u201d.\u00a0\n\n\n\nO espe...\t\t\t\t\t<\/div>\n\t\t\t\t\n\t\t\t\t\t\t\t\t\t\t\t\t\t\t<p class=\"read-more-section\">\n\t\t\t\t\t\t<a class=\"btn-read-more more-link\" href=\"https:\/\/eleve-se.com.br\/vida-de-chico-xavier-contada-em-musical\/\">Continue lendo<\/a>\t\t\t\t\t<\/p>\n\t\t\t\t\t\t\t\t\t\t\t\t\t<\/div>\n\t<\/div>\n<\/article>\n\n\t\t\t\t\t\t\t\t\t\t\t\n<article id=\"post-19286\" class=\"wd-post blog-design-masonry blog-post-loop blog-style-bg wd-add-shadow wd-col post-19286 post type-post status-publish format-standard has-post-thumbnail hentry category-lugares-incriveis tag-turismo\">\n\t<div class=\"article-inner\">\n\t\t<header class=\"entry-header\">\n\t\t\t\t\t\t\t<figure class=\"entry-thumbnail\">\n\t\t\t\t\t\t\t\t\t\t\t<div class=\"post-img-wrapp\">\n\t\t\t\t\t\t\t<a href=\"https:\/\/eleve-se.com.br\/pium-no-rio-grande-do-norte-destaca-se-no-turismo-holistico\/\">\n\t\t\t\t\t\t\t\t<img width=\"1280\" height=\"720\" src=\"https:\/\/eleve-se.com.br\/wp-content\/uploads\/2023\/02\/pium-no-rio-grande-do-norte-destaca-se-no-turismo-holistico.jpg\" class=\"attachment-large size-large\" alt=\"\" decoding=\"async\" loading=\"lazy\" srcset=\"https:\/\/eleve-se.com.br\/wp-content\/uploads\/2023\/02\/pium-no-rio-grande-do-norte-destaca-se-no-turismo-holistico.jpg 1280w, https:\/\/eleve-se.com.br\/wp-content\/uploads\/2023\/02\/pium-no-rio-grande-do-norte-destaca-se-no-turismo-holistico-400x225.jpg 400w, https:\/\/eleve-se.com.br\/wp-content\/uploads\/2023\/02\/pium-no-rio-grande-do-norte-destaca-se-no-turismo-holistico-768x432.jpg 768w, https:\/\/eleve-se.com.br\/wp-content\/uploads\/2023\/02\/pium-no-rio-grande-do-norte-destaca-se-no-turismo-holistico-860x484.jpg 860w, https:\/\/eleve-se.com.br\/wp-content\/uploads\/2023\/02\/pium-no-rio-grande-do-norte-destaca-se-no-turismo-holistico-430x242.jpg 430w, https:\/\/eleve-se.com.br\/wp-content\/uploads\/2023\/02\/pium-no-rio-grande-do-norte-destaca-se-no-turismo-holistico-700x394.jpg 700w, https:\/\/eleve-se.com.br\/wp-content\/uploads\/2023\/02\/pium-no-rio-grande-do-norte-destaca-se-no-turismo-holistico-150x84.jpg 150w\" sizes=\"auto, (max-width: 1280px) 100vw, 1280px\" \/>\t\t\t\t\t\t\t<\/a>\n\t\t\t\t\t\t<\/div>\n\t\t\t\t\t\t<div class=\"post-image-mask\">\n\t\t\t\t\t\t\t<span><\/span>\n\t\t\t\t\t\t<\/div>\n\t\t\t\t\t\t\t\t\t<\/figure>\n\t\t\t\n\t\t\t\t\t\t<div class=\"wd-post-date wd-style-with-bg\">\n\t\t\t\t<span class=\"post-date-day\">\n\t\t\t\t\t13\t\t\t\t<\/span>\n\t\t\t\t<span class=\"post-date-month\">\n\t\t\t\t\tfev\t\t\t\t<\/span>\n\t\t\t<\/div>\n\t\t\t\t<\/header>\n\n\t\t<div class=\"article-body-container\">\n\t\t\t\t\t\t\t<div class=\"meta-categories-wrapp\">\n\t\t\t\t\t<div class=\"meta-post-categories wd-post-cat wd-style-with-bg\">\n\t\t\t\t\t\t<a href=\"https:\/\/eleve-se.com.br\/categoria\/lugares-incriveis\/\" rel=\"category tag\">Lugares Incr\u00edveis<\/a>\t\t\t\t\t<\/div>\n\t\t\t\t<\/div>\n\t\t\t\n\t\t\t\t\t\t\t<h3 class=\"wd-entities-title title post-title\">\n\t\t\t\t\t<a href=\"https:\/\/eleve-se.com.br\/pium-no-rio-grande-do-norte-destaca-se-no-turismo-holistico\/\" rel=\"bookmark\">Pium, no Rio Grande do Norte, destaca-se no turismo hol\u00edstico<\/a>\n\t\t\t\t<\/h3>\n\t\t\t\n\t\t\t\t\t\t\t<div class=\"entry-meta wd-entry-meta\">\n\t\t\t\t\t\t\t\t<ul class=\"entry-meta-list\">\n\t\t\t\t\t\t\t\t\t<li class=\"modified-date\">\n\t\t\t\t\t\t\t\t<time class=\"updated\" datetime=\"2023-06-01T09:38:10-03:00\">\n\t\t\t01\/06\/2023\t\t<\/time>\n\t\t\t\t\t\t\t<\/li>\n\n\t\t\t\t\t\n\t\t\t\t\t\t\t\t\t\t\t<li class=\"meta-author\">\n\t\t\t\t\t\t\t\t\t\t\t\t<span>Por<\/span>\n\t\t\n\t\t\t\t\t<img src=\"https:\/\/eleve-se.com.br\/wp-content\/uploads\/2022\/06\/logo_elevese-50x50.png\" width=\"32\" height=\"32\" srcset=\"https:\/\/eleve-se.com.br\/wp-content\/uploads\/2022\/06\/logo_elevese-75x75.png 2x\" alt=\"Equipe Eleve-se\" class=\"avatar avatar-32 wp-user-avatar wp-user-avatar-32 alignnone photo\" \/>\t\t\n\t\t<a href=\"https:\/\/eleve-se.com.br\/author\/equipe\/\" class=\"author\" rel=\"author\">Equipe Eleve-se<\/a>\n\t\t\t\t\t\t\t\t<\/li>\n\t\t\t\t\t\n\t\t\t\t\t\n\t\t\t\t\t\t\t\t\t\t\t\t<\/ul>\n\t\t\t\t\t\t<\/div>\n\t\t\t\t\t\t\t\n\t\t\t\t\t\t\t\t\t\t\t\t<div class=\"entry-content wd-post-desc\">\n\t\t\t\t\t\tLevando em considera\u00e7\u00e3o o impacto da pandemia na ind\u00fastria do turismo, um estudo realizado pela Ecole H\u00f4teli\u00e9re de Lausanne (EHL), uma ...\t\t\t\t\t<\/div>\n\t\t\t\t\n\t\t\t\t\t\t\t\t\t\t\t\t\t\t<p class=\"read-more-section\">\n\t\t\t\t\t\t<a class=\"btn-read-more more-link\" href=\"https:\/\/eleve-se.com.br\/pium-no-rio-grande-do-norte-destaca-se-no-turismo-holistico\/\">Continue lendo<\/a>\t\t\t\t\t<\/p>\n\t\t\t\t\t\t\t\t\t\t\t\t\t<\/div>\n\t<\/div>\n<\/article>\n\n\t\t\t\t\t\n\t\t\t\t\t","status":"have-posts","nextPage":"https:\/\/eleve-se.com.br\/author\/equipe\/page\/6\/?woo_ajax=1","currentPage":"https:\/\/eleve-se.com.br\/author\/equipe\/page\/5"}