
			
				

					
				

			
		{"items":"\n\t\t\t\t\t\t\t\t\t\t\t\n<article id=\"post-19241\" class=\"wd-post blog-design-masonry blog-post-loop blog-style-bg wd-add-shadow wd-col post-19241 post type-post status-publish format-standard has-post-thumbnail hentry category-autoconhecimento tag-autorresponsabilidade\">\n\t<div class=\"article-inner\">\n\t\t<header class=\"entry-header\">\n\t\t\t\t\t\t\t<figure class=\"entry-thumbnail\">\n\t\t\t\t\t\t\t\t\t\t\t<div class=\"post-img-wrapp\">\n\t\t\t\t\t\t\t<a href=\"https:\/\/eleve-se.com.br\/voce-e-autorresponsavel\/\">\n\t\t\t\t\t\t\t\t<img width=\"1280\" height=\"720\" src=\"https:\/\/eleve-se.com.br\/wp-content\/uploads\/2023\/02\/voce-e-autorresponsavel.jpg\" class=\"attachment-large size-large\" alt=\"\" decoding=\"async\" fetchpriority=\"high\" srcset=\"https:\/\/eleve-se.com.br\/wp-content\/uploads\/2023\/02\/voce-e-autorresponsavel.jpg 1280w, https:\/\/eleve-se.com.br\/wp-content\/uploads\/2023\/02\/voce-e-autorresponsavel-400x225.jpg 400w, https:\/\/eleve-se.com.br\/wp-content\/uploads\/2023\/02\/voce-e-autorresponsavel-768x432.jpg 768w, https:\/\/eleve-se.com.br\/wp-content\/uploads\/2023\/02\/voce-e-autorresponsavel-860x484.jpg 860w, https:\/\/eleve-se.com.br\/wp-content\/uploads\/2023\/02\/voce-e-autorresponsavel-430x242.jpg 430w, https:\/\/eleve-se.com.br\/wp-content\/uploads\/2023\/02\/voce-e-autorresponsavel-700x394.jpg 700w, https:\/\/eleve-se.com.br\/wp-content\/uploads\/2023\/02\/voce-e-autorresponsavel-150x84.jpg 150w\" sizes=\"(max-width: 1280px) 100vw, 1280px\" \/>\t\t\t\t\t\t\t<\/a>\n\t\t\t\t\t\t<\/div>\n\t\t\t\t\t\t<div class=\"post-image-mask\">\n\t\t\t\t\t\t\t<span><\/span>\n\t\t\t\t\t\t<\/div>\n\t\t\t\t\t\t\t\t\t<\/figure>\n\t\t\t\n\t\t\t\t\t\t<div class=\"wd-post-date wd-style-with-bg\">\n\t\t\t\t<span class=\"post-date-day\">\n\t\t\t\t\t09\t\t\t\t<\/span>\n\t\t\t\t<span class=\"post-date-month\">\n\t\t\t\t\tfev\t\t\t\t<\/span>\n\t\t\t<\/div>\n\t\t\t\t<\/header>\n\n\t\t<div class=\"article-body-container\">\n\t\t\t\t\t\t\t<div class=\"meta-categories-wrapp\">\n\t\t\t\t\t<div class=\"meta-post-categories wd-post-cat wd-style-with-bg\">\n\t\t\t\t\t\t<a href=\"https:\/\/eleve-se.com.br\/categoria\/autoconhecimento\/\" rel=\"category tag\">Autoconhecimento<\/a>\t\t\t\t\t<\/div>\n\t\t\t\t<\/div>\n\t\t\t\n\t\t\t\t\t\t\t<h3 class=\"wd-entities-title title post-title\">\n\t\t\t\t\t<a href=\"https:\/\/eleve-se.com.br\/voce-e-autorresponsavel\/\" rel=\"bookmark\">Voc\u00ea \u00e9 autorrespons\u00e1vel?\u00a0<\/a>\n\t\t\t\t<\/h3>\n\t\t\t\n\t\t\t\t\t\t\t<div class=\"entry-meta wd-entry-meta\">\n\t\t\t\t\t\t\t\t<ul class=\"entry-meta-list\">\n\t\t\t\t\t\t\t\t\t<li class=\"modified-date\">\n\t\t\t\t\t\t\t\t<time class=\"updated\" datetime=\"2023-06-01T09:42:59-03:00\">\n\t\t\t01\/06\/2023\t\t<\/time>\n\t\t\t\t\t\t\t<\/li>\n\n\t\t\t\t\t\n\t\t\t\t\t\t\t\t\t\t\t<li class=\"meta-author\">\n\t\t\t\t\t\t\t\t\t\t\t\t<span>Por<\/span>\n\t\t\n\t\t\t\t\t<img src=\"https:\/\/eleve-se.com.br\/wp-content\/uploads\/2022\/06\/logo_elevese-50x50.png\" width=\"32\" height=\"32\" srcset=\"https:\/\/eleve-se.com.br\/wp-content\/uploads\/2022\/06\/logo_elevese-75x75.png 2x\" alt=\"Equipe Eleve-se\" class=\"avatar avatar-32 wp-user-avatar wp-user-avatar-32 alignnone photo\" \/>\t\t\n\t\t<a href=\"https:\/\/eleve-se.com.br\/author\/equipe\/\" class=\"author\" rel=\"author\">Equipe Eleve-se<\/a>\n\t\t\t\t\t\t\t\t<\/li>\n\t\t\t\t\t\n\t\t\t\t\t\n\t\t\t\t\t\t\t\t\t\t\t\t<\/ul>\n\t\t\t\t\t\t<\/div>\n\t\t\t\t\t\t\t\n\t\t\t\t\t\t\t\t\t\t\t\t<div class=\"entry-content wd-post-desc\">\n\t\t\t\t\t\tAutorresponsabilidade \u00e9 uma das habilidades de desenvolvimento pessoal que mais geram resultados na vida pessoal e profissional, portan...\t\t\t\t\t<\/div>\n\t\t\t\t\n\t\t\t\t\t\t\t\t\t\t\t\t\t\t<p class=\"read-more-section\">\n\t\t\t\t\t\t<a class=\"btn-read-more more-link\" href=\"https:\/\/eleve-se.com.br\/voce-e-autorresponsavel\/\">Continue lendo<\/a>\t\t\t\t\t<\/p>\n\t\t\t\t\t\t\t\t\t\t\t\t\t<\/div>\n\t<\/div>\n<\/article>\n\n\t\t\t\t\t\t\t\t\t\t\t\n<article id=\"post-19230\" class=\"wd-post blog-design-masonry blog-post-loop blog-style-bg wd-add-shadow wd-col post-19230 post type-post status-publish format-standard has-post-thumbnail hentry category-autoconhecimento tag-intuicao tag-sonhar-com-perseguicao tag-sonhos\">\n\t<div class=\"article-inner\">\n\t\t<header class=\"entry-header\">\n\t\t\t\t\t\t\t<figure class=\"entry-thumbnail\">\n\t\t\t\t\t\t\t\t\t\t\t<div class=\"post-img-wrapp\">\n\t\t\t\t\t\t\t<a href=\"https:\/\/eleve-se.com.br\/o-que-significa-sonhar-que-esta-sendo-perseguido\/\">\n\t\t\t\t\t\t\t\t<img width=\"1280\" height=\"720\" src=\"https:\/\/eleve-se.com.br\/wp-content\/uploads\/2023\/02\/o-que-significa-sonhar-que-esta-sendo-perseguido.jpg\" class=\"attachment-large size-large\" alt=\"\" decoding=\"async\" srcset=\"https:\/\/eleve-se.com.br\/wp-content\/uploads\/2023\/02\/o-que-significa-sonhar-que-esta-sendo-perseguido.jpg 1280w, https:\/\/eleve-se.com.br\/wp-content\/uploads\/2023\/02\/o-que-significa-sonhar-que-esta-sendo-perseguido-400x225.jpg 400w, https:\/\/eleve-se.com.br\/wp-content\/uploads\/2023\/02\/o-que-significa-sonhar-que-esta-sendo-perseguido-768x432.jpg 768w, https:\/\/eleve-se.com.br\/wp-content\/uploads\/2023\/02\/o-que-significa-sonhar-que-esta-sendo-perseguido-860x484.jpg 860w, https:\/\/eleve-se.com.br\/wp-content\/uploads\/2023\/02\/o-que-significa-sonhar-que-esta-sendo-perseguido-430x242.jpg 430w, https:\/\/eleve-se.com.br\/wp-content\/uploads\/2023\/02\/o-que-significa-sonhar-que-esta-sendo-perseguido-700x394.jpg 700w, https:\/\/eleve-se.com.br\/wp-content\/uploads\/2023\/02\/o-que-significa-sonhar-que-esta-sendo-perseguido-150x84.jpg 150w\" sizes=\"(max-width: 1280px) 100vw, 1280px\" \/>\t\t\t\t\t\t\t<\/a>\n\t\t\t\t\t\t<\/div>\n\t\t\t\t\t\t<div class=\"post-image-mask\">\n\t\t\t\t\t\t\t<span><\/span>\n\t\t\t\t\t\t<\/div>\n\t\t\t\t\t\t\t\t\t<\/figure>\n\t\t\t\n\t\t\t\t\t\t<div class=\"wd-post-date wd-style-with-bg\">\n\t\t\t\t<span class=\"post-date-day\">\n\t\t\t\t\t08\t\t\t\t<\/span>\n\t\t\t\t<span class=\"post-date-month\">\n\t\t\t\t\tfev\t\t\t\t<\/span>\n\t\t\t<\/div>\n\t\t\t\t<\/header>\n\n\t\t<div class=\"article-body-container\">\n\t\t\t\t\t\t\t<div class=\"meta-categories-wrapp\">\n\t\t\t\t\t<div class=\"meta-post-categories wd-post-cat wd-style-with-bg\">\n\t\t\t\t\t\t<a href=\"https:\/\/eleve-se.com.br\/categoria\/autoconhecimento\/\" rel=\"category tag\">Autoconhecimento<\/a>\t\t\t\t\t<\/div>\n\t\t\t\t<\/div>\n\t\t\t\n\t\t\t\t\t\t\t<h3 class=\"wd-entities-title title post-title\">\n\t\t\t\t\t<a href=\"https:\/\/eleve-se.com.br\/o-que-significa-sonhar-que-esta-sendo-perseguido\/\" rel=\"bookmark\">O que significa sonhar que est\u00e1 sendo perseguido?<\/a>\n\t\t\t\t<\/h3>\n\t\t\t\n\t\t\t\t\t\t\t<div class=\"entry-meta wd-entry-meta\">\n\t\t\t\t\t\t\t\t<ul class=\"entry-meta-list\">\n\t\t\t\t\t\t\t\t\t<li class=\"modified-date\">\n\t\t\t\t\t\t\t\t<time class=\"updated\" datetime=\"2023-06-01T09:45:23-03:00\">\n\t\t\t01\/06\/2023\t\t<\/time>\n\t\t\t\t\t\t\t<\/li>\n\n\t\t\t\t\t\n\t\t\t\t\t\t\t\t\t\t\t<li class=\"meta-author\">\n\t\t\t\t\t\t\t\t\t\t\t\t<span>Por<\/span>\n\t\t\n\t\t\t\t\t<img src=\"https:\/\/eleve-se.com.br\/wp-content\/uploads\/2022\/06\/logo_elevese-50x50.png\" width=\"32\" height=\"32\" srcset=\"https:\/\/eleve-se.com.br\/wp-content\/uploads\/2022\/06\/logo_elevese-75x75.png 2x\" alt=\"Equipe Eleve-se\" class=\"avatar avatar-32 wp-user-avatar wp-user-avatar-32 alignnone photo\" \/>\t\t\n\t\t<a href=\"https:\/\/eleve-se.com.br\/author\/equipe\/\" class=\"author\" rel=\"author\">Equipe Eleve-se<\/a>\n\t\t\t\t\t\t\t\t<\/li>\n\t\t\t\t\t\n\t\t\t\t\t\n\t\t\t\t\t\t\t\t\t\t\t\t<\/ul>\n\t\t\t\t\t\t<\/div>\n\t\t\t\t\t\t\t\n\t\t\t\t\t\t\t\t\t\t\t\t<div class=\"entry-content wd-post-desc\">\n\t\t\t\t\t\tSonhar com persegui\u00e7\u00e3o est\u00e1 na lista dos sonhos mais comuns. Esse tipo de sonho pode causar medo, estresse durante o sono mas, por tr\u00e1s...<div class=\"page-links\"><span class=\"page-links-title\">Leia mais:<\/span> <a href=\"https:\/\/eleve-se.com.br\/o-que-significa-sonhar-que-esta-sendo-perseguido\/\" class=\"post-page-numbers\"><span>1<\/span><\/a> <a href=\"https:\/\/eleve-se.com.br\/o-que-significa-sonhar-que-esta-sendo-perseguido\/2\/\" class=\"post-page-numbers\"><span>2<\/span><\/a> <a href=\"https:\/\/eleve-se.com.br\/o-que-significa-sonhar-que-esta-sendo-perseguido\/3\/\" class=\"post-page-numbers\"><span>3<\/span><\/a><\/div>\t\t\t\t\t<\/div>\n\t\t\t\t\n\t\t\t\t\t\t\t\t\t\t\t\t\t\t<p class=\"read-more-section\">\n\t\t\t\t\t\t<a class=\"btn-read-more more-link\" href=\"https:\/\/eleve-se.com.br\/o-que-significa-sonhar-que-esta-sendo-perseguido\/\">Continue lendo<\/a>\t\t\t\t\t<\/p>\n\t\t\t\t\t\t\t\t\t\t\t\t\t<\/div>\n\t<\/div>\n<\/article>\n\n\t\t\t\t\t\t\t\t\t\t\t\n<article id=\"post-19223\" class=\"wd-post blog-design-masonry blog-post-loop blog-style-bg wd-add-shadow wd-col post-19223 post type-post status-publish format-standard has-post-thumbnail hentry category-rituais tag-antigo-egito tag-antiguidade tag-magia\">\n\t<div class=\"article-inner\">\n\t\t<header class=\"entry-header\">\n\t\t\t\t\t\t\t<figure class=\"entry-thumbnail\">\n\t\t\t\t\t\t\t\t\t\t\t<div class=\"post-img-wrapp\">\n\t\t\t\t\t\t\t<a href=\"https:\/\/eleve-se.com.br\/como-era-a-magia-praticada-pelos-egipcios\/\">\n\t\t\t\t\t\t\t\t<img width=\"1280\" height=\"720\" src=\"https:\/\/eleve-se.com.br\/wp-content\/uploads\/2023\/02\/como-era-a-magia-praticada-pelos-egipcios.jpg\" class=\"attachment-large size-large\" alt=\"\" decoding=\"async\" loading=\"lazy\" srcset=\"https:\/\/eleve-se.com.br\/wp-content\/uploads\/2023\/02\/como-era-a-magia-praticada-pelos-egipcios.jpg 1280w, https:\/\/eleve-se.com.br\/wp-content\/uploads\/2023\/02\/como-era-a-magia-praticada-pelos-egipcios-400x225.jpg 400w, https:\/\/eleve-se.com.br\/wp-content\/uploads\/2023\/02\/como-era-a-magia-praticada-pelos-egipcios-768x432.jpg 768w, https:\/\/eleve-se.com.br\/wp-content\/uploads\/2023\/02\/como-era-a-magia-praticada-pelos-egipcios-860x484.jpg 860w, https:\/\/eleve-se.com.br\/wp-content\/uploads\/2023\/02\/como-era-a-magia-praticada-pelos-egipcios-430x242.jpg 430w, https:\/\/eleve-se.com.br\/wp-content\/uploads\/2023\/02\/como-era-a-magia-praticada-pelos-egipcios-700x394.jpg 700w, https:\/\/eleve-se.com.br\/wp-content\/uploads\/2023\/02\/como-era-a-magia-praticada-pelos-egipcios-150x84.jpg 150w\" sizes=\"auto, (max-width: 1280px) 100vw, 1280px\" \/>\t\t\t\t\t\t\t<\/a>\n\t\t\t\t\t\t<\/div>\n\t\t\t\t\t\t<div class=\"post-image-mask\">\n\t\t\t\t\t\t\t<span><\/span>\n\t\t\t\t\t\t<\/div>\n\t\t\t\t\t\t\t\t\t<\/figure>\n\t\t\t\n\t\t\t\t\t\t<div class=\"wd-post-date wd-style-with-bg\">\n\t\t\t\t<span class=\"post-date-day\">\n\t\t\t\t\t07\t\t\t\t<\/span>\n\t\t\t\t<span class=\"post-date-month\">\n\t\t\t\t\tfev\t\t\t\t<\/span>\n\t\t\t<\/div>\n\t\t\t\t<\/header>\n\n\t\t<div class=\"article-body-container\">\n\t\t\t\t\t\t\t<div class=\"meta-categories-wrapp\">\n\t\t\t\t\t<div class=\"meta-post-categories wd-post-cat wd-style-with-bg\">\n\t\t\t\t\t\t<a href=\"https:\/\/eleve-se.com.br\/categoria\/rituais\/\" rel=\"category tag\">Rituais<\/a>\t\t\t\t\t<\/div>\n\t\t\t\t<\/div>\n\t\t\t\n\t\t\t\t\t\t\t<h3 class=\"wd-entities-title title post-title\">\n\t\t\t\t\t<a href=\"https:\/\/eleve-se.com.br\/como-era-a-magia-praticada-pelos-egipcios\/\" rel=\"bookmark\">Como era a magia praticada pelos eg\u00edpcios?<\/a>\n\t\t\t\t<\/h3>\n\t\t\t\n\t\t\t\t\t\t\t<div class=\"entry-meta wd-entry-meta\">\n\t\t\t\t\t\t\t\t<ul class=\"entry-meta-list\">\n\t\t\t\t\t\t\t\t\t<li class=\"modified-date\">\n\t\t\t\t\t\t\t\t<time class=\"updated\" datetime=\"2023-06-01T09:45:48-03:00\">\n\t\t\t01\/06\/2023\t\t<\/time>\n\t\t\t\t\t\t\t<\/li>\n\n\t\t\t\t\t\n\t\t\t\t\t\t\t\t\t\t\t<li class=\"meta-author\">\n\t\t\t\t\t\t\t\t\t\t\t\t<span>Por<\/span>\n\t\t\n\t\t\t\t\t<img src=\"https:\/\/eleve-se.com.br\/wp-content\/uploads\/2022\/06\/logo_elevese-50x50.png\" width=\"32\" height=\"32\" srcset=\"https:\/\/eleve-se.com.br\/wp-content\/uploads\/2022\/06\/logo_elevese-75x75.png 2x\" alt=\"Equipe Eleve-se\" class=\"avatar avatar-32 wp-user-avatar wp-user-avatar-32 alignnone photo\" \/>\t\t\n\t\t<a href=\"https:\/\/eleve-se.com.br\/author\/equipe\/\" class=\"author\" rel=\"author\">Equipe Eleve-se<\/a>\n\t\t\t\t\t\t\t\t<\/li>\n\t\t\t\t\t\n\t\t\t\t\t\n\t\t\t\t\t\t\t\t\t\t\t\t<\/ul>\n\t\t\t\t\t\t<\/div>\n\t\t\t\t\t\t\t\n\t\t\t\t\t\t\t\t\t\t\t\t<div class=\"entry-content wd-post-desc\">\n\t\t\t\t\t\t\u00c9 fato que os antigos eg\u00edpcios eram grandes conhecedores de magias.\u00a0\n\n\n\nA magia era uma pr\u00e1tica comum e era usada para v\u00e1rias finalidad...\t\t\t\t\t<\/div>\n\t\t\t\t\n\t\t\t\t\t\t\t\t\t\t\t\t\t\t<p class=\"read-more-section\">\n\t\t\t\t\t\t<a class=\"btn-read-more more-link\" href=\"https:\/\/eleve-se.com.br\/como-era-a-magia-praticada-pelos-egipcios\/\">Continue lendo<\/a>\t\t\t\t\t<\/p>\n\t\t\t\t\t\t\t\t\t\t\t\t\t<\/div>\n\t<\/div>\n<\/article>\n\n\t\t\t\t\t\t\t\t\t\t\t\n<article id=\"post-19194\" class=\"wd-post blog-design-masonry blog-post-loop blog-style-bg wd-add-shadow wd-col post-19194 post type-post status-publish format-standard has-post-thumbnail hentry category-rituais tag-cominho tag-espiritualidade tag-magia tag-rituais\">\n\t<div class=\"article-inner\">\n\t\t<header class=\"entry-header\">\n\t\t\t\t\t\t\t<figure class=\"entry-thumbnail\">\n\t\t\t\t\t\t\t\t\t\t\t<div class=\"post-img-wrapp\">\n\t\t\t\t\t\t\t<a href=\"https:\/\/eleve-se.com.br\/conheca-propriedades-magicas-do-cominho\/\">\n\t\t\t\t\t\t\t\t<img width=\"1280\" height=\"720\" src=\"https:\/\/eleve-se.com.br\/wp-content\/uploads\/2023\/02\/conheca-propriedades-magicas-do-cominho.jpg\" class=\"attachment-large size-large\" alt=\"\" decoding=\"async\" loading=\"lazy\" srcset=\"https:\/\/eleve-se.com.br\/wp-content\/uploads\/2023\/02\/conheca-propriedades-magicas-do-cominho.jpg 1280w, https:\/\/eleve-se.com.br\/wp-content\/uploads\/2023\/02\/conheca-propriedades-magicas-do-cominho-400x225.jpg 400w, https:\/\/eleve-se.com.br\/wp-content\/uploads\/2023\/02\/conheca-propriedades-magicas-do-cominho-768x432.jpg 768w, https:\/\/eleve-se.com.br\/wp-content\/uploads\/2023\/02\/conheca-propriedades-magicas-do-cominho-860x484.jpg 860w, https:\/\/eleve-se.com.br\/wp-content\/uploads\/2023\/02\/conheca-propriedades-magicas-do-cominho-430x242.jpg 430w, https:\/\/eleve-se.com.br\/wp-content\/uploads\/2023\/02\/conheca-propriedades-magicas-do-cominho-700x394.jpg 700w, https:\/\/eleve-se.com.br\/wp-content\/uploads\/2023\/02\/conheca-propriedades-magicas-do-cominho-150x84.jpg 150w\" sizes=\"auto, (max-width: 1280px) 100vw, 1280px\" \/>\t\t\t\t\t\t\t<\/a>\n\t\t\t\t\t\t<\/div>\n\t\t\t\t\t\t<div class=\"post-image-mask\">\n\t\t\t\t\t\t\t<span><\/span>\n\t\t\t\t\t\t<\/div>\n\t\t\t\t\t\t\t\t\t<\/figure>\n\t\t\t\n\t\t\t\t\t\t<div class=\"wd-post-date wd-style-with-bg\">\n\t\t\t\t<span class=\"post-date-day\">\n\t\t\t\t\t06\t\t\t\t<\/span>\n\t\t\t\t<span class=\"post-date-month\">\n\t\t\t\t\tfev\t\t\t\t<\/span>\n\t\t\t<\/div>\n\t\t\t\t<\/header>\n\n\t\t<div class=\"article-body-container\">\n\t\t\t\t\t\t\t<div class=\"meta-categories-wrapp\">\n\t\t\t\t\t<div class=\"meta-post-categories wd-post-cat wd-style-with-bg\">\n\t\t\t\t\t\t<a href=\"https:\/\/eleve-se.com.br\/categoria\/rituais\/\" rel=\"category tag\">Rituais<\/a>\t\t\t\t\t<\/div>\n\t\t\t\t<\/div>\n\t\t\t\n\t\t\t\t\t\t\t<h3 class=\"wd-entities-title title post-title\">\n\t\t\t\t\t<a href=\"https:\/\/eleve-se.com.br\/conheca-propriedades-magicas-do-cominho\/\" rel=\"bookmark\">Conhe\u00e7a as propriedades m\u00e1gicas do cominho<\/a>\n\t\t\t\t<\/h3>\n\t\t\t\n\t\t\t\t\t\t\t<div class=\"entry-meta wd-entry-meta\">\n\t\t\t\t\t\t\t\t<ul class=\"entry-meta-list\">\n\t\t\t\t\t\t\t\t\t<li class=\"modified-date\">\n\t\t\t\t\t\t\t\t<time class=\"updated\" datetime=\"2025-01-07T18:05:43-03:00\">\n\t\t\t07\/01\/2025\t\t<\/time>\n\t\t\t\t\t\t\t<\/li>\n\n\t\t\t\t\t\n\t\t\t\t\t\t\t\t\t\t\t<li class=\"meta-author\">\n\t\t\t\t\t\t\t\t\t\t\t\t<span>Por<\/span>\n\t\t\n\t\t\t\t\t<img src=\"https:\/\/eleve-se.com.br\/wp-content\/uploads\/2022\/06\/logo_elevese-50x50.png\" width=\"32\" height=\"32\" srcset=\"https:\/\/eleve-se.com.br\/wp-content\/uploads\/2022\/06\/logo_elevese-75x75.png 2x\" alt=\"Equipe Eleve-se\" class=\"avatar avatar-32 wp-user-avatar wp-user-avatar-32 alignnone photo\" \/>\t\t\n\t\t<a href=\"https:\/\/eleve-se.com.br\/author\/equipe\/\" class=\"author\" rel=\"author\">Equipe Eleve-se<\/a>\n\t\t\t\t\t\t\t\t<\/li>\n\t\t\t\t\t\n\t\t\t\t\t\n\t\t\t\t\t\t\t\t\t\t\t\t<\/ul>\n\t\t\t\t\t\t<\/div>\n\t\t\t\t\t\t\t\n\t\t\t\t\t\t\t\t\t\t\t\t<div class=\"entry-content wd-post-desc\">\n\t\t\t\t\t\tO cominho \u00e9 uma especiaria que divide opini\u00f5es: h\u00e1 os que amam e os que n\u00e3o suportam! Mas, gostos pessoais \u00e0 parte, n\u00e3o podemos negar a...\t\t\t\t\t<\/div>\n\t\t\t\t\n\t\t\t\t\t\t\t\t\t\t\t\t\t\t<p class=\"read-more-section\">\n\t\t\t\t\t\t<a class=\"btn-read-more more-link\" href=\"https:\/\/eleve-se.com.br\/conheca-propriedades-magicas-do-cominho\/\">Continue lendo<\/a>\t\t\t\t\t<\/p>\n\t\t\t\t\t\t\t\t\t\t\t\t\t<\/div>\n\t<\/div>\n<\/article>\n\n\t\t\t\t\t\t\t\t\t\t\t\n<article id=\"post-19178\" class=\"wd-post blog-design-masonry blog-post-loop blog-style-bg wd-add-shadow wd-col post-19178 post type-post status-publish format-standard has-post-thumbnail hentry category-oraculos tag-runas tag-simbolos tag-vikings\">\n\t<div class=\"article-inner\">\n\t\t<header class=\"entry-header\">\n\t\t\t\t\t\t\t<figure class=\"entry-thumbnail\">\n\t\t\t\t\t\t\t\t\t\t\t<div class=\"post-img-wrapp\">\n\t\t\t\t\t\t\t<a href=\"https:\/\/eleve-se.com.br\/por-que-o-simbolo-do-bluetooth-e-uma-runa-viking\/\">\n\t\t\t\t\t\t\t\t<img width=\"1280\" height=\"720\" src=\"https:\/\/eleve-se.com.br\/wp-content\/uploads\/2023\/02\/por-que-o-simbolo-do-bluetooth-e-uma-runa-viking.jpg\" class=\"attachment-large size-large\" alt=\"\" decoding=\"async\" loading=\"lazy\" srcset=\"https:\/\/eleve-se.com.br\/wp-content\/uploads\/2023\/02\/por-que-o-simbolo-do-bluetooth-e-uma-runa-viking.jpg 1280w, https:\/\/eleve-se.com.br\/wp-content\/uploads\/2023\/02\/por-que-o-simbolo-do-bluetooth-e-uma-runa-viking-400x225.jpg 400w, https:\/\/eleve-se.com.br\/wp-content\/uploads\/2023\/02\/por-que-o-simbolo-do-bluetooth-e-uma-runa-viking-768x432.jpg 768w, https:\/\/eleve-se.com.br\/wp-content\/uploads\/2023\/02\/por-que-o-simbolo-do-bluetooth-e-uma-runa-viking-860x484.jpg 860w, https:\/\/eleve-se.com.br\/wp-content\/uploads\/2023\/02\/por-que-o-simbolo-do-bluetooth-e-uma-runa-viking-430x242.jpg 430w, https:\/\/eleve-se.com.br\/wp-content\/uploads\/2023\/02\/por-que-o-simbolo-do-bluetooth-e-uma-runa-viking-700x394.jpg 700w, https:\/\/eleve-se.com.br\/wp-content\/uploads\/2023\/02\/por-que-o-simbolo-do-bluetooth-e-uma-runa-viking-150x84.jpg 150w\" sizes=\"auto, (max-width: 1280px) 100vw, 1280px\" \/>\t\t\t\t\t\t\t<\/a>\n\t\t\t\t\t\t<\/div>\n\t\t\t\t\t\t<div class=\"post-image-mask\">\n\t\t\t\t\t\t\t<span><\/span>\n\t\t\t\t\t\t<\/div>\n\t\t\t\t\t\t\t\t\t<\/figure>\n\t\t\t\n\t\t\t\t\t\t<div class=\"wd-post-date wd-style-with-bg\">\n\t\t\t\t<span class=\"post-date-day\">\n\t\t\t\t\t02\t\t\t\t<\/span>\n\t\t\t\t<span class=\"post-date-month\">\n\t\t\t\t\tfev\t\t\t\t<\/span>\n\t\t\t<\/div>\n\t\t\t\t<\/header>\n\n\t\t<div class=\"article-body-container\">\n\t\t\t\t\t\t\t<div class=\"meta-categories-wrapp\">\n\t\t\t\t\t<div class=\"meta-post-categories wd-post-cat wd-style-with-bg\">\n\t\t\t\t\t\t<a href=\"https:\/\/eleve-se.com.br\/categoria\/oraculos\/\" rel=\"category tag\">Or\u00e1culos<\/a>\t\t\t\t\t<\/div>\n\t\t\t\t<\/div>\n\t\t\t\n\t\t\t\t\t\t\t<h3 class=\"wd-entities-title title post-title\">\n\t\t\t\t\t<a href=\"https:\/\/eleve-se.com.br\/por-que-o-simbolo-do-bluetooth-e-uma-runa-viking\/\" rel=\"bookmark\">Por que o s\u00edmbolo do bluetooth \u00e9 uma runa Viking?<\/a>\n\t\t\t\t<\/h3>\n\t\t\t\n\t\t\t\t\t\t\t<div class=\"entry-meta wd-entry-meta\">\n\t\t\t\t\t\t\t\t<ul class=\"entry-meta-list\">\n\t\t\t\t\t\t\t\t\t<li class=\"modified-date\">\n\t\t\t\t\t\t\t\t<time class=\"updated\" datetime=\"2023-06-01T09:49:00-03:00\">\n\t\t\t01\/06\/2023\t\t<\/time>\n\t\t\t\t\t\t\t<\/li>\n\n\t\t\t\t\t\n\t\t\t\t\t\t\t\t\t\t\t<li class=\"meta-author\">\n\t\t\t\t\t\t\t\t\t\t\t\t<span>Por<\/span>\n\t\t\n\t\t\t\t\t<img src=\"https:\/\/eleve-se.com.br\/wp-content\/uploads\/2022\/06\/logo_elevese-50x50.png\" width=\"32\" height=\"32\" srcset=\"https:\/\/eleve-se.com.br\/wp-content\/uploads\/2022\/06\/logo_elevese-75x75.png 2x\" alt=\"Equipe Eleve-se\" class=\"avatar avatar-32 wp-user-avatar wp-user-avatar-32 alignnone photo\" \/>\t\t\n\t\t<a href=\"https:\/\/eleve-se.com.br\/author\/equipe\/\" class=\"author\" rel=\"author\">Equipe Eleve-se<\/a>\n\t\t\t\t\t\t\t\t<\/li>\n\t\t\t\t\t\n\t\t\t\t\t\n\t\t\t\t\t\t\t\t\t\t\t\t<\/ul>\n\t\t\t\t\t\t<\/div>\n\t\t\t\t\t\t\t\n\t\t\t\t\t\t\t\t\t\t\t\t<div class=\"entry-content wd-post-desc\">\n\t\t\t\t\t\tVoc\u00ea j\u00e1 reparou que o s\u00edmbolo do Bluetooth parece uma runa, o alfabeto dos povos n\u00f3rdicos? Sim, e eu vou te explicar de onde surgiu ess...\t\t\t\t\t<\/div>\n\t\t\t\t\n\t\t\t\t\t\t\t\t\t\t\t\t\t\t<p class=\"read-more-section\">\n\t\t\t\t\t\t<a class=\"btn-read-more more-link\" href=\"https:\/\/eleve-se.com.br\/por-que-o-simbolo-do-bluetooth-e-uma-runa-viking\/\">Continue lendo<\/a>\t\t\t\t\t<\/p>\n\t\t\t\t\t\t\t\t\t\t\t\t\t<\/div>\n\t<\/div>\n<\/article>\n\n\t\t\t\t\t\t\t\t\t\t\t\n<article id=\"post-19154\" class=\"wd-post blog-design-masonry blog-post-loop blog-style-bg wd-add-shadow wd-col post-19154 post type-post status-publish format-standard has-post-thumbnail hentry category-autoconhecimento tag-significado tag-sonhos\">\n\t<div class=\"article-inner\">\n\t\t<header class=\"entry-header\">\n\t\t\t\t\t\t\t<figure class=\"entry-thumbnail\">\n\t\t\t\t\t\t\t\t\t\t\t<div class=\"post-img-wrapp\">\n\t\t\t\t\t\t\t<a href=\"https:\/\/eleve-se.com.br\/descubra-o-significado-de-6-sonhos-mais-comuns-e-curiosos\/\">\n\t\t\t\t\t\t\t\t<img width=\"1280\" height=\"720\" src=\"https:\/\/eleve-se.com.br\/wp-content\/uploads\/2023\/01\/descubra-o-significado-de-6-sonhos-mais-comuns-e-curiosos.jpg\" class=\"attachment-large size-large\" alt=\"\" decoding=\"async\" loading=\"lazy\" srcset=\"https:\/\/eleve-se.com.br\/wp-content\/uploads\/2023\/01\/descubra-o-significado-de-6-sonhos-mais-comuns-e-curiosos.jpg 1280w, https:\/\/eleve-se.com.br\/wp-content\/uploads\/2023\/01\/descubra-o-significado-de-6-sonhos-mais-comuns-e-curiosos-400x225.jpg 400w, https:\/\/eleve-se.com.br\/wp-content\/uploads\/2023\/01\/descubra-o-significado-de-6-sonhos-mais-comuns-e-curiosos-768x432.jpg 768w, https:\/\/eleve-se.com.br\/wp-content\/uploads\/2023\/01\/descubra-o-significado-de-6-sonhos-mais-comuns-e-curiosos-860x484.jpg 860w, https:\/\/eleve-se.com.br\/wp-content\/uploads\/2023\/01\/descubra-o-significado-de-6-sonhos-mais-comuns-e-curiosos-430x242.jpg 430w, https:\/\/eleve-se.com.br\/wp-content\/uploads\/2023\/01\/descubra-o-significado-de-6-sonhos-mais-comuns-e-curiosos-700x394.jpg 700w, https:\/\/eleve-se.com.br\/wp-content\/uploads\/2023\/01\/descubra-o-significado-de-6-sonhos-mais-comuns-e-curiosos-150x84.jpg 150w\" sizes=\"auto, (max-width: 1280px) 100vw, 1280px\" \/>\t\t\t\t\t\t\t<\/a>\n\t\t\t\t\t\t<\/div>\n\t\t\t\t\t\t<div class=\"post-image-mask\">\n\t\t\t\t\t\t\t<span><\/span>\n\t\t\t\t\t\t<\/div>\n\t\t\t\t\t\t\t\t\t<\/figure>\n\t\t\t\n\t\t\t\t\t\t<div class=\"wd-post-date wd-style-with-bg\">\n\t\t\t\t<span class=\"post-date-day\">\n\t\t\t\t\t01\t\t\t\t<\/span>\n\t\t\t\t<span class=\"post-date-month\">\n\t\t\t\t\tfev\t\t\t\t<\/span>\n\t\t\t<\/div>\n\t\t\t\t<\/header>\n\n\t\t<div class=\"article-body-container\">\n\t\t\t\t\t\t\t<div class=\"meta-categories-wrapp\">\n\t\t\t\t\t<div class=\"meta-post-categories wd-post-cat wd-style-with-bg\">\n\t\t\t\t\t\t<a href=\"https:\/\/eleve-se.com.br\/categoria\/autoconhecimento\/\" rel=\"category tag\">Autoconhecimento<\/a>\t\t\t\t\t<\/div>\n\t\t\t\t<\/div>\n\t\t\t\n\t\t\t\t\t\t\t<h3 class=\"wd-entities-title title post-title\">\n\t\t\t\t\t<a href=\"https:\/\/eleve-se.com.br\/descubra-o-significado-de-6-sonhos-mais-comuns-e-curiosos\/\" rel=\"bookmark\">Descubra o significado de 6 sonhos mais comuns e curiosos<\/a>\n\t\t\t\t<\/h3>\n\t\t\t\n\t\t\t\t\t\t\t<div class=\"entry-meta wd-entry-meta\">\n\t\t\t\t\t\t\t\t<ul class=\"entry-meta-list\">\n\t\t\t\t\t\t\t\t\t<li class=\"modified-date\">\n\t\t\t\t\t\t\t\t<time class=\"updated\" datetime=\"2023-06-01T09:49:07-03:00\">\n\t\t\t01\/06\/2023\t\t<\/time>\n\t\t\t\t\t\t\t<\/li>\n\n\t\t\t\t\t\n\t\t\t\t\t\t\t\t\t\t\t<li class=\"meta-author\">\n\t\t\t\t\t\t\t\t\t\t\t\t<span>Por<\/span>\n\t\t\n\t\t\t\t\t<img src=\"https:\/\/eleve-se.com.br\/wp-content\/uploads\/2022\/06\/logo_elevese-50x50.png\" width=\"32\" height=\"32\" srcset=\"https:\/\/eleve-se.com.br\/wp-content\/uploads\/2022\/06\/logo_elevese-75x75.png 2x\" alt=\"Equipe Eleve-se\" class=\"avatar avatar-32 wp-user-avatar wp-user-avatar-32 alignnone photo\" \/>\t\t\n\t\t<a href=\"https:\/\/eleve-se.com.br\/author\/equipe\/\" class=\"author\" rel=\"author\">Equipe Eleve-se<\/a>\n\t\t\t\t\t\t\t\t<\/li>\n\t\t\t\t\t\n\t\t\t\t\t\n\t\t\t\t\t\t\t\t\t\t\t\t<\/ul>\n\t\t\t\t\t\t<\/div>\n\t\t\t\t\t\t\t\n\t\t\t\t\t\t\t\t\t\t\t\t<div class=\"entry-content wd-post-desc\">\n\t\t\t\t\t\tQuanto mais estranho um sonho \u00e9, mais curiosidade se tem sobre o que ele pode significar. Para alguns, uma mensagem subliminar do incon...\t\t\t\t\t<\/div>\n\t\t\t\t\n\t\t\t\t\t\t\t\t\t\t\t\t\t\t<p class=\"read-more-section\">\n\t\t\t\t\t\t<a class=\"btn-read-more more-link\" href=\"https:\/\/eleve-se.com.br\/descubra-o-significado-de-6-sonhos-mais-comuns-e-curiosos\/\">Continue lendo<\/a>\t\t\t\t\t<\/p>\n\t\t\t\t\t\t\t\t\t\t\t\t\t<\/div>\n\t<\/div>\n<\/article>\n\n\t\t\t\t\t\t\t\t\t\t\t\n<article id=\"post-19171\" class=\"wd-post blog-design-masonry blog-post-loop blog-style-bg wd-add-shadow wd-col post-19171 post type-post status-publish format-standard has-post-thumbnail hentry category-rituais tag-calendula tag-camomila tag-capim-limao tag-cha tag-conexao-espiritual tag-espiritualidade tag-hibisco tag-hortela tag-rituais tag-ritual\">\n\t<div class=\"article-inner\">\n\t\t<header class=\"entry-header\">\n\t\t\t\t\t\t\t<figure class=\"entry-thumbnail\">\n\t\t\t\t\t\t\t\t\t\t\t<div class=\"post-img-wrapp\">\n\t\t\t\t\t\t\t<a href=\"https:\/\/eleve-se.com.br\/cinco-ervas-que-vao-ativar-a-sua-consciencia-espiritual\/\">\n\t\t\t\t\t\t\t\t<img width=\"1280\" height=\"720\" src=\"https:\/\/eleve-se.com.br\/wp-content\/uploads\/2023\/01\/cinco-ervas-que-vao-ativar-a-sua-consciencia-espiritual.jpg\" class=\"attachment-large size-large\" alt=\"\" decoding=\"async\" loading=\"lazy\" srcset=\"https:\/\/eleve-se.com.br\/wp-content\/uploads\/2023\/01\/cinco-ervas-que-vao-ativar-a-sua-consciencia-espiritual.jpg 1280w, https:\/\/eleve-se.com.br\/wp-content\/uploads\/2023\/01\/cinco-ervas-que-vao-ativar-a-sua-consciencia-espiritual-400x225.jpg 400w, https:\/\/eleve-se.com.br\/wp-content\/uploads\/2023\/01\/cinco-ervas-que-vao-ativar-a-sua-consciencia-espiritual-768x432.jpg 768w, https:\/\/eleve-se.com.br\/wp-content\/uploads\/2023\/01\/cinco-ervas-que-vao-ativar-a-sua-consciencia-espiritual-860x484.jpg 860w, https:\/\/eleve-se.com.br\/wp-content\/uploads\/2023\/01\/cinco-ervas-que-vao-ativar-a-sua-consciencia-espiritual-430x242.jpg 430w, https:\/\/eleve-se.com.br\/wp-content\/uploads\/2023\/01\/cinco-ervas-que-vao-ativar-a-sua-consciencia-espiritual-700x394.jpg 700w, https:\/\/eleve-se.com.br\/wp-content\/uploads\/2023\/01\/cinco-ervas-que-vao-ativar-a-sua-consciencia-espiritual-150x84.jpg 150w\" sizes=\"auto, (max-width: 1280px) 100vw, 1280px\" \/>\t\t\t\t\t\t\t<\/a>\n\t\t\t\t\t\t<\/div>\n\t\t\t\t\t\t<div class=\"post-image-mask\">\n\t\t\t\t\t\t\t<span><\/span>\n\t\t\t\t\t\t<\/div>\n\t\t\t\t\t\t\t\t\t<\/figure>\n\t\t\t\n\t\t\t\t\t\t<div class=\"wd-post-date wd-style-with-bg\">\n\t\t\t\t<span class=\"post-date-day\">\n\t\t\t\t\t31\t\t\t\t<\/span>\n\t\t\t\t<span class=\"post-date-month\">\n\t\t\t\t\tjan\t\t\t\t<\/span>\n\t\t\t<\/div>\n\t\t\t\t<\/header>\n\n\t\t<div class=\"article-body-container\">\n\t\t\t\t\t\t\t<div class=\"meta-categories-wrapp\">\n\t\t\t\t\t<div class=\"meta-post-categories wd-post-cat wd-style-with-bg\">\n\t\t\t\t\t\t<a href=\"https:\/\/eleve-se.com.br\/categoria\/rituais\/\" rel=\"category tag\">Rituais<\/a>\t\t\t\t\t<\/div>\n\t\t\t\t<\/div>\n\t\t\t\n\t\t\t\t\t\t\t<h3 class=\"wd-entities-title title post-title\">\n\t\t\t\t\t<a href=\"https:\/\/eleve-se.com.br\/cinco-ervas-que-vao-ativar-a-sua-consciencia-espiritual\/\" rel=\"bookmark\">Cinco ervas que v\u00e3o ativar a sua consci\u00eancia espiritual<\/a>\n\t\t\t\t<\/h3>\n\t\t\t\n\t\t\t\t\t\t\t<div class=\"entry-meta wd-entry-meta\">\n\t\t\t\t\t\t\t\t<ul class=\"entry-meta-list\">\n\t\t\t\t\t\t\t\t\t<li class=\"modified-date\">\n\t\t\t\t\t\t\t\t<time class=\"updated\" datetime=\"2023-06-01T09:49:14-03:00\">\n\t\t\t01\/06\/2023\t\t<\/time>\n\t\t\t\t\t\t\t<\/li>\n\n\t\t\t\t\t\n\t\t\t\t\t\t\t\t\t\t\t<li class=\"meta-author\">\n\t\t\t\t\t\t\t\t\t\t\t\t<span>Por<\/span>\n\t\t\n\t\t\t\t\t<img src=\"https:\/\/eleve-se.com.br\/wp-content\/uploads\/2022\/06\/logo_elevese-50x50.png\" width=\"32\" height=\"32\" srcset=\"https:\/\/eleve-se.com.br\/wp-content\/uploads\/2022\/06\/logo_elevese-75x75.png 2x\" alt=\"Equipe Eleve-se\" class=\"avatar avatar-32 wp-user-avatar wp-user-avatar-32 alignnone photo\" \/>\t\t\n\t\t<a href=\"https:\/\/eleve-se.com.br\/author\/equipe\/\" class=\"author\" rel=\"author\">Equipe Eleve-se<\/a>\n\t\t\t\t\t\t\t\t<\/li>\n\t\t\t\t\t\n\t\t\t\t\t\n\t\t\t\t\t\t\t\t\t\t\t\t<\/ul>\n\t\t\t\t\t\t<\/div>\n\t\t\t\t\t\t\t\n\t\t\t\t\t\t\t\t\t\t\t\t<div class=\"entry-content wd-post-desc\">\n\t\t\t\t\t\tAl\u00e9m dos benef\u00edcios fitoter\u00e1picos, as ervas tamb\u00e9m possuem uma grande energia que atua no nosso campo espiritual. E voc\u00ea n\u00e3o precisa de...\t\t\t\t\t<\/div>\n\t\t\t\t\n\t\t\t\t\t\t\t\t\t\t\t\t\t\t<p class=\"read-more-section\">\n\t\t\t\t\t\t<a class=\"btn-read-more more-link\" href=\"https:\/\/eleve-se.com.br\/cinco-ervas-que-vao-ativar-a-sua-consciencia-espiritual\/\">Continue lendo<\/a>\t\t\t\t\t<\/p>\n\t\t\t\t\t\t\t\t\t\t\t\t\t<\/div>\n\t<\/div>\n<\/article>\n\n\t\t\t\t\t\t\t\t\t\t\t\n<article id=\"post-19144\" class=\"wd-post blog-design-masonry blog-post-loop blog-style-bg wd-add-shadow wd-col post-19144 post type-post status-publish format-standard has-post-thumbnail hentry category-vida-saudavel tag-asma tag-ayurvedica tag-medicina-natural\">\n\t<div class=\"article-inner\">\n\t\t<header class=\"entry-header\">\n\t\t\t\t\t\t\t<figure class=\"entry-thumbnail\">\n\t\t\t\t\t\t\t\t\t\t\t<div class=\"post-img-wrapp\">\n\t\t\t\t\t\t\t<a href=\"https:\/\/eleve-se.com.br\/a-causa-da-asma-segundo-a-medicina-ayurveda\/\">\n\t\t\t\t\t\t\t\t<img width=\"1280\" height=\"720\" src=\"https:\/\/eleve-se.com.br\/wp-content\/uploads\/2023\/01\/a-causa-da-asma-segundo-a-medicina-ayurveda.jpg\" class=\"attachment-large size-large\" alt=\"\" decoding=\"async\" loading=\"lazy\" srcset=\"https:\/\/eleve-se.com.br\/wp-content\/uploads\/2023\/01\/a-causa-da-asma-segundo-a-medicina-ayurveda.jpg 1280w, https:\/\/eleve-se.com.br\/wp-content\/uploads\/2023\/01\/a-causa-da-asma-segundo-a-medicina-ayurveda-400x225.jpg 400w, https:\/\/eleve-se.com.br\/wp-content\/uploads\/2023\/01\/a-causa-da-asma-segundo-a-medicina-ayurveda-768x432.jpg 768w, https:\/\/eleve-se.com.br\/wp-content\/uploads\/2023\/01\/a-causa-da-asma-segundo-a-medicina-ayurveda-860x484.jpg 860w, https:\/\/eleve-se.com.br\/wp-content\/uploads\/2023\/01\/a-causa-da-asma-segundo-a-medicina-ayurveda-430x242.jpg 430w, https:\/\/eleve-se.com.br\/wp-content\/uploads\/2023\/01\/a-causa-da-asma-segundo-a-medicina-ayurveda-700x394.jpg 700w, https:\/\/eleve-se.com.br\/wp-content\/uploads\/2023\/01\/a-causa-da-asma-segundo-a-medicina-ayurveda-150x84.jpg 150w\" sizes=\"auto, (max-width: 1280px) 100vw, 1280px\" \/>\t\t\t\t\t\t\t<\/a>\n\t\t\t\t\t\t<\/div>\n\t\t\t\t\t\t<div class=\"post-image-mask\">\n\t\t\t\t\t\t\t<span><\/span>\n\t\t\t\t\t\t<\/div>\n\t\t\t\t\t\t\t\t\t<\/figure>\n\t\t\t\n\t\t\t\t\t\t<div class=\"wd-post-date wd-style-with-bg\">\n\t\t\t\t<span class=\"post-date-day\">\n\t\t\t\t\t30\t\t\t\t<\/span>\n\t\t\t\t<span class=\"post-date-month\">\n\t\t\t\t\tjan\t\t\t\t<\/span>\n\t\t\t<\/div>\n\t\t\t\t<\/header>\n\n\t\t<div class=\"article-body-container\">\n\t\t\t\t\t\t\t<div class=\"meta-categories-wrapp\">\n\t\t\t\t\t<div class=\"meta-post-categories wd-post-cat wd-style-with-bg\">\n\t\t\t\t\t\t<a href=\"https:\/\/eleve-se.com.br\/categoria\/vida-saudavel\/\" rel=\"category tag\">Vida Saud\u00e1vel<\/a>\t\t\t\t\t<\/div>\n\t\t\t\t<\/div>\n\t\t\t\n\t\t\t\t\t\t\t<h3 class=\"wd-entities-title title post-title\">\n\t\t\t\t\t<a href=\"https:\/\/eleve-se.com.br\/a-causa-da-asma-segundo-a-medicina-ayurveda\/\" rel=\"bookmark\">A causa da asma segundo a medicina Ayurveda<\/a>\n\t\t\t\t<\/h3>\n\t\t\t\n\t\t\t\t\t\t\t<div class=\"entry-meta wd-entry-meta\">\n\t\t\t\t\t\t\t\t<ul class=\"entry-meta-list\">\n\t\t\t\t\t\t\t\t\t<li class=\"modified-date\">\n\t\t\t\t\t\t\t\t<time class=\"updated\" datetime=\"2023-06-01T09:49:19-03:00\">\n\t\t\t01\/06\/2023\t\t<\/time>\n\t\t\t\t\t\t\t<\/li>\n\n\t\t\t\t\t\n\t\t\t\t\t\t\t\t\t\t\t<li class=\"meta-author\">\n\t\t\t\t\t\t\t\t\t\t\t\t<span>Por<\/span>\n\t\t\n\t\t\t\t\t<img src=\"https:\/\/eleve-se.com.br\/wp-content\/uploads\/2022\/06\/logo_elevese-50x50.png\" width=\"32\" height=\"32\" srcset=\"https:\/\/eleve-se.com.br\/wp-content\/uploads\/2022\/06\/logo_elevese-75x75.png 2x\" alt=\"Equipe Eleve-se\" class=\"avatar avatar-32 wp-user-avatar wp-user-avatar-32 alignnone photo\" \/>\t\t\n\t\t<a href=\"https:\/\/eleve-se.com.br\/author\/equipe\/\" class=\"author\" rel=\"author\">Equipe Eleve-se<\/a>\n\t\t\t\t\t\t\t\t<\/li>\n\t\t\t\t\t\n\t\t\t\t\t\n\t\t\t\t\t\t\t\t\t\t\t\t<\/ul>\n\t\t\t\t\t\t<\/div>\n\t\t\t\t\t\t\t\n\t\t\t\t\t\t\t\t\t\t\t\t<div class=\"entry-content wd-post-desc\">\n\t\t\t\t\t\tAyurveda \u00e9 um termo que vem do s\u00e2nscrito e significa \u201cci\u00eancia da vida\u201d. Trata-se de um sistema de medicina natural que originou-se na \u00cd...\t\t\t\t\t<\/div>\n\t\t\t\t\n\t\t\t\t\t\t\t\t\t\t\t\t\t\t<p class=\"read-more-section\">\n\t\t\t\t\t\t<a class=\"btn-read-more more-link\" href=\"https:\/\/eleve-se.com.br\/a-causa-da-asma-segundo-a-medicina-ayurveda\/\">Continue lendo<\/a>\t\t\t\t\t<\/p>\n\t\t\t\t\t\t\t\t\t\t\t\t\t<\/div>\n\t<\/div>\n<\/article>\n\n\t\t\t\t\t\t\t\t\t\t\t\n<article id=\"post-19161\" class=\"wd-post blog-design-masonry blog-post-loop blog-style-bg wd-add-shadow wd-col post-19161 post type-post status-publish format-standard has-post-thumbnail hentry category-cultura tag-africa tag-exposicao tag-ioruba tag-religiao\">\n\t<div class=\"article-inner\">\n\t\t<header class=\"entry-header\">\n\t\t\t\t\t\t\t<figure class=\"entry-thumbnail\">\n\t\t\t\t\t\t\t\t\t\t\t<div class=\"post-img-wrapp\">\n\t\t\t\t\t\t\t<a href=\"https:\/\/eleve-se.com.br\/latigbana-dai-por-diante-reune-exposicao-mostra-diferentes-culturas-de-matriz-africana\/\">\n\t\t\t\t\t\t\t\t<img width=\"1280\" height=\"720\" src=\"https:\/\/eleve-se.com.br\/wp-content\/uploads\/2023\/01\/latigbana-dai-por-diante-reune-exposicao-mostra-diferentes-culturas-de-matriz-africana.jpg\" class=\"attachment-large size-large\" alt=\"\" decoding=\"async\" loading=\"lazy\" srcset=\"https:\/\/eleve-se.com.br\/wp-content\/uploads\/2023\/01\/latigbana-dai-por-diante-reune-exposicao-mostra-diferentes-culturas-de-matriz-africana.jpg 1280w, https:\/\/eleve-se.com.br\/wp-content\/uploads\/2023\/01\/latigbana-dai-por-diante-reune-exposicao-mostra-diferentes-culturas-de-matriz-africana-400x225.jpg 400w, https:\/\/eleve-se.com.br\/wp-content\/uploads\/2023\/01\/latigbana-dai-por-diante-reune-exposicao-mostra-diferentes-culturas-de-matriz-africana-768x432.jpg 768w, https:\/\/eleve-se.com.br\/wp-content\/uploads\/2023\/01\/latigbana-dai-por-diante-reune-exposicao-mostra-diferentes-culturas-de-matriz-africana-860x484.jpg 860w, https:\/\/eleve-se.com.br\/wp-content\/uploads\/2023\/01\/latigbana-dai-por-diante-reune-exposicao-mostra-diferentes-culturas-de-matriz-africana-430x242.jpg 430w, https:\/\/eleve-se.com.br\/wp-content\/uploads\/2023\/01\/latigbana-dai-por-diante-reune-exposicao-mostra-diferentes-culturas-de-matriz-africana-700x394.jpg 700w, https:\/\/eleve-se.com.br\/wp-content\/uploads\/2023\/01\/latigbana-dai-por-diante-reune-exposicao-mostra-diferentes-culturas-de-matriz-africana-150x84.jpg 150w\" sizes=\"auto, (max-width: 1280px) 100vw, 1280px\" \/>\t\t\t\t\t\t\t<\/a>\n\t\t\t\t\t\t<\/div>\n\t\t\t\t\t\t<div class=\"post-image-mask\">\n\t\t\t\t\t\t\t<span><\/span>\n\t\t\t\t\t\t<\/div>\n\t\t\t\t\t\t\t\t\t<\/figure>\n\t\t\t\n\t\t\t\t\t\t<div class=\"wd-post-date wd-style-with-bg\">\n\t\t\t\t<span class=\"post-date-day\">\n\t\t\t\t\t26\t\t\t\t<\/span>\n\t\t\t\t<span class=\"post-date-month\">\n\t\t\t\t\tjan\t\t\t\t<\/span>\n\t\t\t<\/div>\n\t\t\t\t<\/header>\n\n\t\t<div class=\"article-body-container\">\n\t\t\t\t\t\t\t<div class=\"meta-categories-wrapp\">\n\t\t\t\t\t<div class=\"meta-post-categories wd-post-cat wd-style-with-bg\">\n\t\t\t\t\t\t<a href=\"https:\/\/eleve-se.com.br\/categoria\/cultura\/\" rel=\"category tag\">Cultura<\/a>\t\t\t\t\t<\/div>\n\t\t\t\t<\/div>\n\t\t\t\n\t\t\t\t\t\t\t<h3 class=\"wd-entities-title title post-title\">\n\t\t\t\t\t<a href=\"https:\/\/eleve-se.com.br\/latigbana-dai-por-diante-reune-exposicao-mostra-diferentes-culturas-de-matriz-africana\/\" rel=\"bookmark\">&#8220;Latigban\u00e1 &#8211; Da\u00ed Por Diante re\u00fane&#8221; exposi\u00e7\u00e3o mostra diferentes culturas de matriz africana<\/a>\n\t\t\t\t<\/h3>\n\t\t\t\n\t\t\t\t\t\t\t<div class=\"entry-meta wd-entry-meta\">\n\t\t\t\t\t\t\t\t<ul class=\"entry-meta-list\">\n\t\t\t\t\t\t\t\t\t<li class=\"modified-date\">\n\t\t\t\t\t\t\t\t<time class=\"updated\" datetime=\"2023-06-01T09:51:06-03:00\">\n\t\t\t01\/06\/2023\t\t<\/time>\n\t\t\t\t\t\t\t<\/li>\n\n\t\t\t\t\t\n\t\t\t\t\t\t\t\t\t\t\t<li class=\"meta-author\">\n\t\t\t\t\t\t\t\t\t\t\t\t<span>Por<\/span>\n\t\t\n\t\t\t\t\t<img src=\"https:\/\/eleve-se.com.br\/wp-content\/uploads\/2022\/06\/logo_elevese-50x50.png\" width=\"32\" height=\"32\" srcset=\"https:\/\/eleve-se.com.br\/wp-content\/uploads\/2022\/06\/logo_elevese-75x75.png 2x\" alt=\"Equipe Eleve-se\" class=\"avatar avatar-32 wp-user-avatar wp-user-avatar-32 alignnone photo\" \/>\t\t\n\t\t<a href=\"https:\/\/eleve-se.com.br\/author\/equipe\/\" class=\"author\" rel=\"author\">Equipe Eleve-se<\/a>\n\t\t\t\t\t\t\t\t<\/li>\n\t\t\t\t\t\n\t\t\t\t\t\n\t\t\t\t\t\t\t\t\t\t\t\t<\/ul>\n\t\t\t\t\t\t<\/div>\n\t\t\t\t\t\t\t\n\t\t\t\t\t\t\t\t\t\t\t\t<div class=\"entry-content wd-post-desc\">\n\t\t\t\t\t\tCom curadoria de Di\u00f3genes Moura, a exposi\u00e7\u00e3o contempla imagens que representam a cultura de matriz africana e as afro-religiosidades vi...\t\t\t\t\t<\/div>\n\t\t\t\t\n\t\t\t\t\t\t\t\t\t\t\t\t\t\t<p class=\"read-more-section\">\n\t\t\t\t\t\t<a class=\"btn-read-more more-link\" href=\"https:\/\/eleve-se.com.br\/latigbana-dai-por-diante-reune-exposicao-mostra-diferentes-culturas-de-matriz-africana\/\">Continue lendo<\/a>\t\t\t\t\t<\/p>\n\t\t\t\t\t\t\t\t\t\t\t\t\t<\/div>\n\t<\/div>\n<\/article>\n\n\t\t\t\t\t\t\t\t\t\t\t\n<article id=\"post-19135\" class=\"wd-post blog-design-masonry blog-post-loop blog-style-bg wd-add-shadow wd-col post-19135 post type-post status-publish format-standard has-post-thumbnail hentry category-autoconhecimento tag-prosperidade\">\n\t<div class=\"article-inner\">\n\t\t<header class=\"entry-header\">\n\t\t\t\t\t\t\t<figure class=\"entry-thumbnail\">\n\t\t\t\t\t\t\t\t\t\t\t<div class=\"post-img-wrapp\">\n\t\t\t\t\t\t\t<a href=\"https:\/\/eleve-se.com.br\/como-ter-prosperidade-em-2023\/\">\n\t\t\t\t\t\t\t\t<img width=\"1280\" height=\"720\" src=\"https:\/\/eleve-se.com.br\/wp-content\/uploads\/2023\/01\/como-ter-prosperidade-em-2023.jpg\" class=\"attachment-large size-large\" alt=\"\" decoding=\"async\" loading=\"lazy\" srcset=\"https:\/\/eleve-se.com.br\/wp-content\/uploads\/2023\/01\/como-ter-prosperidade-em-2023.jpg 1280w, https:\/\/eleve-se.com.br\/wp-content\/uploads\/2023\/01\/como-ter-prosperidade-em-2023-400x225.jpg 400w, https:\/\/eleve-se.com.br\/wp-content\/uploads\/2023\/01\/como-ter-prosperidade-em-2023-768x432.jpg 768w, https:\/\/eleve-se.com.br\/wp-content\/uploads\/2023\/01\/como-ter-prosperidade-em-2023-860x484.jpg 860w, https:\/\/eleve-se.com.br\/wp-content\/uploads\/2023\/01\/como-ter-prosperidade-em-2023-430x242.jpg 430w, https:\/\/eleve-se.com.br\/wp-content\/uploads\/2023\/01\/como-ter-prosperidade-em-2023-700x394.jpg 700w, https:\/\/eleve-se.com.br\/wp-content\/uploads\/2023\/01\/como-ter-prosperidade-em-2023-150x84.jpg 150w\" sizes=\"auto, (max-width: 1280px) 100vw, 1280px\" \/>\t\t\t\t\t\t\t<\/a>\n\t\t\t\t\t\t<\/div>\n\t\t\t\t\t\t<div class=\"post-image-mask\">\n\t\t\t\t\t\t\t<span><\/span>\n\t\t\t\t\t\t<\/div>\n\t\t\t\t\t\t\t\t\t<\/figure>\n\t\t\t\n\t\t\t\t\t\t<div class=\"wd-post-date wd-style-with-bg\">\n\t\t\t\t<span class=\"post-date-day\">\n\t\t\t\t\t25\t\t\t\t<\/span>\n\t\t\t\t<span class=\"post-date-month\">\n\t\t\t\t\tjan\t\t\t\t<\/span>\n\t\t\t<\/div>\n\t\t\t\t<\/header>\n\n\t\t<div class=\"article-body-container\">\n\t\t\t\t\t\t\t<div class=\"meta-categories-wrapp\">\n\t\t\t\t\t<div class=\"meta-post-categories wd-post-cat wd-style-with-bg\">\n\t\t\t\t\t\t<a href=\"https:\/\/eleve-se.com.br\/categoria\/autoconhecimento\/\" rel=\"category tag\">Autoconhecimento<\/a>\t\t\t\t\t<\/div>\n\t\t\t\t<\/div>\n\t\t\t\n\t\t\t\t\t\t\t<h3 class=\"wd-entities-title title post-title\">\n\t\t\t\t\t<a href=\"https:\/\/eleve-se.com.br\/como-ter-prosperidade-em-2023\/\" rel=\"bookmark\">Como ter prosperidade em 2023?<\/a>\n\t\t\t\t<\/h3>\n\t\t\t\n\t\t\t\t\t\t\t<div class=\"entry-meta wd-entry-meta\">\n\t\t\t\t\t\t\t\t<ul class=\"entry-meta-list\">\n\t\t\t\t\t\t\t\t\t<li class=\"modified-date\">\n\t\t\t\t\t\t\t\t<time class=\"updated\" datetime=\"2023-06-01T09:51:13-03:00\">\n\t\t\t01\/06\/2023\t\t<\/time>\n\t\t\t\t\t\t\t<\/li>\n\n\t\t\t\t\t\n\t\t\t\t\t\t\t\t\t\t\t<li class=\"meta-author\">\n\t\t\t\t\t\t\t\t\t\t\t\t<span>Por<\/span>\n\t\t\n\t\t\t\t\t<img src=\"https:\/\/eleve-se.com.br\/wp-content\/uploads\/2022\/06\/logo_elevese-50x50.png\" width=\"32\" height=\"32\" srcset=\"https:\/\/eleve-se.com.br\/wp-content\/uploads\/2022\/06\/logo_elevese-75x75.png 2x\" alt=\"Equipe Eleve-se\" class=\"avatar avatar-32 wp-user-avatar wp-user-avatar-32 alignnone photo\" \/>\t\t\n\t\t<a href=\"https:\/\/eleve-se.com.br\/author\/equipe\/\" class=\"author\" rel=\"author\">Equipe Eleve-se<\/a>\n\t\t\t\t\t\t\t\t<\/li>\n\t\t\t\t\t\n\t\t\t\t\t\n\t\t\t\t\t\t\t\t\t\t\t\t<\/ul>\n\t\t\t\t\t\t<\/div>\n\t\t\t\t\t\t\t\n\t\t\t\t\t\t\t\t\t\t\t\t<div class=\"entry-content wd-post-desc\">\n\t\t\t\t\t\tQuem n\u00e3o deseja ser pr\u00f3spero em todas as \u00e1reas da vida, n\u00e3o \u00e9 mesmo? E ser pr\u00f3spero n\u00e3o significa s\u00f3 ganhar dinheiro, mas tamb\u00e9m ter sa...\t\t\t\t\t<\/div>\n\t\t\t\t\n\t\t\t\t\t\t\t\t\t\t\t\t\t\t<p class=\"read-more-section\">\n\t\t\t\t\t\t<a class=\"btn-read-more more-link\" href=\"https:\/\/eleve-se.com.br\/como-ter-prosperidade-em-2023\/\">Continue lendo<\/a>\t\t\t\t\t<\/p>\n\t\t\t\t\t\t\t\t\t\t\t\t\t<\/div>\n\t<\/div>\n<\/article>\n\n\t\t\t\t\t\n\t\t\t\t\t","status":"have-posts","nextPage":"https:\/\/eleve-se.com.br\/author\/equipe\/page\/7\/?woo_ajax=1","currentPage":"https:\/\/eleve-se.com.br\/author\/equipe\/page\/6"}