
			
				

					
				

			
		{"items":"\n\t\t\t\t\t\t\t\t\t\t\t\n<article id=\"post-19130\" class=\"wd-post blog-design-masonry blog-post-loop blog-style-bg wd-add-shadow wd-col post-19130 post type-post status-publish format-standard has-post-thumbnail hentry category-autoconhecimento tag-metas tag-objetivos tag-planejamento\">\n\t<div class=\"article-inner\">\n\t\t<header class=\"entry-header\">\n\t\t\t\t\t\t\t<figure class=\"entry-thumbnail\">\n\t\t\t\t\t\t\t\t\t\t\t<div class=\"post-img-wrapp\">\n\t\t\t\t\t\t\t<a href=\"https:\/\/eleve-se.com.br\/aprenda-a-planejar-suas-metas-com-especialista\/\">\n\t\t\t\t\t\t\t\t<img width=\"1280\" height=\"720\" src=\"https:\/\/eleve-se.com.br\/wp-content\/uploads\/2023\/01\/aprenda-a-planejar-suas-metas-com-especialista.jpg\" class=\"attachment-large size-large\" alt=\"\" decoding=\"async\" fetchpriority=\"high\" srcset=\"https:\/\/eleve-se.com.br\/wp-content\/uploads\/2023\/01\/aprenda-a-planejar-suas-metas-com-especialista.jpg 1280w, https:\/\/eleve-se.com.br\/wp-content\/uploads\/2023\/01\/aprenda-a-planejar-suas-metas-com-especialista-400x225.jpg 400w, https:\/\/eleve-se.com.br\/wp-content\/uploads\/2023\/01\/aprenda-a-planejar-suas-metas-com-especialista-768x432.jpg 768w, https:\/\/eleve-se.com.br\/wp-content\/uploads\/2023\/01\/aprenda-a-planejar-suas-metas-com-especialista-860x484.jpg 860w, https:\/\/eleve-se.com.br\/wp-content\/uploads\/2023\/01\/aprenda-a-planejar-suas-metas-com-especialista-430x242.jpg 430w, https:\/\/eleve-se.com.br\/wp-content\/uploads\/2023\/01\/aprenda-a-planejar-suas-metas-com-especialista-700x394.jpg 700w, https:\/\/eleve-se.com.br\/wp-content\/uploads\/2023\/01\/aprenda-a-planejar-suas-metas-com-especialista-150x84.jpg 150w\" sizes=\"(max-width: 1280px) 100vw, 1280px\" \/>\t\t\t\t\t\t\t<\/a>\n\t\t\t\t\t\t<\/div>\n\t\t\t\t\t\t<div class=\"post-image-mask\">\n\t\t\t\t\t\t\t<span><\/span>\n\t\t\t\t\t\t<\/div>\n\t\t\t\t\t\t\t\t\t<\/figure>\n\t\t\t\n\t\t\t\t\t\t<div class=\"wd-post-date wd-style-with-bg\">\n\t\t\t\t<span class=\"post-date-day\">\n\t\t\t\t\t23\t\t\t\t<\/span>\n\t\t\t\t<span class=\"post-date-month\">\n\t\t\t\t\tjan\t\t\t\t<\/span>\n\t\t\t<\/div>\n\t\t\t\t<\/header>\n\n\t\t<div class=\"article-body-container\">\n\t\t\t\t\t\t\t<div class=\"meta-categories-wrapp\">\n\t\t\t\t\t<div class=\"meta-post-categories wd-post-cat wd-style-with-bg\">\n\t\t\t\t\t\t<a href=\"https:\/\/eleve-se.com.br\/categoria\/autoconhecimento\/\" rel=\"category tag\">Autoconhecimento<\/a>\t\t\t\t\t<\/div>\n\t\t\t\t<\/div>\n\t\t\t\n\t\t\t\t\t\t\t<h3 class=\"wd-entities-title title post-title\">\n\t\t\t\t\t<a href=\"https:\/\/eleve-se.com.br\/aprenda-a-planejar-suas-metas-com-especialista\/\" rel=\"bookmark\">Aprenda a planejar suas metas com especialista<\/a>\n\t\t\t\t<\/h3>\n\t\t\t\n\t\t\t\t\t\t\t<div class=\"entry-meta wd-entry-meta\">\n\t\t\t\t\t\t\t\t<ul class=\"entry-meta-list\">\n\t\t\t\t\t\t\t\t\t<li class=\"modified-date\">\n\t\t\t\t\t\t\t\t<time class=\"updated\" datetime=\"2023-06-01T09:51:18-03:00\">\n\t\t\t01\/06\/2023\t\t<\/time>\n\t\t\t\t\t\t\t<\/li>\n\n\t\t\t\t\t\n\t\t\t\t\t\t\t\t\t\t\t<li class=\"meta-author\">\n\t\t\t\t\t\t\t\t\t\t\t\t<span>Por<\/span>\n\t\t\n\t\t\t\t\t<img src=\"https:\/\/eleve-se.com.br\/wp-content\/uploads\/2022\/06\/logo_elevese-50x50.png\" width=\"32\" height=\"32\" srcset=\"https:\/\/eleve-se.com.br\/wp-content\/uploads\/2022\/06\/logo_elevese-75x75.png 2x\" alt=\"Equipe Eleve-se\" class=\"avatar avatar-32 wp-user-avatar wp-user-avatar-32 alignnone photo\" \/>\t\t\n\t\t<a href=\"https:\/\/eleve-se.com.br\/author\/equipe\/\" class=\"author\" rel=\"author\">Equipe Eleve-se<\/a>\n\t\t\t\t\t\t\t\t<\/li>\n\t\t\t\t\t\n\t\t\t\t\t\n\t\t\t\t\t\t\t\t\t\t\t\t<\/ul>\n\t\t\t\t\t\t<\/div>\n\t\t\t\t\t\t\t\n\t\t\t\t\t\t\t\t\t\t\t\t<div class=\"entry-content wd-post-desc\">\n\t\t\t\t\t\tPlanejar metas \u00e9 algo fundamental para alcan\u00e7armos os nossos objetivos e sabermos onde queremos chegar! E se voc\u00ea nunca se atentou a is...\t\t\t\t\t<\/div>\n\t\t\t\t\n\t\t\t\t\t\t\t\t\t\t\t\t\t\t<p class=\"read-more-section\">\n\t\t\t\t\t\t<a class=\"btn-read-more more-link\" href=\"https:\/\/eleve-se.com.br\/aprenda-a-planejar-suas-metas-com-especialista\/\">Continue lendo<\/a>\t\t\t\t\t<\/p>\n\t\t\t\t\t\t\t\t\t\t\t\t\t<\/div>\n\t<\/div>\n<\/article>\n\n\t\t\t\t\t\t\t\t\t\t\t\n<article id=\"post-19097\" class=\"wd-post blog-design-masonry blog-post-loop blog-style-bg wd-add-shadow wd-col post-19097 post type-post status-publish format-standard has-post-thumbnail hentry category-autoconhecimento tag-conquistas tag-desenvolvimento tag-metas tag-objetivos\">\n\t<div class=\"article-inner\">\n\t\t<header class=\"entry-header\">\n\t\t\t\t\t\t\t<figure class=\"entry-thumbnail\">\n\t\t\t\t\t\t\t\t\t\t\t<div class=\"post-img-wrapp\">\n\t\t\t\t\t\t\t<a href=\"https:\/\/eleve-se.com.br\/o-que-te-impede-de-conquistar-os-seus-objetivos-em-2023\/\">\n\t\t\t\t\t\t\t\t<img width=\"1280\" height=\"720\" src=\"https:\/\/eleve-se.com.br\/wp-content\/uploads\/2023\/01\/o-que-te-impede-de-conquistar-os-seus-objetivos-em-2023.jpg\" class=\"attachment-large size-large\" alt=\"\" decoding=\"async\" srcset=\"https:\/\/eleve-se.com.br\/wp-content\/uploads\/2023\/01\/o-que-te-impede-de-conquistar-os-seus-objetivos-em-2023.jpg 1280w, https:\/\/eleve-se.com.br\/wp-content\/uploads\/2023\/01\/o-que-te-impede-de-conquistar-os-seus-objetivos-em-2023-400x225.jpg 400w, https:\/\/eleve-se.com.br\/wp-content\/uploads\/2023\/01\/o-que-te-impede-de-conquistar-os-seus-objetivos-em-2023-768x432.jpg 768w, https:\/\/eleve-se.com.br\/wp-content\/uploads\/2023\/01\/o-que-te-impede-de-conquistar-os-seus-objetivos-em-2023-860x484.jpg 860w, https:\/\/eleve-se.com.br\/wp-content\/uploads\/2023\/01\/o-que-te-impede-de-conquistar-os-seus-objetivos-em-2023-430x242.jpg 430w, https:\/\/eleve-se.com.br\/wp-content\/uploads\/2023\/01\/o-que-te-impede-de-conquistar-os-seus-objetivos-em-2023-700x394.jpg 700w, https:\/\/eleve-se.com.br\/wp-content\/uploads\/2023\/01\/o-que-te-impede-de-conquistar-os-seus-objetivos-em-2023-150x84.jpg 150w\" sizes=\"(max-width: 1280px) 100vw, 1280px\" \/>\t\t\t\t\t\t\t<\/a>\n\t\t\t\t\t\t<\/div>\n\t\t\t\t\t\t<div class=\"post-image-mask\">\n\t\t\t\t\t\t\t<span><\/span>\n\t\t\t\t\t\t<\/div>\n\t\t\t\t\t\t\t\t\t<\/figure>\n\t\t\t\n\t\t\t\t\t\t<div class=\"wd-post-date wd-style-with-bg\">\n\t\t\t\t<span class=\"post-date-day\">\n\t\t\t\t\t01\t\t\t\t<\/span>\n\t\t\t\t<span class=\"post-date-month\">\n\t\t\t\t\tjan\t\t\t\t<\/span>\n\t\t\t<\/div>\n\t\t\t\t<\/header>\n\n\t\t<div class=\"article-body-container\">\n\t\t\t\t\t\t\t<div class=\"meta-categories-wrapp\">\n\t\t\t\t\t<div class=\"meta-post-categories wd-post-cat wd-style-with-bg\">\n\t\t\t\t\t\t<a href=\"https:\/\/eleve-se.com.br\/categoria\/autoconhecimento\/\" rel=\"category tag\">Autoconhecimento<\/a>\t\t\t\t\t<\/div>\n\t\t\t\t<\/div>\n\t\t\t\n\t\t\t\t\t\t\t<h3 class=\"wd-entities-title title post-title\">\n\t\t\t\t\t<a href=\"https:\/\/eleve-se.com.br\/o-que-te-impede-de-conquistar-os-seus-objetivos-em-2023\/\" rel=\"bookmark\">O que te impede de conquistar os seus objetivos em 2023?<\/a>\n\t\t\t\t<\/h3>\n\t\t\t\n\t\t\t\t\t\t\t<div class=\"entry-meta wd-entry-meta\">\n\t\t\t\t\t\t\t\t<ul class=\"entry-meta-list\">\n\t\t\t\t\t\t\t\t\t<li class=\"modified-date\">\n\t\t\t\t\t\t\t\t<time class=\"updated\" datetime=\"2023-06-01T09:38:20-03:00\">\n\t\t\t01\/06\/2023\t\t<\/time>\n\t\t\t\t\t\t\t<\/li>\n\n\t\t\t\t\t\n\t\t\t\t\t\t\t\t\t\t\t<li class=\"meta-author\">\n\t\t\t\t\t\t\t\t\t\t\t\t<span>Por<\/span>\n\t\t\n\t\t\t\t\t<img src=\"https:\/\/eleve-se.com.br\/wp-content\/uploads\/2022\/06\/logo_elevese-50x50.png\" width=\"32\" height=\"32\" srcset=\"https:\/\/eleve-se.com.br\/wp-content\/uploads\/2022\/06\/logo_elevese-75x75.png 2x\" alt=\"Equipe Eleve-se\" class=\"avatar avatar-32 wp-user-avatar wp-user-avatar-32 alignnone photo\" \/>\t\t\n\t\t<a href=\"https:\/\/eleve-se.com.br\/author\/equipe\/\" class=\"author\" rel=\"author\">Equipe Eleve-se<\/a>\n\t\t\t\t\t\t\t\t<\/li>\n\t\t\t\t\t\n\t\t\t\t\t\n\t\t\t\t\t\t\t\t\t\t\t\t<\/ul>\n\t\t\t\t\t\t<\/div>\n\t\t\t\t\t\t\t\n\t\t\t\t\t\t\t\t\t\t\t\t<div class=\"entry-content wd-post-desc\">\n\t\t\t\t\t\tTodo come\u00e7o de ano \u00e9 hora de avaliar tudo o que aconteceu no ano que passou e pensar no que queremos para os pr\u00f3ximos meses. Mas, difer...\t\t\t\t\t<\/div>\n\t\t\t\t\n\t\t\t\t\t\t\t\t\t\t\t\t\t\t<p class=\"read-more-section\">\n\t\t\t\t\t\t<a class=\"btn-read-more more-link\" href=\"https:\/\/eleve-se.com.br\/o-que-te-impede-de-conquistar-os-seus-objetivos-em-2023\/\">Continue lendo<\/a>\t\t\t\t\t<\/p>\n\t\t\t\t\t\t\t\t\t\t\t\t\t<\/div>\n\t<\/div>\n<\/article>\n\n\t\t\t\t\t\t\t\t\t\t\t\n<article id=\"post-19065\" class=\"wd-post blog-design-masonry blog-post-loop blog-style-bg wd-add-shadow wd-col post-19065 post type-post status-publish format-standard has-post-thumbnail hentry category-cultura tag-espiritismo tag-espiritualidade tag-exoconsciencia tag-mediunidade\">\n\t<div class=\"article-inner\">\n\t\t<header class=\"entry-header\">\n\t\t\t\t\t\t\t<figure class=\"entry-thumbnail\">\n\t\t\t\t\t\t\t\t\t\t\t<div class=\"post-img-wrapp\">\n\t\t\t\t\t\t\t<a href=\"https:\/\/eleve-se.com.br\/exoconsciencia-e-o-novo-livro-de-juliano-pozati\/\">\n\t\t\t\t\t\t\t\t<img width=\"1280\" height=\"720\" src=\"https:\/\/eleve-se.com.br\/wp-content\/uploads\/2022\/11\/exoconsciencia-e-o-novo-livro-de-juliano-pozati.jpg\" class=\"attachment-large size-large\" alt=\"\" decoding=\"async\" loading=\"lazy\" srcset=\"https:\/\/eleve-se.com.br\/wp-content\/uploads\/2022\/11\/exoconsciencia-e-o-novo-livro-de-juliano-pozati.jpg 1280w, https:\/\/eleve-se.com.br\/wp-content\/uploads\/2022\/11\/exoconsciencia-e-o-novo-livro-de-juliano-pozati-400x225.jpg 400w, https:\/\/eleve-se.com.br\/wp-content\/uploads\/2022\/11\/exoconsciencia-e-o-novo-livro-de-juliano-pozati-768x432.jpg 768w, https:\/\/eleve-se.com.br\/wp-content\/uploads\/2022\/11\/exoconsciencia-e-o-novo-livro-de-juliano-pozati-860x484.jpg 860w, https:\/\/eleve-se.com.br\/wp-content\/uploads\/2022\/11\/exoconsciencia-e-o-novo-livro-de-juliano-pozati-430x242.jpg 430w, https:\/\/eleve-se.com.br\/wp-content\/uploads\/2022\/11\/exoconsciencia-e-o-novo-livro-de-juliano-pozati-700x394.jpg 700w, https:\/\/eleve-se.com.br\/wp-content\/uploads\/2022\/11\/exoconsciencia-e-o-novo-livro-de-juliano-pozati-150x84.jpg 150w\" sizes=\"auto, (max-width: 1280px) 100vw, 1280px\" \/>\t\t\t\t\t\t\t<\/a>\n\t\t\t\t\t\t<\/div>\n\t\t\t\t\t\t<div class=\"post-image-mask\">\n\t\t\t\t\t\t\t<span><\/span>\n\t\t\t\t\t\t<\/div>\n\t\t\t\t\t\t\t\t\t<\/figure>\n\t\t\t\n\t\t\t\t\t\t<div class=\"wd-post-date wd-style-with-bg\">\n\t\t\t\t<span class=\"post-date-day\">\n\t\t\t\t\t02\t\t\t\t<\/span>\n\t\t\t\t<span class=\"post-date-month\">\n\t\t\t\t\tdez\t\t\t\t<\/span>\n\t\t\t<\/div>\n\t\t\t\t<\/header>\n\n\t\t<div class=\"article-body-container\">\n\t\t\t\t\t\t\t<div class=\"meta-categories-wrapp\">\n\t\t\t\t\t<div class=\"meta-post-categories wd-post-cat wd-style-with-bg\">\n\t\t\t\t\t\t<a href=\"https:\/\/eleve-se.com.br\/categoria\/cultura\/\" rel=\"category tag\">Cultura<\/a>\t\t\t\t\t<\/div>\n\t\t\t\t<\/div>\n\t\t\t\n\t\t\t\t\t\t\t<h3 class=\"wd-entities-title title post-title\">\n\t\t\t\t\t<a href=\"https:\/\/eleve-se.com.br\/exoconsciencia-e-o-novo-livro-de-juliano-pozati\/\" rel=\"bookmark\">Exoconsci\u00eancia\u00a0\u00e9 o novo livro de Juliano Pozati<\/a>\n\t\t\t\t<\/h3>\n\t\t\t\n\t\t\t\t\t\t\t<div class=\"entry-meta wd-entry-meta\">\n\t\t\t\t\t\t\t\t<ul class=\"entry-meta-list\">\n\t\t\t\t\t\t\t\t\t<li class=\"modified-date\">\n\t\t\t\t\t\t\t\t<time class=\"updated\" datetime=\"2023-06-01T09:55:24-03:00\">\n\t\t\t01\/06\/2023\t\t<\/time>\n\t\t\t\t\t\t\t<\/li>\n\n\t\t\t\t\t\n\t\t\t\t\t\t\t\t\t\t\t<li class=\"meta-author\">\n\t\t\t\t\t\t\t\t\t\t\t\t<span>Por<\/span>\n\t\t\n\t\t\t\t\t<img src=\"https:\/\/eleve-se.com.br\/wp-content\/uploads\/2022\/06\/logo_elevese-50x50.png\" width=\"32\" height=\"32\" srcset=\"https:\/\/eleve-se.com.br\/wp-content\/uploads\/2022\/06\/logo_elevese-75x75.png 2x\" alt=\"Equipe Eleve-se\" class=\"avatar avatar-32 wp-user-avatar wp-user-avatar-32 alignnone photo\" \/>\t\t\n\t\t<a href=\"https:\/\/eleve-se.com.br\/author\/equipe\/\" class=\"author\" rel=\"author\">Equipe Eleve-se<\/a>\n\t\t\t\t\t\t\t\t<\/li>\n\t\t\t\t\t\n\t\t\t\t\t\n\t\t\t\t\t\t\t\t\t\t\t\t<\/ul>\n\t\t\t\t\t\t<\/div>\n\t\t\t\t\t\t\t\n\t\t\t\t\t\t\t\t\t\t\t\t<div class=\"entry-content wd-post-desc\">\n\t\t\t\t\t\t\u201cFalo de espiritualidade sem igreja e de filosofia sem brisa\u201d.&nbsp;\u00c9 assim que&nbsp;Juliano Pozati&nbsp;define seu trabalho como funda...\t\t\t\t\t<\/div>\n\t\t\t\t\n\t\t\t\t\t\t\t\t\t\t\t\t\t\t<p class=\"read-more-section\">\n\t\t\t\t\t\t<a class=\"btn-read-more more-link\" href=\"https:\/\/eleve-se.com.br\/exoconsciencia-e-o-novo-livro-de-juliano-pozati\/\">Continue lendo<\/a>\t\t\t\t\t<\/p>\n\t\t\t\t\t\t\t\t\t\t\t\t\t<\/div>\n\t<\/div>\n<\/article>\n\n\t\t\t\t\t\t\t\t\t\t\t\n<article id=\"post-19033\" class=\"wd-post blog-design-masonry blog-post-loop blog-style-bg wd-add-shadow wd-col post-19033 post type-post status-publish format-standard has-post-thumbnail hentry category-anjos tag-arcanjo-miguel tag-invocacao tag-oracao tag-protecao\">\n\t<div class=\"article-inner\">\n\t\t<header class=\"entry-header\">\n\t\t\t\t\t\t\t<figure class=\"entry-thumbnail\">\n\t\t\t\t\t\t\t\t\t\t\t<div class=\"post-img-wrapp\">\n\t\t\t\t\t\t\t<a href=\"https:\/\/eleve-se.com.br\/passo-a-passo-da-invocacao-de-protecao-do-arcanjo-miguel\/\">\n\t\t\t\t\t\t\t\t<img width=\"1280\" height=\"720\" src=\"https:\/\/eleve-se.com.br\/wp-content\/uploads\/2022\/11\/passo-a-passo-da-invocacao-de-protecao-do-arcanjo-miguel.jpg\" class=\"attachment-large size-large\" alt=\"\" decoding=\"async\" loading=\"lazy\" srcset=\"https:\/\/eleve-se.com.br\/wp-content\/uploads\/2022\/11\/passo-a-passo-da-invocacao-de-protecao-do-arcanjo-miguel.jpg 1280w, https:\/\/eleve-se.com.br\/wp-content\/uploads\/2022\/11\/passo-a-passo-da-invocacao-de-protecao-do-arcanjo-miguel-400x225.jpg 400w, https:\/\/eleve-se.com.br\/wp-content\/uploads\/2022\/11\/passo-a-passo-da-invocacao-de-protecao-do-arcanjo-miguel-768x432.jpg 768w, https:\/\/eleve-se.com.br\/wp-content\/uploads\/2022\/11\/passo-a-passo-da-invocacao-de-protecao-do-arcanjo-miguel-860x484.jpg 860w, https:\/\/eleve-se.com.br\/wp-content\/uploads\/2022\/11\/passo-a-passo-da-invocacao-de-protecao-do-arcanjo-miguel-430x242.jpg 430w, https:\/\/eleve-se.com.br\/wp-content\/uploads\/2022\/11\/passo-a-passo-da-invocacao-de-protecao-do-arcanjo-miguel-700x394.jpg 700w, https:\/\/eleve-se.com.br\/wp-content\/uploads\/2022\/11\/passo-a-passo-da-invocacao-de-protecao-do-arcanjo-miguel-150x84.jpg 150w\" sizes=\"auto, (max-width: 1280px) 100vw, 1280px\" \/>\t\t\t\t\t\t\t<\/a>\n\t\t\t\t\t\t<\/div>\n\t\t\t\t\t\t<div class=\"post-image-mask\">\n\t\t\t\t\t\t\t<span><\/span>\n\t\t\t\t\t\t<\/div>\n\t\t\t\t\t\t\t\t\t<\/figure>\n\t\t\t\n\t\t\t\t\t\t<div class=\"wd-post-date wd-style-with-bg\">\n\t\t\t\t<span class=\"post-date-day\">\n\t\t\t\t\t30\t\t\t\t<\/span>\n\t\t\t\t<span class=\"post-date-month\">\n\t\t\t\t\tnov\t\t\t\t<\/span>\n\t\t\t<\/div>\n\t\t\t\t<\/header>\n\n\t\t<div class=\"article-body-container\">\n\t\t\t\t\t\t\t<div class=\"meta-categories-wrapp\">\n\t\t\t\t\t<div class=\"meta-post-categories wd-post-cat wd-style-with-bg\">\n\t\t\t\t\t\t<a href=\"https:\/\/eleve-se.com.br\/categoria\/anjos\/\" rel=\"category tag\">Anjos<\/a>\t\t\t\t\t<\/div>\n\t\t\t\t<\/div>\n\t\t\t\n\t\t\t\t\t\t\t<h3 class=\"wd-entities-title title post-title\">\n\t\t\t\t\t<a href=\"https:\/\/eleve-se.com.br\/passo-a-passo-da-invocacao-de-protecao-do-arcanjo-miguel\/\" rel=\"bookmark\">Passo a passo da invoca\u00e7\u00e3o de prote\u00e7\u00e3o do Arcanjo Miguel<\/a>\n\t\t\t\t<\/h3>\n\t\t\t\n\t\t\t\t\t\t\t<div class=\"entry-meta wd-entry-meta\">\n\t\t\t\t\t\t\t\t<ul class=\"entry-meta-list\">\n\t\t\t\t\t\t\t\t\t<li class=\"modified-date\">\n\t\t\t\t\t\t\t\t<time class=\"updated\" datetime=\"2023-06-01T10:02:20-03:00\">\n\t\t\t01\/06\/2023\t\t<\/time>\n\t\t\t\t\t\t\t<\/li>\n\n\t\t\t\t\t\n\t\t\t\t\t\t\t\t\t\t\t<li class=\"meta-author\">\n\t\t\t\t\t\t\t\t\t\t\t\t<span>Por<\/span>\n\t\t\n\t\t\t\t\t<img src=\"https:\/\/eleve-se.com.br\/wp-content\/uploads\/2022\/06\/logo_elevese-50x50.png\" width=\"32\" height=\"32\" srcset=\"https:\/\/eleve-se.com.br\/wp-content\/uploads\/2022\/06\/logo_elevese-75x75.png 2x\" alt=\"Equipe Eleve-se\" class=\"avatar avatar-32 wp-user-avatar wp-user-avatar-32 alignnone photo\" \/>\t\t\n\t\t<a href=\"https:\/\/eleve-se.com.br\/author\/equipe\/\" class=\"author\" rel=\"author\">Equipe Eleve-se<\/a>\n\t\t\t\t\t\t\t\t<\/li>\n\t\t\t\t\t\n\t\t\t\t\t\n\t\t\t\t\t\t\t\t\t\t\t\t<\/ul>\n\t\t\t\t\t\t<\/div>\n\t\t\t\t\t\t\t\n\t\t\t\t\t\t\t\t\t\t\t\t<div class=\"entry-content wd-post-desc\">\n\t\t\t\t\t\tO Arcanjo Miguel \u00e9 um dos anjos mais reverenciados das escrituras e tradi\u00e7\u00f5es judaicas, crist\u00e3s e isl\u00e2micas.&nbsp;\n\n\n\nNo Antigo Testame...\t\t\t\t\t<\/div>\n\t\t\t\t\n\t\t\t\t\t\t\t\t\t\t\t\t\t\t<p class=\"read-more-section\">\n\t\t\t\t\t\t<a class=\"btn-read-more more-link\" href=\"https:\/\/eleve-se.com.br\/passo-a-passo-da-invocacao-de-protecao-do-arcanjo-miguel\/\">Continue lendo<\/a>\t\t\t\t\t<\/p>\n\t\t\t\t\t\t\t\t\t\t\t\t\t<\/div>\n\t<\/div>\n<\/article>\n\n\t\t\t\t\t\t\t\t\t\t\t\n<article id=\"post-17370\" class=\"wd-post blog-design-masonry blog-post-loop blog-style-bg wd-add-shadow wd-col post-17370 post type-post status-publish format-standard has-post-thumbnail hentry category-vida-saudavel tag-ametista tag-ansiedade tag-cristal tag-jade tag-pedras tag-quartzo tag-turmalina\">\n\t<div class=\"article-inner\">\n\t\t<header class=\"entry-header\">\n\t\t\t\t\t\t\t<figure class=\"entry-thumbnail\">\n\t\t\t\t\t\t\t\t\t\t\t<div class=\"post-img-wrapp\">\n\t\t\t\t\t\t\t<a href=\"https:\/\/eleve-se.com.br\/como-usar-cristais-para-ansiedade\/\">\n\t\t\t\t\t\t\t\t<img width=\"1024\" height=\"576\" src=\"https:\/\/eleve-se.com.br\/wp-content\/uploads\/2022\/02\/como-usar-cristais-para-ansiedade-1024x576.png\" class=\"attachment-large size-large\" alt=\"\" decoding=\"async\" loading=\"lazy\" srcset=\"https:\/\/eleve-se.com.br\/wp-content\/uploads\/2022\/02\/como-usar-cristais-para-ansiedade-1024x576.png 1024w, https:\/\/eleve-se.com.br\/wp-content\/uploads\/2022\/02\/como-usar-cristais-para-ansiedade-150x84.png 150w, https:\/\/eleve-se.com.br\/wp-content\/uploads\/2022\/02\/como-usar-cristais-para-ansiedade-800x450.png 800w, https:\/\/eleve-se.com.br\/wp-content\/uploads\/2022\/02\/como-usar-cristais-para-ansiedade-300x169.png 300w, https:\/\/eleve-se.com.br\/wp-content\/uploads\/2022\/02\/como-usar-cristais-para-ansiedade-768x432.png 768w, https:\/\/eleve-se.com.br\/wp-content\/uploads\/2022\/02\/como-usar-cristais-para-ansiedade-260x146.png 260w, https:\/\/eleve-se.com.br\/wp-content\/uploads\/2022\/02\/como-usar-cristais-para-ansiedade-50x28.png 50w, https:\/\/eleve-se.com.br\/wp-content\/uploads\/2022\/02\/como-usar-cristais-para-ansiedade-133x75.png 133w, https:\/\/eleve-se.com.br\/wp-content\/uploads\/2022\/02\/como-usar-cristais-para-ansiedade.png 1280w\" sizes=\"auto, (max-width: 1024px) 100vw, 1024px\" \/>\t\t\t\t\t\t\t<\/a>\n\t\t\t\t\t\t<\/div>\n\t\t\t\t\t\t<div class=\"post-image-mask\">\n\t\t\t\t\t\t\t<span><\/span>\n\t\t\t\t\t\t<\/div>\n\t\t\t\t\t\t\t\t\t<\/figure>\n\t\t\t\n\t\t\t\t\t\t<div class=\"wd-post-date wd-style-with-bg\">\n\t\t\t\t<span class=\"post-date-day\">\n\t\t\t\t\t19\t\t\t\t<\/span>\n\t\t\t\t<span class=\"post-date-month\">\n\t\t\t\t\tnov\t\t\t\t<\/span>\n\t\t\t<\/div>\n\t\t\t\t<\/header>\n\n\t\t<div class=\"article-body-container\">\n\t\t\t\t\t\t\t<div class=\"meta-categories-wrapp\">\n\t\t\t\t\t<div class=\"meta-post-categories wd-post-cat wd-style-with-bg\">\n\t\t\t\t\t\t<a href=\"https:\/\/eleve-se.com.br\/categoria\/vida-saudavel\/\" rel=\"category tag\">Vida Saud\u00e1vel<\/a>\t\t\t\t\t<\/div>\n\t\t\t\t<\/div>\n\t\t\t\n\t\t\t\t\t\t\t<h3 class=\"wd-entities-title title post-title\">\n\t\t\t\t\t<a href=\"https:\/\/eleve-se.com.br\/como-usar-cristais-para-ansiedade\/\" rel=\"bookmark\">Como usar cristais para ansiedade<\/a>\n\t\t\t\t<\/h3>\n\t\t\t\n\t\t\t\t\t\t\t<div class=\"entry-meta wd-entry-meta\">\n\t\t\t\t\t\t\t\t<ul class=\"entry-meta-list\">\n\t\t\t\t\t\t\t\t\t<li class=\"modified-date\">\n\t\t\t\t\t\t\t\t<time class=\"updated\" datetime=\"2023-06-01T09:57:48-03:00\">\n\t\t\t01\/06\/2023\t\t<\/time>\n\t\t\t\t\t\t\t<\/li>\n\n\t\t\t\t\t\n\t\t\t\t\t\t\t\t\t\t\t<li class=\"meta-author\">\n\t\t\t\t\t\t\t\t\t\t\t\t<span>Por<\/span>\n\t\t\n\t\t\t\t\t<img src=\"https:\/\/eleve-se.com.br\/wp-content\/uploads\/2022\/06\/logo_elevese-50x50.png\" width=\"32\" height=\"32\" srcset=\"https:\/\/eleve-se.com.br\/wp-content\/uploads\/2022\/06\/logo_elevese-75x75.png 2x\" alt=\"Equipe Eleve-se\" class=\"avatar avatar-32 wp-user-avatar wp-user-avatar-32 alignnone photo\" \/>\t\t\n\t\t<a href=\"https:\/\/eleve-se.com.br\/author\/equipe\/\" class=\"author\" rel=\"author\">Equipe Eleve-se<\/a>\n\t\t\t\t\t\t\t\t<\/li>\n\t\t\t\t\t\n\t\t\t\t\t\n\t\t\t\t\t\t\t\t\t\t\t\t<\/ul>\n\t\t\t\t\t\t<\/div>\n\t\t\t\t\t\t\t\n\t\t\t\t\t\t\t\t\t\t\t\t<div class=\"entry-content wd-post-desc\">\n\t\t\t\t\t\tOs cristais podem ser usados como importantes aliados no combate \u00e0 ansiedade. Devido \u00e0s suas propriedades qu\u00edmicas e f\u00edsicas, os crista...\t\t\t\t\t<\/div>\n\t\t\t\t\n\t\t\t\t\t\t\t\t\t\t\t\t\t\t<p class=\"read-more-section\">\n\t\t\t\t\t\t<a class=\"btn-read-more more-link\" href=\"https:\/\/eleve-se.com.br\/como-usar-cristais-para-ansiedade\/\">Continue lendo<\/a>\t\t\t\t\t<\/p>\n\t\t\t\t\t\t\t\t\t\t\t\t\t<\/div>\n\t<\/div>\n<\/article>\n\n\t\t\t\t\t\t\t\t\t\t\t\n<article id=\"post-19021\" class=\"wd-post blog-design-masonry blog-post-loop blog-style-bg wd-add-shadow wd-col post-19021 post type-post status-publish format-standard has-post-thumbnail hentry category-cultura tag-espiritismo tag-filmes tag-livro-espirita\">\n\t<div class=\"article-inner\">\n\t\t<header class=\"entry-header\">\n\t\t\t\t\t\t\t<figure class=\"entry-thumbnail\">\n\t\t\t\t\t\t\t\t\t\t\t<div class=\"post-img-wrapp\">\n\t\t\t\t\t\t\t<a href=\"https:\/\/eleve-se.com.br\/filme-nada-e-por-acaso-chega-aos-cinemas\/\">\n\t\t\t\t\t\t\t\t<img width=\"1280\" height=\"720\" src=\"https:\/\/eleve-se.com.br\/wp-content\/uploads\/2022\/11\/filme-nada-e-por-acaso-chega-aos-cinemas.jpg\" class=\"attachment-large size-large\" alt=\"\" decoding=\"async\" loading=\"lazy\" srcset=\"https:\/\/eleve-se.com.br\/wp-content\/uploads\/2022\/11\/filme-nada-e-por-acaso-chega-aos-cinemas.jpg 1280w, https:\/\/eleve-se.com.br\/wp-content\/uploads\/2022\/11\/filme-nada-e-por-acaso-chega-aos-cinemas-400x225.jpg 400w, https:\/\/eleve-se.com.br\/wp-content\/uploads\/2022\/11\/filme-nada-e-por-acaso-chega-aos-cinemas-768x432.jpg 768w, https:\/\/eleve-se.com.br\/wp-content\/uploads\/2022\/11\/filme-nada-e-por-acaso-chega-aos-cinemas-860x484.jpg 860w, https:\/\/eleve-se.com.br\/wp-content\/uploads\/2022\/11\/filme-nada-e-por-acaso-chega-aos-cinemas-430x242.jpg 430w, https:\/\/eleve-se.com.br\/wp-content\/uploads\/2022\/11\/filme-nada-e-por-acaso-chega-aos-cinemas-700x394.jpg 700w, https:\/\/eleve-se.com.br\/wp-content\/uploads\/2022\/11\/filme-nada-e-por-acaso-chega-aos-cinemas-150x84.jpg 150w\" sizes=\"auto, (max-width: 1280px) 100vw, 1280px\" \/>\t\t\t\t\t\t\t<\/a>\n\t\t\t\t\t\t<\/div>\n\t\t\t\t\t\t<div class=\"post-image-mask\">\n\t\t\t\t\t\t\t<span><\/span>\n\t\t\t\t\t\t<\/div>\n\t\t\t\t\t\t\t\t\t<\/figure>\n\t\t\t\n\t\t\t\t\t\t<div class=\"wd-post-date wd-style-with-bg\">\n\t\t\t\t<span class=\"post-date-day\">\n\t\t\t\t\t06\t\t\t\t<\/span>\n\t\t\t\t<span class=\"post-date-month\">\n\t\t\t\t\tnov\t\t\t\t<\/span>\n\t\t\t<\/div>\n\t\t\t\t<\/header>\n\n\t\t<div class=\"article-body-container\">\n\t\t\t\t\t\t\t<div class=\"meta-categories-wrapp\">\n\t\t\t\t\t<div class=\"meta-post-categories wd-post-cat wd-style-with-bg\">\n\t\t\t\t\t\t<a href=\"https:\/\/eleve-se.com.br\/categoria\/cultura\/\" rel=\"category tag\">Cultura<\/a>\t\t\t\t\t<\/div>\n\t\t\t\t<\/div>\n\t\t\t\n\t\t\t\t\t\t\t<h3 class=\"wd-entities-title title post-title\">\n\t\t\t\t\t<a href=\"https:\/\/eleve-se.com.br\/filme-nada-e-por-acaso-chega-aos-cinemas\/\" rel=\"bookmark\">Filme &#8220;Nada \u00e9 Por Acaso&#8221; chega aos cinemas<\/a>\n\t\t\t\t<\/h3>\n\t\t\t\n\t\t\t\t\t\t\t<div class=\"entry-meta wd-entry-meta\">\n\t\t\t\t\t\t\t\t<ul class=\"entry-meta-list\">\n\t\t\t\t\t\t\t\t\t<li class=\"modified-date\">\n\t\t\t\t\t\t\t\t<time class=\"updated\" datetime=\"2023-06-01T09:57:54-03:00\">\n\t\t\t01\/06\/2023\t\t<\/time>\n\t\t\t\t\t\t\t<\/li>\n\n\t\t\t\t\t\n\t\t\t\t\t\t\t\t\t\t\t<li class=\"meta-author\">\n\t\t\t\t\t\t\t\t\t\t\t\t<span>Por<\/span>\n\t\t\n\t\t\t\t\t<img src=\"https:\/\/eleve-se.com.br\/wp-content\/uploads\/2022\/06\/logo_elevese-50x50.png\" width=\"32\" height=\"32\" srcset=\"https:\/\/eleve-se.com.br\/wp-content\/uploads\/2022\/06\/logo_elevese-75x75.png 2x\" alt=\"Equipe Eleve-se\" class=\"avatar avatar-32 wp-user-avatar wp-user-avatar-32 alignnone photo\" \/>\t\t\n\t\t<a href=\"https:\/\/eleve-se.com.br\/author\/equipe\/\" class=\"author\" rel=\"author\">Equipe Eleve-se<\/a>\n\t\t\t\t\t\t\t\t<\/li>\n\t\t\t\t\t\n\t\t\t\t\t\n\t\t\t\t\t\t\t\t\t\t\t\t<\/ul>\n\t\t\t\t\t\t<\/div>\n\t\t\t\t\t\t\t\n\t\t\t\t\t\t\t\t\t\t\t\t<div class=\"entry-content wd-post-desc\">\n\t\t\t\t\t\tO filme Nada \u00e9 Por Acaso, baseado no livro de grande sucesso de Z\u00edbia Gasparetto chega aos cinemas de todo Brasil no pr\u00f3ximo dia 17 de ...\t\t\t\t\t<\/div>\n\t\t\t\t\n\t\t\t\t\t\t\t\t\t\t\t\t\t\t<p class=\"read-more-section\">\n\t\t\t\t\t\t<a class=\"btn-read-more more-link\" href=\"https:\/\/eleve-se.com.br\/filme-nada-e-por-acaso-chega-aos-cinemas\/\">Continue lendo<\/a>\t\t\t\t\t<\/p>\n\t\t\t\t\t\t\t\t\t\t\t\t\t<\/div>\n\t<\/div>\n<\/article>\n\n\t\t\t\t\t\t\t\t\t\t\t\n<article id=\"post-18724\" class=\"wd-post blog-design-masonry blog-post-loop blog-style-bg wd-add-shadow wd-col post-18724 post type-post status-publish format-standard has-post-thumbnail hentry category-vida-saudavel tag-oleos-essenciais\">\n\t<div class=\"article-inner\">\n\t\t<header class=\"entry-header\">\n\t\t\t\t\t\t\t<figure class=\"entry-thumbnail\">\n\t\t\t\t\t\t\t\t\t\t\t<div class=\"post-img-wrapp\">\n\t\t\t\t\t\t\t<a href=\"https:\/\/eleve-se.com.br\/conheca-os-beneficios-do-oleo-essencial-de-semente-de-aipo\/\">\n\t\t\t\t\t\t\t\t<img width=\"1024\" height=\"576\" src=\"https:\/\/eleve-se.com.br\/wp-content\/uploads\/2022\/09\/conheca-os-beneficios-do-oleo-essencial-de-semente-de-aipo-1024x576.jpg\" class=\"attachment-large size-large\" alt=\"\" decoding=\"async\" loading=\"lazy\" srcset=\"https:\/\/eleve-se.com.br\/wp-content\/uploads\/2022\/09\/conheca-os-beneficios-do-oleo-essencial-de-semente-de-aipo-1024x576.jpg 1024w, https:\/\/eleve-se.com.br\/wp-content\/uploads\/2022\/09\/conheca-os-beneficios-do-oleo-essencial-de-semente-de-aipo-300x169.jpg 300w, https:\/\/eleve-se.com.br\/wp-content\/uploads\/2022\/09\/conheca-os-beneficios-do-oleo-essencial-de-semente-de-aipo-768x432.jpg 768w, https:\/\/eleve-se.com.br\/wp-content\/uploads\/2022\/09\/conheca-os-beneficios-do-oleo-essencial-de-semente-de-aipo-260x146.jpg 260w, https:\/\/eleve-se.com.br\/wp-content\/uploads\/2022\/09\/conheca-os-beneficios-do-oleo-essencial-de-semente-de-aipo-50x28.jpg 50w, https:\/\/eleve-se.com.br\/wp-content\/uploads\/2022\/09\/conheca-os-beneficios-do-oleo-essencial-de-semente-de-aipo-133x75.jpg 133w, https:\/\/eleve-se.com.br\/wp-content\/uploads\/2022\/09\/conheca-os-beneficios-do-oleo-essencial-de-semente-de-aipo-800x450.jpg 800w, https:\/\/eleve-se.com.br\/wp-content\/uploads\/2022\/09\/conheca-os-beneficios-do-oleo-essencial-de-semente-de-aipo.jpg 1280w\" sizes=\"auto, (max-width: 1024px) 100vw, 1024px\" \/>\t\t\t\t\t\t\t<\/a>\n\t\t\t\t\t\t<\/div>\n\t\t\t\t\t\t<div class=\"post-image-mask\">\n\t\t\t\t\t\t\t<span><\/span>\n\t\t\t\t\t\t<\/div>\n\t\t\t\t\t\t\t\t\t<\/figure>\n\t\t\t\n\t\t\t\t\t\t<div class=\"wd-post-date wd-style-with-bg\">\n\t\t\t\t<span class=\"post-date-day\">\n\t\t\t\t\t28\t\t\t\t<\/span>\n\t\t\t\t<span class=\"post-date-month\">\n\t\t\t\t\tset\t\t\t\t<\/span>\n\t\t\t<\/div>\n\t\t\t\t<\/header>\n\n\t\t<div class=\"article-body-container\">\n\t\t\t\t\t\t\t<div class=\"meta-categories-wrapp\">\n\t\t\t\t\t<div class=\"meta-post-categories wd-post-cat wd-style-with-bg\">\n\t\t\t\t\t\t<a href=\"https:\/\/eleve-se.com.br\/categoria\/vida-saudavel\/\" rel=\"category tag\">Vida Saud\u00e1vel<\/a>\t\t\t\t\t<\/div>\n\t\t\t\t<\/div>\n\t\t\t\n\t\t\t\t\t\t\t<h3 class=\"wd-entities-title title post-title\">\n\t\t\t\t\t<a href=\"https:\/\/eleve-se.com.br\/conheca-os-beneficios-do-oleo-essencial-de-semente-de-aipo\/\" rel=\"bookmark\">Conhe\u00e7a os benef\u00edcios do \u00f3leo essencial de Semente de Aipo<\/a>\n\t\t\t\t<\/h3>\n\t\t\t\n\t\t\t\t\t\t\t<div class=\"entry-meta wd-entry-meta\">\n\t\t\t\t\t\t\t\t<ul class=\"entry-meta-list\">\n\t\t\t\t\t\t\t\t\t<li class=\"modified-date\">\n\t\t\t\t\t\t\t\t<time class=\"updated\" datetime=\"2023-06-01T10:02:52-03:00\">\n\t\t\t01\/06\/2023\t\t<\/time>\n\t\t\t\t\t\t\t<\/li>\n\n\t\t\t\t\t\n\t\t\t\t\t\t\t\t\t\t\t<li class=\"meta-author\">\n\t\t\t\t\t\t\t\t\t\t\t\t<span>Por<\/span>\n\t\t\n\t\t\t\t\t<img src=\"https:\/\/eleve-se.com.br\/wp-content\/uploads\/2022\/06\/logo_elevese-50x50.png\" width=\"32\" height=\"32\" srcset=\"https:\/\/eleve-se.com.br\/wp-content\/uploads\/2022\/06\/logo_elevese-75x75.png 2x\" alt=\"Equipe Eleve-se\" class=\"avatar avatar-32 wp-user-avatar wp-user-avatar-32 alignnone photo\" \/>\t\t\n\t\t<a href=\"https:\/\/eleve-se.com.br\/author\/equipe\/\" class=\"author\" rel=\"author\">Equipe Eleve-se<\/a>\n\t\t\t\t\t\t\t\t<\/li>\n\t\t\t\t\t\n\t\t\t\t\t\n\t\t\t\t\t\t\t\t\t\t\t\t<\/ul>\n\t\t\t\t\t\t<\/div>\n\t\t\t\t\t\t\t\n\t\t\t\t\t\t\t\t\t\t\t\t<div class=\"entry-content wd-post-desc\">\n\t\t\t\t\t\tAroma complexo, doce, quente, terroso e condimentado. \u00c9 assim que podemos descrever o\u00a0Celery Seed, um \u00f3leo essencial feito de\u00a0semente d...\t\t\t\t\t<\/div>\n\t\t\t\t\n\t\t\t\t\t\t\t\t\t\t\t\t\t\t<p class=\"read-more-section\">\n\t\t\t\t\t\t<a class=\"btn-read-more more-link\" href=\"https:\/\/eleve-se.com.br\/conheca-os-beneficios-do-oleo-essencial-de-semente-de-aipo\/\">Continue lendo<\/a>\t\t\t\t\t<\/p>\n\t\t\t\t\t\t\t\t\t\t\t\t\t<\/div>\n\t<\/div>\n<\/article>\n\n\t\t\t\t\t\t\t\t\t\t\t\n<article id=\"post-18664\" class=\"wd-post blog-design-masonry blog-post-loop blog-style-bg wd-add-shadow wd-col post-18664 post type-post status-publish format-standard has-post-thumbnail hentry category-sua-casa tag-banho-de-ervas tag-energia tag-limpeza tag-meditacao\">\n\t<div class=\"article-inner\">\n\t\t<header class=\"entry-header\">\n\t\t\t\t\t\t\t<figure class=\"entry-thumbnail\">\n\t\t\t\t\t\t\t\t\t\t\t<div class=\"post-img-wrapp\">\n\t\t\t\t\t\t\t<a href=\"https:\/\/eleve-se.com.br\/dicas-para-cuidar-da-propria-energia-dos-ambientes\/\">\n\t\t\t\t\t\t\t\t<img width=\"1024\" height=\"576\" src=\"https:\/\/eleve-se.com.br\/wp-content\/uploads\/2022\/09\/dicas-para-cuidar-da-propria-energia-e-dos-ambientes-1024x576.jpg\" class=\"attachment-large size-large\" alt=\"\" decoding=\"async\" loading=\"lazy\" srcset=\"https:\/\/eleve-se.com.br\/wp-content\/uploads\/2022\/09\/dicas-para-cuidar-da-propria-energia-e-dos-ambientes-1024x576.jpg 1024w, https:\/\/eleve-se.com.br\/wp-content\/uploads\/2022\/09\/dicas-para-cuidar-da-propria-energia-e-dos-ambientes-300x169.jpg 300w, https:\/\/eleve-se.com.br\/wp-content\/uploads\/2022\/09\/dicas-para-cuidar-da-propria-energia-e-dos-ambientes-768x432.jpg 768w, https:\/\/eleve-se.com.br\/wp-content\/uploads\/2022\/09\/dicas-para-cuidar-da-propria-energia-e-dos-ambientes-260x146.jpg 260w, https:\/\/eleve-se.com.br\/wp-content\/uploads\/2022\/09\/dicas-para-cuidar-da-propria-energia-e-dos-ambientes-50x28.jpg 50w, https:\/\/eleve-se.com.br\/wp-content\/uploads\/2022\/09\/dicas-para-cuidar-da-propria-energia-e-dos-ambientes-133x75.jpg 133w, https:\/\/eleve-se.com.br\/wp-content\/uploads\/2022\/09\/dicas-para-cuidar-da-propria-energia-e-dos-ambientes-800x450.jpg 800w, https:\/\/eleve-se.com.br\/wp-content\/uploads\/2022\/09\/dicas-para-cuidar-da-propria-energia-e-dos-ambientes-150x84.jpg 150w, https:\/\/eleve-se.com.br\/wp-content\/uploads\/2022\/09\/dicas-para-cuidar-da-propria-energia-e-dos-ambientes.jpg 1280w\" sizes=\"auto, (max-width: 1024px) 100vw, 1024px\" \/>\t\t\t\t\t\t\t<\/a>\n\t\t\t\t\t\t<\/div>\n\t\t\t\t\t\t<div class=\"post-image-mask\">\n\t\t\t\t\t\t\t<span><\/span>\n\t\t\t\t\t\t<\/div>\n\t\t\t\t\t\t\t\t\t<\/figure>\n\t\t\t\n\t\t\t\t\t\t<div class=\"wd-post-date wd-style-with-bg\">\n\t\t\t\t<span class=\"post-date-day\">\n\t\t\t\t\t26\t\t\t\t<\/span>\n\t\t\t\t<span class=\"post-date-month\">\n\t\t\t\t\tset\t\t\t\t<\/span>\n\t\t\t<\/div>\n\t\t\t\t<\/header>\n\n\t\t<div class=\"article-body-container\">\n\t\t\t\t\t\t\t<div class=\"meta-categories-wrapp\">\n\t\t\t\t\t<div class=\"meta-post-categories wd-post-cat wd-style-with-bg\">\n\t\t\t\t\t\t<a href=\"https:\/\/eleve-se.com.br\/categoria\/sua-casa\/\" rel=\"category tag\">Sua Casa<\/a>\t\t\t\t\t<\/div>\n\t\t\t\t<\/div>\n\t\t\t\n\t\t\t\t\t\t\t<h3 class=\"wd-entities-title title post-title\">\n\t\t\t\t\t<a href=\"https:\/\/eleve-se.com.br\/dicas-para-cuidar-da-propria-energia-dos-ambientes\/\" rel=\"bookmark\">Dicas para cuidar da pr\u00f3pria energia e dos ambientes<\/a>\n\t\t\t\t<\/h3>\n\t\t\t\n\t\t\t\t\t\t\t<div class=\"entry-meta wd-entry-meta\">\n\t\t\t\t\t\t\t\t<ul class=\"entry-meta-list\">\n\t\t\t\t\t\t\t\t\t<li class=\"modified-date\">\n\t\t\t\t\t\t\t\t<time class=\"updated\" datetime=\"2023-06-01T10:02:57-03:00\">\n\t\t\t01\/06\/2023\t\t<\/time>\n\t\t\t\t\t\t\t<\/li>\n\n\t\t\t\t\t\n\t\t\t\t\t\t\t\t\t\t\t<li class=\"meta-author\">\n\t\t\t\t\t\t\t\t\t\t\t\t<span>Por<\/span>\n\t\t\n\t\t\t\t\t<img src=\"https:\/\/eleve-se.com.br\/wp-content\/uploads\/2022\/06\/logo_elevese-50x50.png\" width=\"32\" height=\"32\" srcset=\"https:\/\/eleve-se.com.br\/wp-content\/uploads\/2022\/06\/logo_elevese-75x75.png 2x\" alt=\"Equipe Eleve-se\" class=\"avatar avatar-32 wp-user-avatar wp-user-avatar-32 alignnone photo\" \/>\t\t\n\t\t<a href=\"https:\/\/eleve-se.com.br\/author\/equipe\/\" class=\"author\" rel=\"author\">Equipe Eleve-se<\/a>\n\t\t\t\t\t\t\t\t<\/li>\n\t\t\t\t\t\n\t\t\t\t\t\n\t\t\t\t\t\t\t\t\t\t\t\t<\/ul>\n\t\t\t\t\t\t<\/div>\n\t\t\t\t\t\t\t\n\t\t\t\t\t\t\t\t\t\t\t\t<div class=\"entry-content wd-post-desc\">\n\t\t\t\t\t\tCuidar da espiritualidade est\u00e1 muito al\u00e9m de olharmos para dentro de n\u00f3s. Os ambientes onde passamos o dia, seja nossa casa ou trabalho...\t\t\t\t\t<\/div>\n\t\t\t\t\n\t\t\t\t\t\t\t\t\t\t\t\t\t\t<p class=\"read-more-section\">\n\t\t\t\t\t\t<a class=\"btn-read-more more-link\" href=\"https:\/\/eleve-se.com.br\/dicas-para-cuidar-da-propria-energia-dos-ambientes\/\">Continue lendo<\/a>\t\t\t\t\t<\/p>\n\t\t\t\t\t\t\t\t\t\t\t\t\t<\/div>\n\t<\/div>\n<\/article>\n\n\t\t\t\t\t\t\t\t\t\t\t\n<article id=\"post-18545\" class=\"wd-post blog-design-masonry blog-post-loop blog-style-bg wd-add-shadow wd-col post-18545 post type-post status-publish format-standard has-post-thumbnail hentry category-autoconhecimento tag-alma tag-conexao-espiritual tag-espiritualidade\">\n\t<div class=\"article-inner\">\n\t\t<header class=\"entry-header\">\n\t\t\t\t\t\t\t<figure class=\"entry-thumbnail\">\n\t\t\t\t\t\t\t\t\t\t\t<div class=\"post-img-wrapp\">\n\t\t\t\t\t\t\t<a href=\"https:\/\/eleve-se.com.br\/6-sinais-de-que-voce-tem-uma-alma-antiga\/\">\n\t\t\t\t\t\t\t\t<img width=\"1024\" height=\"576\" src=\"https:\/\/eleve-se.com.br\/wp-content\/uploads\/2022\/09\/6-sinais-de-que-voce-tem-uma-alma-antiga-1024x576.jpg\" class=\"attachment-large size-large\" alt=\"\" decoding=\"async\" loading=\"lazy\" srcset=\"https:\/\/eleve-se.com.br\/wp-content\/uploads\/2022\/09\/6-sinais-de-que-voce-tem-uma-alma-antiga-1024x576.jpg 1024w, https:\/\/eleve-se.com.br\/wp-content\/uploads\/2022\/09\/6-sinais-de-que-voce-tem-uma-alma-antiga-300x169.jpg 300w, https:\/\/eleve-se.com.br\/wp-content\/uploads\/2022\/09\/6-sinais-de-que-voce-tem-uma-alma-antiga-768x432.jpg 768w, https:\/\/eleve-se.com.br\/wp-content\/uploads\/2022\/09\/6-sinais-de-que-voce-tem-uma-alma-antiga-260x146.jpg 260w, https:\/\/eleve-se.com.br\/wp-content\/uploads\/2022\/09\/6-sinais-de-que-voce-tem-uma-alma-antiga-50x28.jpg 50w, https:\/\/eleve-se.com.br\/wp-content\/uploads\/2022\/09\/6-sinais-de-que-voce-tem-uma-alma-antiga-133x75.jpg 133w, https:\/\/eleve-se.com.br\/wp-content\/uploads\/2022\/09\/6-sinais-de-que-voce-tem-uma-alma-antiga-800x450.jpg 800w, https:\/\/eleve-se.com.br\/wp-content\/uploads\/2022\/09\/6-sinais-de-que-voce-tem-uma-alma-antiga.jpg 1280w\" sizes=\"auto, (max-width: 1024px) 100vw, 1024px\" \/>\t\t\t\t\t\t\t<\/a>\n\t\t\t\t\t\t<\/div>\n\t\t\t\t\t\t<div class=\"post-image-mask\">\n\t\t\t\t\t\t\t<span><\/span>\n\t\t\t\t\t\t<\/div>\n\t\t\t\t\t\t\t\t\t<\/figure>\n\t\t\t\n\t\t\t\t\t\t<div class=\"wd-post-date wd-style-with-bg\">\n\t\t\t\t<span class=\"post-date-day\">\n\t\t\t\t\t21\t\t\t\t<\/span>\n\t\t\t\t<span class=\"post-date-month\">\n\t\t\t\t\tset\t\t\t\t<\/span>\n\t\t\t<\/div>\n\t\t\t\t<\/header>\n\n\t\t<div class=\"article-body-container\">\n\t\t\t\t\t\t\t<div class=\"meta-categories-wrapp\">\n\t\t\t\t\t<div class=\"meta-post-categories wd-post-cat wd-style-with-bg\">\n\t\t\t\t\t\t<a href=\"https:\/\/eleve-se.com.br\/categoria\/autoconhecimento\/\" rel=\"category tag\">Autoconhecimento<\/a>\t\t\t\t\t<\/div>\n\t\t\t\t<\/div>\n\t\t\t\n\t\t\t\t\t\t\t<h3 class=\"wd-entities-title title post-title\">\n\t\t\t\t\t<a href=\"https:\/\/eleve-se.com.br\/6-sinais-de-que-voce-tem-uma-alma-antiga\/\" rel=\"bookmark\">6 sinais de que voc\u00ea tem uma alma antiga<\/a>\n\t\t\t\t<\/h3>\n\t\t\t\n\t\t\t\t\t\t\t<div class=\"entry-meta wd-entry-meta\">\n\t\t\t\t\t\t\t\t<ul class=\"entry-meta-list\">\n\t\t\t\t\t\t\t\t\t<li class=\"modified-date\">\n\t\t\t\t\t\t\t\t<time class=\"updated\" datetime=\"2023-06-01T10:03:03-03:00\">\n\t\t\t01\/06\/2023\t\t<\/time>\n\t\t\t\t\t\t\t<\/li>\n\n\t\t\t\t\t\n\t\t\t\t\t\t\t\t\t\t\t<li class=\"meta-author\">\n\t\t\t\t\t\t\t\t\t\t\t\t<span>Por<\/span>\n\t\t\n\t\t\t\t\t<img src=\"https:\/\/eleve-se.com.br\/wp-content\/uploads\/2022\/06\/logo_elevese-50x50.png\" width=\"32\" height=\"32\" srcset=\"https:\/\/eleve-se.com.br\/wp-content\/uploads\/2022\/06\/logo_elevese-75x75.png 2x\" alt=\"Equipe Eleve-se\" class=\"avatar avatar-32 wp-user-avatar wp-user-avatar-32 alignnone photo\" \/>\t\t\n\t\t<a href=\"https:\/\/eleve-se.com.br\/author\/equipe\/\" class=\"author\" rel=\"author\">Equipe Eleve-se<\/a>\n\t\t\t\t\t\t\t\t<\/li>\n\t\t\t\t\t\n\t\t\t\t\t\n\t\t\t\t\t\t\t\t\t\t\t\t<\/ul>\n\t\t\t\t\t\t<\/div>\n\t\t\t\t\t\t\t\n\t\t\t\t\t\t\t\t\t\t\t\t<div class=\"entry-content wd-post-desc\">\n\t\t\t\t\t\tVoc\u00ea j\u00e1 deve ter ouvido falar alguma vez que algumas pessoas t\u00eam a \u201calma antiga\u201d. Talvez voc\u00ea tenha at\u00e9 ouvido de algu\u00e9m que a sua alma...\t\t\t\t\t<\/div>\n\t\t\t\t\n\t\t\t\t\t\t\t\t\t\t\t\t\t\t<p class=\"read-more-section\">\n\t\t\t\t\t\t<a class=\"btn-read-more more-link\" href=\"https:\/\/eleve-se.com.br\/6-sinais-de-que-voce-tem-uma-alma-antiga\/\">Continue lendo<\/a>\t\t\t\t\t<\/p>\n\t\t\t\t\t\t\t\t\t\t\t\t\t<\/div>\n\t<\/div>\n<\/article>\n\n\t\t\t\t\t\t\t\t\t\t\t\n<article id=\"post-18535\" class=\"wd-post blog-design-masonry blog-post-loop blog-style-bg wd-add-shadow wd-col post-18535 post type-post status-publish format-standard has-post-thumbnail hentry category-cultura tag-descoberta tag-espiritualidade tag-lancamento tag-livro\">\n\t<div class=\"article-inner\">\n\t\t<header class=\"entry-header\">\n\t\t\t\t\t\t\t<figure class=\"entry-thumbnail\">\n\t\t\t\t\t\t\t\t\t\t\t<div class=\"post-img-wrapp\">\n\t\t\t\t\t\t\t<a href=\"https:\/\/eleve-se.com.br\/luigi-baricelli-muda-e-lanca-livro\/\">\n\t\t\t\t\t\t\t\t<img width=\"1024\" height=\"576\" src=\"https:\/\/eleve-se.com.br\/wp-content\/uploads\/2022\/09\/luigi-baricelli-muda-e-lanca-livro-1024x576.jpg\" class=\"attachment-large size-large\" alt=\"\" decoding=\"async\" loading=\"lazy\" srcset=\"https:\/\/eleve-se.com.br\/wp-content\/uploads\/2022\/09\/luigi-baricelli-muda-e-lanca-livro-1024x576.jpg 1024w, https:\/\/eleve-se.com.br\/wp-content\/uploads\/2022\/09\/luigi-baricelli-muda-e-lanca-livro-300x169.jpg 300w, https:\/\/eleve-se.com.br\/wp-content\/uploads\/2022\/09\/luigi-baricelli-muda-e-lanca-livro-768x432.jpg 768w, https:\/\/eleve-se.com.br\/wp-content\/uploads\/2022\/09\/luigi-baricelli-muda-e-lanca-livro-260x146.jpg 260w, https:\/\/eleve-se.com.br\/wp-content\/uploads\/2022\/09\/luigi-baricelli-muda-e-lanca-livro-50x28.jpg 50w, https:\/\/eleve-se.com.br\/wp-content\/uploads\/2022\/09\/luigi-baricelli-muda-e-lanca-livro-133x75.jpg 133w, https:\/\/eleve-se.com.br\/wp-content\/uploads\/2022\/09\/luigi-baricelli-muda-e-lanca-livro-800x450.jpg 800w, https:\/\/eleve-se.com.br\/wp-content\/uploads\/2022\/09\/luigi-baricelli-muda-e-lanca-livro.jpg 1280w\" sizes=\"auto, (max-width: 1024px) 100vw, 1024px\" \/>\t\t\t\t\t\t\t<\/a>\n\t\t\t\t\t\t<\/div>\n\t\t\t\t\t\t<div class=\"post-image-mask\">\n\t\t\t\t\t\t\t<span><\/span>\n\t\t\t\t\t\t<\/div>\n\t\t\t\t\t\t\t\t\t<\/figure>\n\t\t\t\n\t\t\t\t\t\t<div class=\"wd-post-date wd-style-with-bg\">\n\t\t\t\t<span class=\"post-date-day\">\n\t\t\t\t\t15\t\t\t\t<\/span>\n\t\t\t\t<span class=\"post-date-month\">\n\t\t\t\t\tset\t\t\t\t<\/span>\n\t\t\t<\/div>\n\t\t\t\t<\/header>\n\n\t\t<div class=\"article-body-container\">\n\t\t\t\t\t\t\t<div class=\"meta-categories-wrapp\">\n\t\t\t\t\t<div class=\"meta-post-categories wd-post-cat wd-style-with-bg\">\n\t\t\t\t\t\t<a href=\"https:\/\/eleve-se.com.br\/categoria\/cultura\/\" rel=\"category tag\">Cultura<\/a>\t\t\t\t\t<\/div>\n\t\t\t\t<\/div>\n\t\t\t\n\t\t\t\t\t\t\t<h3 class=\"wd-entities-title title post-title\">\n\t\t\t\t\t<a href=\"https:\/\/eleve-se.com.br\/luigi-baricelli-muda-e-lanca-livro\/\" rel=\"bookmark\">Luigi Baricelli muda e lan\u00e7a livro<\/a>\n\t\t\t\t<\/h3>\n\t\t\t\n\t\t\t\t\t\t\t<div class=\"entry-meta wd-entry-meta\">\n\t\t\t\t\t\t\t\t<ul class=\"entry-meta-list\">\n\t\t\t\t\t\t\t\t\t<li class=\"modified-date\">\n\t\t\t\t\t\t\t\t<time class=\"updated\" datetime=\"2023-06-01T10:03:08-03:00\">\n\t\t\t01\/06\/2023\t\t<\/time>\n\t\t\t\t\t\t\t<\/li>\n\n\t\t\t\t\t\n\t\t\t\t\t\t\t\t\t\t\t<li class=\"meta-author\">\n\t\t\t\t\t\t\t\t\t\t\t\t<span>Por<\/span>\n\t\t\n\t\t\t\t\t<img src=\"https:\/\/eleve-se.com.br\/wp-content\/uploads\/2022\/06\/logo_elevese-50x50.png\" width=\"32\" height=\"32\" srcset=\"https:\/\/eleve-se.com.br\/wp-content\/uploads\/2022\/06\/logo_elevese-75x75.png 2x\" alt=\"Equipe Eleve-se\" class=\"avatar avatar-32 wp-user-avatar wp-user-avatar-32 alignnone photo\" \/>\t\t\n\t\t<a href=\"https:\/\/eleve-se.com.br\/author\/equipe\/\" class=\"author\" rel=\"author\">Equipe Eleve-se<\/a>\n\t\t\t\t\t\t\t\t<\/li>\n\t\t\t\t\t\n\t\t\t\t\t\n\t\t\t\t\t\t\t\t\t\t\t\t<\/ul>\n\t\t\t\t\t\t<\/div>\n\t\t\t\t\t\t\t\n\t\t\t\t\t\t\t\t\t\t\t\t<div class=\"entry-content wd-post-desc\">\n\t\t\t\t\t\tQuem acompanha\u00a0Luigi Baricelli\u00a0pelas redes sociais j\u00e1 percebeu que ele est\u00e1 diferente. E longe de ser apenas uma mudan\u00e7a no visual. O a...\t\t\t\t\t<\/div>\n\t\t\t\t\n\t\t\t\t\t\t\t\t\t\t\t\t\t\t<p class=\"read-more-section\">\n\t\t\t\t\t\t<a class=\"btn-read-more more-link\" href=\"https:\/\/eleve-se.com.br\/luigi-baricelli-muda-e-lanca-livro\/\">Continue lendo<\/a>\t\t\t\t\t<\/p>\n\t\t\t\t\t\t\t\t\t\t\t\t\t<\/div>\n\t<\/div>\n<\/article>\n\n\t\t\t\t\t\n\t\t\t\t\t","status":"have-posts","nextPage":"https:\/\/eleve-se.com.br\/author\/equipe\/page\/8\/?woo_ajax=1","currentPage":"https:\/\/eleve-se.com.br\/author\/equipe\/page\/7"}