
			
				

					
				

			
		{"items":"\n\t\t\t\t\t\t\t\t\t\t\t\n<article id=\"post-17894\" class=\"wd-post blog-design-masonry blog-post-loop blog-style-bg wd-add-shadow wd-col post-17894 post type-post status-publish format-standard has-post-thumbnail hentry category-oraculos tag-lua-minguante tag-taro tag-tarot\">\n\t<div class=\"article-inner\">\n\t\t<header class=\"entry-header\">\n\t\t\t\t\t\t\t<figure class=\"entry-thumbnail\">\n\t\t\t\t\t\t\t\t\t\t\t<div class=\"post-img-wrapp\">\n\t\t\t\t\t\t\t<a href=\"https:\/\/eleve-se.com.br\/conheca-uma-tiragem-de-taro-para-fazer-na-lua-minguante\/\">\n\t\t\t\t\t\t\t\t<img width=\"1024\" height=\"576\" src=\"https:\/\/eleve-se.com.br\/wp-content\/uploads\/2022\/04\/aprenda-uma-tiragem-de-taro-para-fazer-na-lua-minguante-1024x576.png\" class=\"attachment-large size-large\" alt=\"\" decoding=\"async\" fetchpriority=\"high\" srcset=\"https:\/\/eleve-se.com.br\/wp-content\/uploads\/2022\/04\/aprenda-uma-tiragem-de-taro-para-fazer-na-lua-minguante-1024x576.png 1024w, https:\/\/eleve-se.com.br\/wp-content\/uploads\/2022\/04\/aprenda-uma-tiragem-de-taro-para-fazer-na-lua-minguante-150x84.png 150w, https:\/\/eleve-se.com.br\/wp-content\/uploads\/2022\/04\/aprenda-uma-tiragem-de-taro-para-fazer-na-lua-minguante-800x450.png 800w, https:\/\/eleve-se.com.br\/wp-content\/uploads\/2022\/04\/aprenda-uma-tiragem-de-taro-para-fazer-na-lua-minguante-300x169.png 300w, https:\/\/eleve-se.com.br\/wp-content\/uploads\/2022\/04\/aprenda-uma-tiragem-de-taro-para-fazer-na-lua-minguante-768x432.png 768w, https:\/\/eleve-se.com.br\/wp-content\/uploads\/2022\/04\/aprenda-uma-tiragem-de-taro-para-fazer-na-lua-minguante-260x146.png 260w, https:\/\/eleve-se.com.br\/wp-content\/uploads\/2022\/04\/aprenda-uma-tiragem-de-taro-para-fazer-na-lua-minguante-50x28.png 50w, https:\/\/eleve-se.com.br\/wp-content\/uploads\/2022\/04\/aprenda-uma-tiragem-de-taro-para-fazer-na-lua-minguante-133x75.png 133w, https:\/\/eleve-se.com.br\/wp-content\/uploads\/2022\/04\/aprenda-uma-tiragem-de-taro-para-fazer-na-lua-minguante.png 1280w\" sizes=\"(max-width: 1024px) 100vw, 1024px\" \/>\t\t\t\t\t\t\t<\/a>\n\t\t\t\t\t\t<\/div>\n\t\t\t\t\t\t<div class=\"post-image-mask\">\n\t\t\t\t\t\t\t<span><\/span>\n\t\t\t\t\t\t<\/div>\n\t\t\t\t\t\t\t\t\t<\/figure>\n\t\t\t\n\t\t\t\t\t\t<div class=\"wd-post-date wd-style-with-bg\">\n\t\t\t\t<span class=\"post-date-day\">\n\t\t\t\t\t25\t\t\t\t<\/span>\n\t\t\t\t<span class=\"post-date-month\">\n\t\t\t\t\tabr\t\t\t\t<\/span>\n\t\t\t<\/div>\n\t\t\t\t<\/header>\n\n\t\t<div class=\"article-body-container\">\n\t\t\t\t\t\t\t<div class=\"meta-categories-wrapp\">\n\t\t\t\t\t<div class=\"meta-post-categories wd-post-cat wd-style-with-bg\">\n\t\t\t\t\t\t<a href=\"https:\/\/eleve-se.com.br\/categoria\/oraculos\/\" rel=\"category tag\">Or\u00e1culos<\/a>\t\t\t\t\t<\/div>\n\t\t\t\t<\/div>\n\t\t\t\n\t\t\t\t\t\t\t<h3 class=\"wd-entities-title title post-title\">\n\t\t\t\t\t<a href=\"https:\/\/eleve-se.com.br\/conheca-uma-tiragem-de-taro-para-fazer-na-lua-minguante\/\" rel=\"bookmark\">Conhe\u00e7a uma tiragem de tar\u00f4 para fazer na Lua Minguante<\/a>\n\t\t\t\t<\/h3>\n\t\t\t\n\t\t\t\t\t\t\t<div class=\"entry-meta wd-entry-meta\">\n\t\t\t\t\t\t\t\t<ul class=\"entry-meta-list\">\n\t\t\t\t\t\t\t\t\t<li class=\"modified-date\">\n\t\t\t\t\t\t\t\t<time class=\"updated\" datetime=\"2023-06-01T11:05:38-03:00\">\n\t\t\t01\/06\/2023\t\t<\/time>\n\t\t\t\t\t\t\t<\/li>\n\n\t\t\t\t\t\n\t\t\t\t\t\t\t\t\t\t\t<li class=\"meta-author\">\n\t\t\t\t\t\t\t\t\t\t\t\t<span>Por<\/span>\n\t\t\n\t\t\t\t\t<img src=\"https:\/\/eleve-se.com.br\/wp-content\/uploads\/2022\/02\/FB_IMG_1630104384348-50x50.jpg\" width=\"32\" height=\"32\" srcset=\"https:\/\/eleve-se.com.br\/wp-content\/uploads\/2022\/02\/FB_IMG_1630104384348-75x75.jpg 2x\" alt=\"Fernanda Correia\" class=\"avatar avatar-32 wp-user-avatar wp-user-avatar-32 alignnone photo\" \/>\t\t\n\t\t<a href=\"https:\/\/eleve-se.com.br\/author\/fernanda-correia\/\" class=\"author\" rel=\"author\">Fernanda Correia<\/a>\n\t\t\t\t\t\t\t\t<\/li>\n\t\t\t\t\t\n\t\t\t\t\t\n\t\t\t\t\t\t\t\t\t\t\t\t<\/ul>\n\t\t\t\t\t\t<\/div>\n\t\t\t\t\t\t\t\n\t\t\t\t\t\t\t\t\t\t\t\t<div class=\"entry-content wd-post-desc\">\n\t\t\t\t\t\tAs fases da lua influenciam muito as nossas emo\u00e7\u00f5es. E n\u00f3s podemos aproveit\u00e1-las para fazer tiragens de tar\u00f4 espec\u00edficas, onde vamos ex...\t\t\t\t\t<\/div>\n\t\t\t\t\n\t\t\t\t\t\t\t\t\t\t\t\t\t\t<p class=\"read-more-section\">\n\t\t\t\t\t\t<a class=\"btn-read-more more-link\" href=\"https:\/\/eleve-se.com.br\/conheca-uma-tiragem-de-taro-para-fazer-na-lua-minguante\/\">Continue lendo<\/a>\t\t\t\t\t<\/p>\n\t\t\t\t\t\t\t\t\t\t\t\t\t<\/div>\n\t<\/div>\n<\/article>\n\n\t\t\t\t\t\t\t\t\t\t\t\n<article id=\"post-17884\" class=\"wd-post blog-design-masonry blog-post-loop blog-style-bg wd-add-shadow wd-col post-17884 post type-post status-publish format-standard has-post-thumbnail hentry category-astros tag-casa-10 tag-meio-do-ceu tag-proposito\">\n\t<div class=\"article-inner\">\n\t\t<header class=\"entry-header\">\n\t\t\t\t\t\t\t<figure class=\"entry-thumbnail\">\n\t\t\t\t\t\t\t\t\t\t\t<div class=\"post-img-wrapp\">\n\t\t\t\t\t\t\t<a href=\"https:\/\/eleve-se.com.br\/voce-nasceu-ao-meio-dia-veja-o-que-isso-significa\/\">\n\t\t\t\t\t\t\t\t<img width=\"1024\" height=\"576\" src=\"https:\/\/eleve-se.com.br\/wp-content\/uploads\/2022\/04\/voce-nasceu-ao-meio-dia-veja-o-que-isso-significa-1024x576.png\" class=\"attachment-large size-large\" alt=\"\" decoding=\"async\" srcset=\"https:\/\/eleve-se.com.br\/wp-content\/uploads\/2022\/04\/voce-nasceu-ao-meio-dia-veja-o-que-isso-significa-1024x576.png 1024w, https:\/\/eleve-se.com.br\/wp-content\/uploads\/2022\/04\/voce-nasceu-ao-meio-dia-veja-o-que-isso-significa-150x84.png 150w, https:\/\/eleve-se.com.br\/wp-content\/uploads\/2022\/04\/voce-nasceu-ao-meio-dia-veja-o-que-isso-significa-800x450.png 800w, https:\/\/eleve-se.com.br\/wp-content\/uploads\/2022\/04\/voce-nasceu-ao-meio-dia-veja-o-que-isso-significa-300x169.png 300w, https:\/\/eleve-se.com.br\/wp-content\/uploads\/2022\/04\/voce-nasceu-ao-meio-dia-veja-o-que-isso-significa-768x432.png 768w, https:\/\/eleve-se.com.br\/wp-content\/uploads\/2022\/04\/voce-nasceu-ao-meio-dia-veja-o-que-isso-significa-260x146.png 260w, https:\/\/eleve-se.com.br\/wp-content\/uploads\/2022\/04\/voce-nasceu-ao-meio-dia-veja-o-que-isso-significa-50x28.png 50w, https:\/\/eleve-se.com.br\/wp-content\/uploads\/2022\/04\/voce-nasceu-ao-meio-dia-veja-o-que-isso-significa-133x75.png 133w, https:\/\/eleve-se.com.br\/wp-content\/uploads\/2022\/04\/voce-nasceu-ao-meio-dia-veja-o-que-isso-significa.png 1280w\" sizes=\"(max-width: 1024px) 100vw, 1024px\" \/>\t\t\t\t\t\t\t<\/a>\n\t\t\t\t\t\t<\/div>\n\t\t\t\t\t\t<div class=\"post-image-mask\">\n\t\t\t\t\t\t\t<span><\/span>\n\t\t\t\t\t\t<\/div>\n\t\t\t\t\t\t\t\t\t<\/figure>\n\t\t\t\n\t\t\t\t\t\t<div class=\"wd-post-date wd-style-with-bg\">\n\t\t\t\t<span class=\"post-date-day\">\n\t\t\t\t\t22\t\t\t\t<\/span>\n\t\t\t\t<span class=\"post-date-month\">\n\t\t\t\t\tabr\t\t\t\t<\/span>\n\t\t\t<\/div>\n\t\t\t\t<\/header>\n\n\t\t<div class=\"article-body-container\">\n\t\t\t\t\t\t\t<div class=\"meta-categories-wrapp\">\n\t\t\t\t\t<div class=\"meta-post-categories wd-post-cat wd-style-with-bg\">\n\t\t\t\t\t\t<a href=\"https:\/\/eleve-se.com.br\/categoria\/astros\/\" rel=\"category tag\">Astros<\/a>\t\t\t\t\t<\/div>\n\t\t\t\t<\/div>\n\t\t\t\n\t\t\t\t\t\t\t<h3 class=\"wd-entities-title title post-title\">\n\t\t\t\t\t<a href=\"https:\/\/eleve-se.com.br\/voce-nasceu-ao-meio-dia-veja-o-que-isso-significa\/\" rel=\"bookmark\">Voc\u00ea nasceu ao meio-dia? Veja o que isso significa<\/a>\n\t\t\t\t<\/h3>\n\t\t\t\n\t\t\t\t\t\t\t<div class=\"entry-meta wd-entry-meta\">\n\t\t\t\t\t\t\t\t<ul class=\"entry-meta-list\">\n\t\t\t\t\t\t\t\t\t<li class=\"modified-date\">\n\t\t\t\t\t\t\t\t<time class=\"updated\" datetime=\"2023-06-01T11:05:45-03:00\">\n\t\t\t01\/06\/2023\t\t<\/time>\n\t\t\t\t\t\t\t<\/li>\n\n\t\t\t\t\t\n\t\t\t\t\t\t\t\t\t\t\t<li class=\"meta-author\">\n\t\t\t\t\t\t\t\t\t\t\t\t<span>Por<\/span>\n\t\t\n\t\t\t\t\t<img src=\"https:\/\/eleve-se.com.br\/wp-content\/uploads\/2022\/02\/FB_IMG_1630104384348-50x50.jpg\" width=\"32\" height=\"32\" srcset=\"https:\/\/eleve-se.com.br\/wp-content\/uploads\/2022\/02\/FB_IMG_1630104384348-75x75.jpg 2x\" alt=\"Fernanda Correia\" class=\"avatar avatar-32 wp-user-avatar wp-user-avatar-32 alignnone photo\" \/>\t\t\n\t\t<a href=\"https:\/\/eleve-se.com.br\/author\/fernanda-correia\/\" class=\"author\" rel=\"author\">Fernanda Correia<\/a>\n\t\t\t\t\t\t\t\t<\/li>\n\t\t\t\t\t\n\t\t\t\t\t\n\t\t\t\t\t\t\t\t\t\t\t\t<\/ul>\n\t\t\t\t\t\t<\/div>\n\t\t\t\t\t\t\t\n\t\t\t\t\t\t\t\t\t\t\t\t<div class=\"entry-content wd-post-desc\">\n\t\t\t\t\t\tSe voc\u00ea nasceu ao meio dia, ou pr\u00f3ximo desse hor\u00e1rio, voc\u00ea certamente ter\u00e1 o Sol do seu mapa natal na Casa 10.\n\n\n\nA Casa 10 ou o Meio d...\t\t\t\t\t<\/div>\n\t\t\t\t\n\t\t\t\t\t\t\t\t\t\t\t\t\t\t<p class=\"read-more-section\">\n\t\t\t\t\t\t<a class=\"btn-read-more more-link\" href=\"https:\/\/eleve-se.com.br\/voce-nasceu-ao-meio-dia-veja-o-que-isso-significa\/\">Continue lendo<\/a>\t\t\t\t\t<\/p>\n\t\t\t\t\t\t\t\t\t\t\t\t\t<\/div>\n\t<\/div>\n<\/article>\n\n\t\t\t\t\t\t\t\t\t\t\t\n<article id=\"post-17871\" class=\"wd-post blog-design-masonry blog-post-loop blog-style-bg wd-add-shadow wd-col post-17871 post type-post status-publish format-standard has-post-thumbnail hentry category-oraculos tag-monte-lunar tag-palma-da-mao tag-quiromancia\">\n\t<div class=\"article-inner\">\n\t\t<header class=\"entry-header\">\n\t\t\t\t\t\t\t<figure class=\"entry-thumbnail\">\n\t\t\t\t\t\t\t\t\t\t\t<div class=\"post-img-wrapp\">\n\t\t\t\t\t\t\t<a href=\"https:\/\/eleve-se.com.br\/aprenda-a-identificar-o-monte-da-lua-na-palma-da-sua-mao\/\">\n\t\t\t\t\t\t\t\t<img width=\"1024\" height=\"576\" src=\"https:\/\/eleve-se.com.br\/wp-content\/uploads\/2022\/04\/aprenda-identificar-monte-da-lua-na-palma-da-sua-mao-1024x576.png\" class=\"attachment-large size-large\" alt=\"\" decoding=\"async\" loading=\"lazy\" srcset=\"https:\/\/eleve-se.com.br\/wp-content\/uploads\/2022\/04\/aprenda-identificar-monte-da-lua-na-palma-da-sua-mao-1024x576.png 1024w, https:\/\/eleve-se.com.br\/wp-content\/uploads\/2022\/04\/aprenda-identificar-monte-da-lua-na-palma-da-sua-mao-800x450.png 800w, https:\/\/eleve-se.com.br\/wp-content\/uploads\/2022\/04\/aprenda-identificar-monte-da-lua-na-palma-da-sua-mao-300x169.png 300w, https:\/\/eleve-se.com.br\/wp-content\/uploads\/2022\/04\/aprenda-identificar-monte-da-lua-na-palma-da-sua-mao-768x432.png 768w, https:\/\/eleve-se.com.br\/wp-content\/uploads\/2022\/04\/aprenda-identificar-monte-da-lua-na-palma-da-sua-mao-260x146.png 260w, https:\/\/eleve-se.com.br\/wp-content\/uploads\/2022\/04\/aprenda-identificar-monte-da-lua-na-palma-da-sua-mao-50x28.png 50w, https:\/\/eleve-se.com.br\/wp-content\/uploads\/2022\/04\/aprenda-identificar-monte-da-lua-na-palma-da-sua-mao-133x75.png 133w, https:\/\/eleve-se.com.br\/wp-content\/uploads\/2022\/04\/aprenda-identificar-monte-da-lua-na-palma-da-sua-mao.png 1280w\" sizes=\"auto, (max-width: 1024px) 100vw, 1024px\" \/>\t\t\t\t\t\t\t<\/a>\n\t\t\t\t\t\t<\/div>\n\t\t\t\t\t\t<div class=\"post-image-mask\">\n\t\t\t\t\t\t\t<span><\/span>\n\t\t\t\t\t\t<\/div>\n\t\t\t\t\t\t\t\t\t<\/figure>\n\t\t\t\n\t\t\t\t\t\t<div class=\"wd-post-date wd-style-with-bg\">\n\t\t\t\t<span class=\"post-date-day\">\n\t\t\t\t\t20\t\t\t\t<\/span>\n\t\t\t\t<span class=\"post-date-month\">\n\t\t\t\t\tabr\t\t\t\t<\/span>\n\t\t\t<\/div>\n\t\t\t\t<\/header>\n\n\t\t<div class=\"article-body-container\">\n\t\t\t\t\t\t\t<div class=\"meta-categories-wrapp\">\n\t\t\t\t\t<div class=\"meta-post-categories wd-post-cat wd-style-with-bg\">\n\t\t\t\t\t\t<a href=\"https:\/\/eleve-se.com.br\/categoria\/oraculos\/\" rel=\"category tag\">Or\u00e1culos<\/a>\t\t\t\t\t<\/div>\n\t\t\t\t<\/div>\n\t\t\t\n\t\t\t\t\t\t\t<h3 class=\"wd-entities-title title post-title\">\n\t\t\t\t\t<a href=\"https:\/\/eleve-se.com.br\/aprenda-a-identificar-o-monte-da-lua-na-palma-da-sua-mao\/\" rel=\"bookmark\">Aprenda a identificar o Monte da Lua na palma da sua m\u00e3o<\/a>\n\t\t\t\t<\/h3>\n\t\t\t\n\t\t\t\t\t\t\t<div class=\"entry-meta wd-entry-meta\">\n\t\t\t\t\t\t\t\t<ul class=\"entry-meta-list\">\n\t\t\t\t\t\t\t\t\t<li class=\"modified-date\">\n\t\t\t\t\t\t\t\t<time class=\"updated\" datetime=\"2023-06-01T11:05:49-03:00\">\n\t\t\t01\/06\/2023\t\t<\/time>\n\t\t\t\t\t\t\t<\/li>\n\n\t\t\t\t\t\n\t\t\t\t\t\t\t\t\t\t\t<li class=\"meta-author\">\n\t\t\t\t\t\t\t\t\t\t\t\t<span>Por<\/span>\n\t\t\n\t\t\t\t\t<img src=\"https:\/\/eleve-se.com.br\/wp-content\/uploads\/2022\/06\/logo_elevese-50x50.png\" width=\"32\" height=\"32\" srcset=\"https:\/\/eleve-se.com.br\/wp-content\/uploads\/2022\/06\/logo_elevese-75x75.png 2x\" alt=\"Equipe Eleve-se\" class=\"avatar avatar-32 wp-user-avatar wp-user-avatar-32 alignnone photo\" \/>\t\t\n\t\t<a href=\"https:\/\/eleve-se.com.br\/author\/equipe\/\" class=\"author\" rel=\"author\">Equipe Eleve-se<\/a>\n\t\t\t\t\t\t\t\t<\/li>\n\t\t\t\t\t\n\t\t\t\t\t\n\t\t\t\t\t\t\t\t\t\t\t\t<\/ul>\n\t\t\t\t\t\t<\/div>\n\t\t\t\t\t\t\t\n\t\t\t\t\t\t\t\t\t\t\t\t<div class=\"entry-content wd-post-desc\">\n\t\t\t\t\t\tAs nossas m\u00e3os s\u00e3o carregadas de sinais e s\u00edmbolos ocultos, repletos de significados. A filosofia que estuda esses sinais \u00e9 a quiromanc...\t\t\t\t\t<\/div>\n\t\t\t\t\n\t\t\t\t\t\t\t\t\t\t\t\t\t\t<p class=\"read-more-section\">\n\t\t\t\t\t\t<a class=\"btn-read-more more-link\" href=\"https:\/\/eleve-se.com.br\/aprenda-a-identificar-o-monte-da-lua-na-palma-da-sua-mao\/\">Continue lendo<\/a>\t\t\t\t\t<\/p>\n\t\t\t\t\t\t\t\t\t\t\t\t\t<\/div>\n\t<\/div>\n<\/article>\n\n\t\t\t\t\t\t\t\t\t\t\t\n<article id=\"post-17797\" class=\"wd-post blog-design-masonry blog-post-loop blog-style-bg wd-add-shadow wd-col post-17797 post type-post status-publish format-standard has-post-thumbnail hentry category-rituais tag-animo tag-desanimo tag-escalda-pes tag-vigor\">\n\t<div class=\"article-inner\">\n\t\t<header class=\"entry-header\">\n\t\t\t\t\t\t\t<figure class=\"entry-thumbnail\">\n\t\t\t\t\t\t\t\t\t\t\t<div class=\"post-img-wrapp\">\n\t\t\t\t\t\t\t<a href=\"https:\/\/eleve-se.com.br\/escalda-pes-para-vencer-o-desanimo\/\">\n\t\t\t\t\t\t\t\t<img width=\"1024\" height=\"576\" src=\"https:\/\/eleve-se.com.br\/wp-content\/uploads\/2022\/04\/escalda-pes-para-vencer-o-desanimo-1024x576.png\" class=\"attachment-large size-large\" alt=\"\" decoding=\"async\" loading=\"lazy\" srcset=\"https:\/\/eleve-se.com.br\/wp-content\/uploads\/2022\/04\/escalda-pes-para-vencer-o-desanimo-1024x576.png 1024w, https:\/\/eleve-se.com.br\/wp-content\/uploads\/2022\/04\/escalda-pes-para-vencer-o-desanimo-800x450.png 800w, https:\/\/eleve-se.com.br\/wp-content\/uploads\/2022\/04\/escalda-pes-para-vencer-o-desanimo-300x169.png 300w, https:\/\/eleve-se.com.br\/wp-content\/uploads\/2022\/04\/escalda-pes-para-vencer-o-desanimo-768x432.png 768w, https:\/\/eleve-se.com.br\/wp-content\/uploads\/2022\/04\/escalda-pes-para-vencer-o-desanimo-260x146.png 260w, https:\/\/eleve-se.com.br\/wp-content\/uploads\/2022\/04\/escalda-pes-para-vencer-o-desanimo-50x28.png 50w, https:\/\/eleve-se.com.br\/wp-content\/uploads\/2022\/04\/escalda-pes-para-vencer-o-desanimo-133x75.png 133w, https:\/\/eleve-se.com.br\/wp-content\/uploads\/2022\/04\/escalda-pes-para-vencer-o-desanimo.png 1280w\" sizes=\"auto, (max-width: 1024px) 100vw, 1024px\" \/>\t\t\t\t\t\t\t<\/a>\n\t\t\t\t\t\t<\/div>\n\t\t\t\t\t\t<div class=\"post-image-mask\">\n\t\t\t\t\t\t\t<span><\/span>\n\t\t\t\t\t\t<\/div>\n\t\t\t\t\t\t\t\t\t<\/figure>\n\t\t\t\n\t\t\t\t\t\t<div class=\"wd-post-date wd-style-with-bg\">\n\t\t\t\t<span class=\"post-date-day\">\n\t\t\t\t\t18\t\t\t\t<\/span>\n\t\t\t\t<span class=\"post-date-month\">\n\t\t\t\t\tabr\t\t\t\t<\/span>\n\t\t\t<\/div>\n\t\t\t\t<\/header>\n\n\t\t<div class=\"article-body-container\">\n\t\t\t\t\t\t\t<div class=\"meta-categories-wrapp\">\n\t\t\t\t\t<div class=\"meta-post-categories wd-post-cat wd-style-with-bg\">\n\t\t\t\t\t\t<a href=\"https:\/\/eleve-se.com.br\/categoria\/rituais\/\" rel=\"category tag\">Rituais<\/a>\t\t\t\t\t<\/div>\n\t\t\t\t<\/div>\n\t\t\t\n\t\t\t\t\t\t\t<h3 class=\"wd-entities-title title post-title\">\n\t\t\t\t\t<a href=\"https:\/\/eleve-se.com.br\/escalda-pes-para-vencer-o-desanimo\/\" rel=\"bookmark\">Escalda-p\u00e9s para vencer o des\u00e2nimo<\/a>\n\t\t\t\t<\/h3>\n\t\t\t\n\t\t\t\t\t\t\t<div class=\"entry-meta wd-entry-meta\">\n\t\t\t\t\t\t\t\t<ul class=\"entry-meta-list\">\n\t\t\t\t\t\t\t\t\t<li class=\"modified-date\">\n\t\t\t\t\t\t\t\t<time class=\"updated\" datetime=\"2023-06-01T11:05:55-03:00\">\n\t\t\t01\/06\/2023\t\t<\/time>\n\t\t\t\t\t\t\t<\/li>\n\n\t\t\t\t\t\n\t\t\t\t\t\t\t\t\t\t\t<li class=\"meta-author\">\n\t\t\t\t\t\t\t\t\t\t\t\t<span>Por<\/span>\n\t\t\n\t\t\t\t\t<img src=\"https:\/\/eleve-se.com.br\/wp-content\/uploads\/2022\/03\/Captura-de-Tela-2022-03-13-a\u0300s-18.18.53-80x80.png\" width=\"32\" height=\"32\" srcset=\"https:\/\/eleve-se.com.br\/wp-content\/uploads\/2022\/03\/Captura-de-Tela-2022-03-13-a\u0300s-18.18.53-80x80.png 2x\" alt=\"Micherlotta Najara\" class=\"avatar avatar-32 wp-user-avatar wp-user-avatar-32 alignnone photo\" \/>\t\t\n\t\t<a href=\"https:\/\/eleve-se.com.br\/author\/micherlotta-najara\/\" class=\"author\" rel=\"author\">Micherlotta Najara<\/a>\n\t\t\t\t\t\t\t\t<\/li>\n\t\t\t\t\t\n\t\t\t\t\t\n\t\t\t\t\t\t\t\t\t\t\t\t<\/ul>\n\t\t\t\t\t\t<\/div>\n\t\t\t\t\t\t\t\n\t\t\t\t\t\t\t\t\t\t\t\t<div class=\"entry-content wd-post-desc\">\n\t\t\t\t\t\tOl\u00e1 amores!\n\n\n\nEssa semana vamos falar sobre algo que pega a gente de vez em quando: o des\u00e2nimo. Quem nunca passou por isso, n\u00e3o \u00e9 mesm...\t\t\t\t\t<\/div>\n\t\t\t\t\n\t\t\t\t\t\t\t\t\t\t\t\t\t\t<p class=\"read-more-section\">\n\t\t\t\t\t\t<a class=\"btn-read-more more-link\" href=\"https:\/\/eleve-se.com.br\/escalda-pes-para-vencer-o-desanimo\/\">Continue lendo<\/a>\t\t\t\t\t<\/p>\n\t\t\t\t\t\t\t\t\t\t\t\t\t<\/div>\n\t<\/div>\n<\/article>\n\n\t\t\t\t\t\t\t\t\t\t\t\n<article id=\"post-17791\" class=\"wd-post blog-design-masonry blog-post-loop blog-style-bg wd-add-shadow wd-col post-17791 post type-post status-publish format-standard has-post-thumbnail hentry category-religiao tag-alinhamento tag-chakras tag-equilibrio\">\n\t<div class=\"article-inner\">\n\t\t<header class=\"entry-header\">\n\t\t\t\t\t\t\t<figure class=\"entry-thumbnail\">\n\t\t\t\t\t\t\t\t\t\t\t<div class=\"post-img-wrapp\">\n\t\t\t\t\t\t\t<a href=\"https:\/\/eleve-se.com.br\/como-saber-se-os-seus-chakras-estao-desalinhados\/\">\n\t\t\t\t\t\t\t\t<img width=\"1024\" height=\"576\" src=\"https:\/\/eleve-se.com.br\/wp-content\/uploads\/2022\/04\/como-saber-se-os-seus-chakras-estao-desalinhados-1024x576.png\" class=\"attachment-large size-large\" alt=\"\" decoding=\"async\" loading=\"lazy\" srcset=\"https:\/\/eleve-se.com.br\/wp-content\/uploads\/2022\/04\/como-saber-se-os-seus-chakras-estao-desalinhados-1024x576.png 1024w, https:\/\/eleve-se.com.br\/wp-content\/uploads\/2022\/04\/como-saber-se-os-seus-chakras-estao-desalinhados-800x450.png 800w, https:\/\/eleve-se.com.br\/wp-content\/uploads\/2022\/04\/como-saber-se-os-seus-chakras-estao-desalinhados-300x169.png 300w, https:\/\/eleve-se.com.br\/wp-content\/uploads\/2022\/04\/como-saber-se-os-seus-chakras-estao-desalinhados-768x432.png 768w, https:\/\/eleve-se.com.br\/wp-content\/uploads\/2022\/04\/como-saber-se-os-seus-chakras-estao-desalinhados-260x146.png 260w, https:\/\/eleve-se.com.br\/wp-content\/uploads\/2022\/04\/como-saber-se-os-seus-chakras-estao-desalinhados-50x28.png 50w, https:\/\/eleve-se.com.br\/wp-content\/uploads\/2022\/04\/como-saber-se-os-seus-chakras-estao-desalinhados-133x75.png 133w, https:\/\/eleve-se.com.br\/wp-content\/uploads\/2022\/04\/como-saber-se-os-seus-chakras-estao-desalinhados.png 1280w\" sizes=\"auto, (max-width: 1024px) 100vw, 1024px\" \/>\t\t\t\t\t\t\t<\/a>\n\t\t\t\t\t\t<\/div>\n\t\t\t\t\t\t<div class=\"post-image-mask\">\n\t\t\t\t\t\t\t<span><\/span>\n\t\t\t\t\t\t<\/div>\n\t\t\t\t\t\t\t\t\t<\/figure>\n\t\t\t\n\t\t\t\t\t\t<div class=\"wd-post-date wd-style-with-bg\">\n\t\t\t\t<span class=\"post-date-day\">\n\t\t\t\t\t15\t\t\t\t<\/span>\n\t\t\t\t<span class=\"post-date-month\">\n\t\t\t\t\tabr\t\t\t\t<\/span>\n\t\t\t<\/div>\n\t\t\t\t<\/header>\n\n\t\t<div class=\"article-body-container\">\n\t\t\t\t\t\t\t<div class=\"meta-categories-wrapp\">\n\t\t\t\t\t<div class=\"meta-post-categories wd-post-cat wd-style-with-bg\">\n\t\t\t\t\t\t<a href=\"https:\/\/eleve-se.com.br\/categoria\/religiao\/\" rel=\"category tag\">Religi\u00e3o<\/a>\t\t\t\t\t<\/div>\n\t\t\t\t<\/div>\n\t\t\t\n\t\t\t\t\t\t\t<h3 class=\"wd-entities-title title post-title\">\n\t\t\t\t\t<a href=\"https:\/\/eleve-se.com.br\/como-saber-se-os-seus-chakras-estao-desalinhados\/\" rel=\"bookmark\">Como saber se os seus chakras est\u00e3o desalinhados?<\/a>\n\t\t\t\t<\/h3>\n\t\t\t\n\t\t\t\t\t\t\t<div class=\"entry-meta wd-entry-meta\">\n\t\t\t\t\t\t\t\t<ul class=\"entry-meta-list\">\n\t\t\t\t\t\t\t\t\t<li class=\"modified-date\">\n\t\t\t\t\t\t\t\t<time class=\"updated\" datetime=\"2023-06-01T11:06:00-03:00\">\n\t\t\t01\/06\/2023\t\t<\/time>\n\t\t\t\t\t\t\t<\/li>\n\n\t\t\t\t\t\n\t\t\t\t\t\t\t\t\t\t\t<li class=\"meta-author\">\n\t\t\t\t\t\t\t\t\t\t\t\t<span>Por<\/span>\n\t\t\n\t\t\t\t\t<img src=\"https:\/\/eleve-se.com.br\/wp-content\/uploads\/2022\/02\/FB_IMG_1630104384348-50x50.jpg\" width=\"32\" height=\"32\" srcset=\"https:\/\/eleve-se.com.br\/wp-content\/uploads\/2022\/02\/FB_IMG_1630104384348-75x75.jpg 2x\" alt=\"Fernanda Correia\" class=\"avatar avatar-32 wp-user-avatar wp-user-avatar-32 alignnone photo\" \/>\t\t\n\t\t<a href=\"https:\/\/eleve-se.com.br\/author\/fernanda-correia\/\" class=\"author\" rel=\"author\">Fernanda Correia<\/a>\n\t\t\t\t\t\t\t\t<\/li>\n\t\t\t\t\t\n\t\t\t\t\t\n\t\t\t\t\t\t\t\t\t\t\t\t<\/ul>\n\t\t\t\t\t\t<\/div>\n\t\t\t\t\t\t\t\n\t\t\t\t\t\t\t\t\t\t\t\t<div class=\"entry-content wd-post-desc\">\n\t\t\t\t\t\tOs chakras s\u00e3o v\u00f3rtices de energia que giram em alta velocidade em diferentes pontos de nosso corpo. De acordo com a cultura hindu, est...\t\t\t\t\t<\/div>\n\t\t\t\t\n\t\t\t\t\t\t\t\t\t\t\t\t\t\t<p class=\"read-more-section\">\n\t\t\t\t\t\t<a class=\"btn-read-more more-link\" href=\"https:\/\/eleve-se.com.br\/como-saber-se-os-seus-chakras-estao-desalinhados\/\">Continue lendo<\/a>\t\t\t\t\t<\/p>\n\t\t\t\t\t\t\t\t\t\t\t\t\t<\/div>\n\t<\/div>\n<\/article>\n\n\t\t\t\t\t\t\t\t\t\t\t\n<article id=\"post-17781\" class=\"wd-post blog-design-masonry blog-post-loop blog-style-bg wd-add-shadow wd-col post-17781 post type-post status-publish format-standard has-post-thumbnail hentry category-lugares-incriveis tag-descanso tag-turismo tag-zen\">\n\t<div class=\"article-inner\">\n\t\t<header class=\"entry-header\">\n\t\t\t\t\t\t\t<figure class=\"entry-thumbnail\">\n\t\t\t\t\t\t\t\t\t\t\t<div class=\"post-img-wrapp\">\n\t\t\t\t\t\t\t<a href=\"https:\/\/eleve-se.com.br\/4-destinos-para-descansar-a-mente\/\">\n\t\t\t\t\t\t\t\t<img width=\"1024\" height=\"576\" src=\"https:\/\/eleve-se.com.br\/wp-content\/uploads\/2022\/04\/4-destinos-para-descansar-a-mente-1024x576.png\" class=\"attachment-large size-large\" alt=\"\" decoding=\"async\" loading=\"lazy\" srcset=\"https:\/\/eleve-se.com.br\/wp-content\/uploads\/2022\/04\/4-destinos-para-descansar-a-mente-1024x576.png 1024w, https:\/\/eleve-se.com.br\/wp-content\/uploads\/2022\/04\/4-destinos-para-descansar-a-mente-800x450.png 800w, https:\/\/eleve-se.com.br\/wp-content\/uploads\/2022\/04\/4-destinos-para-descansar-a-mente-300x169.png 300w, https:\/\/eleve-se.com.br\/wp-content\/uploads\/2022\/04\/4-destinos-para-descansar-a-mente-768x432.png 768w, https:\/\/eleve-se.com.br\/wp-content\/uploads\/2022\/04\/4-destinos-para-descansar-a-mente-260x146.png 260w, https:\/\/eleve-se.com.br\/wp-content\/uploads\/2022\/04\/4-destinos-para-descansar-a-mente-50x28.png 50w, https:\/\/eleve-se.com.br\/wp-content\/uploads\/2022\/04\/4-destinos-para-descansar-a-mente-133x75.png 133w, https:\/\/eleve-se.com.br\/wp-content\/uploads\/2022\/04\/4-destinos-para-descansar-a-mente.png 1280w\" sizes=\"auto, (max-width: 1024px) 100vw, 1024px\" \/>\t\t\t\t\t\t\t<\/a>\n\t\t\t\t\t\t<\/div>\n\t\t\t\t\t\t<div class=\"post-image-mask\">\n\t\t\t\t\t\t\t<span><\/span>\n\t\t\t\t\t\t<\/div>\n\t\t\t\t\t\t\t\t\t<\/figure>\n\t\t\t\n\t\t\t\t\t\t<div class=\"wd-post-date wd-style-with-bg\">\n\t\t\t\t<span class=\"post-date-day\">\n\t\t\t\t\t14\t\t\t\t<\/span>\n\t\t\t\t<span class=\"post-date-month\">\n\t\t\t\t\tabr\t\t\t\t<\/span>\n\t\t\t<\/div>\n\t\t\t\t<\/header>\n\n\t\t<div class=\"article-body-container\">\n\t\t\t\t\t\t\t<div class=\"meta-categories-wrapp\">\n\t\t\t\t\t<div class=\"meta-post-categories wd-post-cat wd-style-with-bg\">\n\t\t\t\t\t\t<a href=\"https:\/\/eleve-se.com.br\/categoria\/lugares-incriveis\/\" rel=\"category tag\">Lugares Incr\u00edveis<\/a>\t\t\t\t\t<\/div>\n\t\t\t\t<\/div>\n\t\t\t\n\t\t\t\t\t\t\t<h3 class=\"wd-entities-title title post-title\">\n\t\t\t\t\t<a href=\"https:\/\/eleve-se.com.br\/4-destinos-para-descansar-a-mente\/\" rel=\"bookmark\">4 destinos para descansar a mente<\/a>\n\t\t\t\t<\/h3>\n\t\t\t\n\t\t\t\t\t\t\t<div class=\"entry-meta wd-entry-meta\">\n\t\t\t\t\t\t\t\t<ul class=\"entry-meta-list\">\n\t\t\t\t\t\t\t\t\t<li class=\"modified-date\">\n\t\t\t\t\t\t\t\t<time class=\"updated\" datetime=\"2023-06-01T13:58:47-03:00\">\n\t\t\t01\/06\/2023\t\t<\/time>\n\t\t\t\t\t\t\t<\/li>\n\n\t\t\t\t\t\n\t\t\t\t\t\t\t\t\t\t\t<li class=\"meta-author\">\n\t\t\t\t\t\t\t\t\t\t\t\t<span>Por<\/span>\n\t\t\n\t\t\t\t\t<img src=\"https:\/\/eleve-se.com.br\/wp-content\/uploads\/2022\/06\/logo_elevese-50x50.png\" width=\"32\" height=\"32\" srcset=\"https:\/\/eleve-se.com.br\/wp-content\/uploads\/2022\/06\/logo_elevese-75x75.png 2x\" alt=\"Equipe Eleve-se\" class=\"avatar avatar-32 wp-user-avatar wp-user-avatar-32 alignnone photo\" \/>\t\t\n\t\t<a href=\"https:\/\/eleve-se.com.br\/author\/equipe\/\" class=\"author\" rel=\"author\">Equipe Eleve-se<\/a>\n\t\t\t\t\t\t\t\t<\/li>\n\t\t\t\t\t\n\t\t\t\t\t\n\t\t\t\t\t\t\t\t\t\t\t\t<\/ul>\n\t\t\t\t\t\t<\/div>\n\t\t\t\t\t\t\t\n\t\t\t\t\t\t\t\t\t\t\t\t<div class=\"entry-content wd-post-desc\">\n\t\t\t\t\t\tUma pesquisa recente da\u00a0Booking.com\u00a0revelou que 92% dos viajantes brasileiros afirmam que passar um tempo descansando a mente \u00e9 sua mot...\t\t\t\t\t<\/div>\n\t\t\t\t\n\t\t\t\t\t\t\t\t\t\t\t\t\t\t<p class=\"read-more-section\">\n\t\t\t\t\t\t<a class=\"btn-read-more more-link\" href=\"https:\/\/eleve-se.com.br\/4-destinos-para-descansar-a-mente\/\">Continue lendo<\/a>\t\t\t\t\t<\/p>\n\t\t\t\t\t\t\t\t\t\t\t\t\t<\/div>\n\t<\/div>\n<\/article>\n\n\t\t\t\t\t\t\t\t\t\t\t\n<article id=\"post-17759\" class=\"wd-post blog-design-masonry blog-post-loop blog-style-bg wd-add-shadow wd-col post-17759 post type-post status-publish format-standard has-post-thumbnail hentry category-vida-saudavel tag-antioxidantes tag-cacau tag-chocolate\">\n\t<div class=\"article-inner\">\n\t\t<header class=\"entry-header\">\n\t\t\t\t\t\t\t<figure class=\"entry-thumbnail\">\n\t\t\t\t\t\t\t\t\t\t\t<div class=\"post-img-wrapp\">\n\t\t\t\t\t\t\t<a href=\"https:\/\/eleve-se.com.br\/beneficios-do-cacau-para-a-sua-saude\/\">\n\t\t\t\t\t\t\t\t<img width=\"1024\" height=\"576\" src=\"https:\/\/eleve-se.com.br\/wp-content\/uploads\/2022\/04\/beneficios-do-cacau-para-a-sua-saude-1024x576.png\" class=\"attachment-large size-large\" alt=\"\" decoding=\"async\" loading=\"lazy\" srcset=\"https:\/\/eleve-se.com.br\/wp-content\/uploads\/2022\/04\/beneficios-do-cacau-para-a-sua-saude-1024x576.png 1024w, https:\/\/eleve-se.com.br\/wp-content\/uploads\/2022\/04\/beneficios-do-cacau-para-a-sua-saude-800x450.png 800w, https:\/\/eleve-se.com.br\/wp-content\/uploads\/2022\/04\/beneficios-do-cacau-para-a-sua-saude-300x169.png 300w, https:\/\/eleve-se.com.br\/wp-content\/uploads\/2022\/04\/beneficios-do-cacau-para-a-sua-saude-768x432.png 768w, https:\/\/eleve-se.com.br\/wp-content\/uploads\/2022\/04\/beneficios-do-cacau-para-a-sua-saude-260x146.png 260w, https:\/\/eleve-se.com.br\/wp-content\/uploads\/2022\/04\/beneficios-do-cacau-para-a-sua-saude-50x28.png 50w, https:\/\/eleve-se.com.br\/wp-content\/uploads\/2022\/04\/beneficios-do-cacau-para-a-sua-saude-133x75.png 133w, https:\/\/eleve-se.com.br\/wp-content\/uploads\/2022\/04\/beneficios-do-cacau-para-a-sua-saude.png 1280w\" sizes=\"auto, (max-width: 1024px) 100vw, 1024px\" \/>\t\t\t\t\t\t\t<\/a>\n\t\t\t\t\t\t<\/div>\n\t\t\t\t\t\t<div class=\"post-image-mask\">\n\t\t\t\t\t\t\t<span><\/span>\n\t\t\t\t\t\t<\/div>\n\t\t\t\t\t\t\t\t\t<\/figure>\n\t\t\t\n\t\t\t\t\t\t<div class=\"wd-post-date wd-style-with-bg\">\n\t\t\t\t<span class=\"post-date-day\">\n\t\t\t\t\t13\t\t\t\t<\/span>\n\t\t\t\t<span class=\"post-date-month\">\n\t\t\t\t\tabr\t\t\t\t<\/span>\n\t\t\t<\/div>\n\t\t\t\t<\/header>\n\n\t\t<div class=\"article-body-container\">\n\t\t\t\t\t\t\t<div class=\"meta-categories-wrapp\">\n\t\t\t\t\t<div class=\"meta-post-categories wd-post-cat wd-style-with-bg\">\n\t\t\t\t\t\t<a href=\"https:\/\/eleve-se.com.br\/categoria\/vida-saudavel\/\" rel=\"category tag\">Vida Saud\u00e1vel<\/a>\t\t\t\t\t<\/div>\n\t\t\t\t<\/div>\n\t\t\t\n\t\t\t\t\t\t\t<h3 class=\"wd-entities-title title post-title\">\n\t\t\t\t\t<a href=\"https:\/\/eleve-se.com.br\/beneficios-do-cacau-para-a-sua-saude\/\" rel=\"bookmark\">Benef\u00edcios do cacau para a sua sa\u00fade<\/a>\n\t\t\t\t<\/h3>\n\t\t\t\n\t\t\t\t\t\t\t<div class=\"entry-meta wd-entry-meta\">\n\t\t\t\t\t\t\t\t<ul class=\"entry-meta-list\">\n\t\t\t\t\t\t\t\t\t<li class=\"modified-date\">\n\t\t\t\t\t\t\t\t<time class=\"updated\" datetime=\"2023-06-01T13:59:58-03:00\">\n\t\t\t01\/06\/2023\t\t<\/time>\n\t\t\t\t\t\t\t<\/li>\n\n\t\t\t\t\t\n\t\t\t\t\t\t\t\t\t\t\t<li class=\"meta-author\">\n\t\t\t\t\t\t\t\t\t\t\t\t<span>Por<\/span>\n\t\t\n\t\t\t\t\t<img src=\"https:\/\/eleve-se.com.br\/wp-content\/uploads\/2022\/05\/simone-marques-nutricionista-80x80.jpeg\" width=\"32\" height=\"32\" srcset=\"https:\/\/eleve-se.com.br\/wp-content\/uploads\/2022\/05\/simone-marques-nutricionista-80x80.jpeg 2x\" alt=\"Simone Marques\" class=\"avatar avatar-32 wp-user-avatar wp-user-avatar-32 alignnone photo\" \/>\t\t\n\t\t<a href=\"https:\/\/eleve-se.com.br\/author\/simone-marques\/\" class=\"author\" rel=\"author\">Simone Marques<\/a>\n\t\t\t\t\t\t\t\t<\/li>\n\t\t\t\t\t\n\t\t\t\t\t\n\t\t\t\t\t\t\t\t\t\t\t\t<\/ul>\n\t\t\t\t\t\t<\/div>\n\t\t\t\t\t\t\t\n\t\t\t\t\t\t\t\t\t\t\t\t<div class=\"entry-content wd-post-desc\">\n\t\t\t\t\t\tO cacau \u00e9 um fruto originalmente da Am\u00e9rica do Sul e Central, hoje disseminado por todo o mundo, n\u00e3o apenas pelas suas propriedades fun...\t\t\t\t\t<\/div>\n\t\t\t\t\n\t\t\t\t\t\t\t\t\t\t\t\t\t\t<p class=\"read-more-section\">\n\t\t\t\t\t\t<a class=\"btn-read-more more-link\" href=\"https:\/\/eleve-se.com.br\/beneficios-do-cacau-para-a-sua-saude\/\">Continue lendo<\/a>\t\t\t\t\t<\/p>\n\t\t\t\t\t\t\t\t\t\t\t\t\t<\/div>\n\t<\/div>\n<\/article>\n\n\t\t\t\t\t\t\t\t\t\t\t\n<article id=\"post-17753\" class=\"wd-post blog-design-masonry blog-post-loop blog-style-bg wd-add-shadow wd-col post-17753 post type-post status-publish format-standard has-post-thumbnail hentry category-rituais tag-banho-de-ervas tag-esquecer-amor tag-rituais tag-ritual tag-vinculo-energetico\">\n\t<div class=\"article-inner\">\n\t\t<header class=\"entry-header\">\n\t\t\t\t\t\t\t<figure class=\"entry-thumbnail\">\n\t\t\t\t\t\t\t\t\t\t\t<div class=\"post-img-wrapp\">\n\t\t\t\t\t\t\t<a href=\"https:\/\/eleve-se.com.br\/ritual-para-eliminar-vinculos-de-relacionamentos-passados\/\">\n\t\t\t\t\t\t\t\t<img width=\"1024\" height=\"576\" src=\"https:\/\/eleve-se.com.br\/wp-content\/uploads\/2022\/04\/ritual-para-eliminar-vinculos-de-relacionamentos-passados-1024x576.png\" class=\"attachment-large size-large\" alt=\"\" decoding=\"async\" loading=\"lazy\" srcset=\"https:\/\/eleve-se.com.br\/wp-content\/uploads\/2022\/04\/ritual-para-eliminar-vinculos-de-relacionamentos-passados-1024x576.png 1024w, https:\/\/eleve-se.com.br\/wp-content\/uploads\/2022\/04\/ritual-para-eliminar-vinculos-de-relacionamentos-passados-150x84.png 150w, https:\/\/eleve-se.com.br\/wp-content\/uploads\/2022\/04\/ritual-para-eliminar-vinculos-de-relacionamentos-passados-800x450.png 800w, https:\/\/eleve-se.com.br\/wp-content\/uploads\/2022\/04\/ritual-para-eliminar-vinculos-de-relacionamentos-passados-300x169.png 300w, https:\/\/eleve-se.com.br\/wp-content\/uploads\/2022\/04\/ritual-para-eliminar-vinculos-de-relacionamentos-passados-768x432.png 768w, https:\/\/eleve-se.com.br\/wp-content\/uploads\/2022\/04\/ritual-para-eliminar-vinculos-de-relacionamentos-passados-260x146.png 260w, https:\/\/eleve-se.com.br\/wp-content\/uploads\/2022\/04\/ritual-para-eliminar-vinculos-de-relacionamentos-passados-50x28.png 50w, https:\/\/eleve-se.com.br\/wp-content\/uploads\/2022\/04\/ritual-para-eliminar-vinculos-de-relacionamentos-passados-133x75.png 133w, https:\/\/eleve-se.com.br\/wp-content\/uploads\/2022\/04\/ritual-para-eliminar-vinculos-de-relacionamentos-passados.png 1280w\" sizes=\"auto, (max-width: 1024px) 100vw, 1024px\" \/>\t\t\t\t\t\t\t<\/a>\n\t\t\t\t\t\t<\/div>\n\t\t\t\t\t\t<div class=\"post-image-mask\">\n\t\t\t\t\t\t\t<span><\/span>\n\t\t\t\t\t\t<\/div>\n\t\t\t\t\t\t\t\t\t<\/figure>\n\t\t\t\n\t\t\t\t\t\t<div class=\"wd-post-date wd-style-with-bg\">\n\t\t\t\t<span class=\"post-date-day\">\n\t\t\t\t\t12\t\t\t\t<\/span>\n\t\t\t\t<span class=\"post-date-month\">\n\t\t\t\t\tabr\t\t\t\t<\/span>\n\t\t\t<\/div>\n\t\t\t\t<\/header>\n\n\t\t<div class=\"article-body-container\">\n\t\t\t\t\t\t\t<div class=\"meta-categories-wrapp\">\n\t\t\t\t\t<div class=\"meta-post-categories wd-post-cat wd-style-with-bg\">\n\t\t\t\t\t\t<a href=\"https:\/\/eleve-se.com.br\/categoria\/rituais\/\" rel=\"category tag\">Rituais<\/a>\t\t\t\t\t<\/div>\n\t\t\t\t<\/div>\n\t\t\t\n\t\t\t\t\t\t\t<h3 class=\"wd-entities-title title post-title\">\n\t\t\t\t\t<a href=\"https:\/\/eleve-se.com.br\/ritual-para-eliminar-vinculos-de-relacionamentos-passados\/\" rel=\"bookmark\">Como eliminar v\u00ednculos com relacionamentos passados?<\/a>\n\t\t\t\t<\/h3>\n\t\t\t\n\t\t\t\t\t\t\t<div class=\"entry-meta wd-entry-meta\">\n\t\t\t\t\t\t\t\t<ul class=\"entry-meta-list\">\n\t\t\t\t\t\t\t\t\t<li class=\"modified-date\">\n\t\t\t\t\t\t\t\t<time class=\"updated\" datetime=\"2023-06-01T14:00:05-03:00\">\n\t\t\t01\/06\/2023\t\t<\/time>\n\t\t\t\t\t\t\t<\/li>\n\n\t\t\t\t\t\n\t\t\t\t\t\t\t\t\t\t\t<li class=\"meta-author\">\n\t\t\t\t\t\t\t\t\t\t\t\t<span>Por<\/span>\n\t\t\n\t\t\t\t\t<img src=\"https:\/\/eleve-se.com.br\/wp-content\/uploads\/2022\/03\/Captura-de-Tela-2022-03-13-a\u0300s-18.18.53-80x80.png\" width=\"32\" height=\"32\" srcset=\"https:\/\/eleve-se.com.br\/wp-content\/uploads\/2022\/03\/Captura-de-Tela-2022-03-13-a\u0300s-18.18.53-80x80.png 2x\" alt=\"Micherlotta Najara\" class=\"avatar avatar-32 wp-user-avatar wp-user-avatar-32 alignnone photo\" \/>\t\t\n\t\t<a href=\"https:\/\/eleve-se.com.br\/author\/micherlotta-najara\/\" class=\"author\" rel=\"author\">Micherlotta Najara<\/a>\n\t\t\t\t\t\t\t\t<\/li>\n\t\t\t\t\t\n\t\t\t\t\t\n\t\t\t\t\t\t\t\t\t\t\t\t<\/ul>\n\t\t\t\t\t\t<\/div>\n\t\t\t\t\t\t\t\n\t\t\t\t\t\t\t\t\t\t\t\t<div class=\"entry-content wd-post-desc\">\n\t\t\t\t\t\tOL\u00c1&nbsp; AMORES!\n\n\n\nEssa semana vamos falar sobre como eliminar v\u00ednculos com relacionamentos passados\u2026 Sabe aquele relacionamento que ...\t\t\t\t\t<\/div>\n\t\t\t\t\n\t\t\t\t\t\t\t\t\t\t\t\t\t\t<p class=\"read-more-section\">\n\t\t\t\t\t\t<a class=\"btn-read-more more-link\" href=\"https:\/\/eleve-se.com.br\/ritual-para-eliminar-vinculos-de-relacionamentos-passados\/\">Continue lendo<\/a>\t\t\t\t\t<\/p>\n\t\t\t\t\t\t\t\t\t\t\t\t\t<\/div>\n\t<\/div>\n<\/article>\n\n\t\t\t\t\t\t\t\t\t\t\t\n<article id=\"post-17725\" class=\"wd-post blog-design-masonry blog-post-loop blog-style-bg wd-add-shadow wd-col post-17725 post type-post status-publish format-standard has-post-thumbnail hentry category-autoconhecimento tag-amor tag-autoestima tag-dicas\">\n\t<div class=\"article-inner\">\n\t\t<header class=\"entry-header\">\n\t\t\t\t\t\t\t<figure class=\"entry-thumbnail\">\n\t\t\t\t\t\t\t\t\t\t\t<div class=\"post-img-wrapp\">\n\t\t\t\t\t\t\t<a href=\"https:\/\/eleve-se.com.br\/7-atitudes-para-turbinar-sua-autoestima\/\">\n\t\t\t\t\t\t\t\t<img width=\"1024\" height=\"576\" src=\"https:\/\/eleve-se.com.br\/wp-content\/uploads\/2022\/04\/7-atitudes-para-turbinar-sua-autoestima-1024x576.png\" class=\"attachment-large size-large\" alt=\"\" decoding=\"async\" loading=\"lazy\" srcset=\"https:\/\/eleve-se.com.br\/wp-content\/uploads\/2022\/04\/7-atitudes-para-turbinar-sua-autoestima-1024x576.png 1024w, https:\/\/eleve-se.com.br\/wp-content\/uploads\/2022\/04\/7-atitudes-para-turbinar-sua-autoestima-800x450.png 800w, https:\/\/eleve-se.com.br\/wp-content\/uploads\/2022\/04\/7-atitudes-para-turbinar-sua-autoestima-300x169.png 300w, https:\/\/eleve-se.com.br\/wp-content\/uploads\/2022\/04\/7-atitudes-para-turbinar-sua-autoestima-768x432.png 768w, https:\/\/eleve-se.com.br\/wp-content\/uploads\/2022\/04\/7-atitudes-para-turbinar-sua-autoestima-260x146.png 260w, https:\/\/eleve-se.com.br\/wp-content\/uploads\/2022\/04\/7-atitudes-para-turbinar-sua-autoestima-50x28.png 50w, https:\/\/eleve-se.com.br\/wp-content\/uploads\/2022\/04\/7-atitudes-para-turbinar-sua-autoestima-133x75.png 133w, https:\/\/eleve-se.com.br\/wp-content\/uploads\/2022\/04\/7-atitudes-para-turbinar-sua-autoestima.png 1280w\" sizes=\"auto, (max-width: 1024px) 100vw, 1024px\" \/>\t\t\t\t\t\t\t<\/a>\n\t\t\t\t\t\t<\/div>\n\t\t\t\t\t\t<div class=\"post-image-mask\">\n\t\t\t\t\t\t\t<span><\/span>\n\t\t\t\t\t\t<\/div>\n\t\t\t\t\t\t\t\t\t<\/figure>\n\t\t\t\n\t\t\t\t\t\t<div class=\"wd-post-date wd-style-with-bg\">\n\t\t\t\t<span class=\"post-date-day\">\n\t\t\t\t\t11\t\t\t\t<\/span>\n\t\t\t\t<span class=\"post-date-month\">\n\t\t\t\t\tabr\t\t\t\t<\/span>\n\t\t\t<\/div>\n\t\t\t\t<\/header>\n\n\t\t<div class=\"article-body-container\">\n\t\t\t\t\t\t\t<div class=\"meta-categories-wrapp\">\n\t\t\t\t\t<div class=\"meta-post-categories wd-post-cat wd-style-with-bg\">\n\t\t\t\t\t\t<a href=\"https:\/\/eleve-se.com.br\/categoria\/autoconhecimento\/\" rel=\"category tag\">Autoconhecimento<\/a>\t\t\t\t\t<\/div>\n\t\t\t\t<\/div>\n\t\t\t\n\t\t\t\t\t\t\t<h3 class=\"wd-entities-title title post-title\">\n\t\t\t\t\t<a href=\"https:\/\/eleve-se.com.br\/7-atitudes-para-turbinar-sua-autoestima\/\" rel=\"bookmark\">7 atitudes para turbinar sua autoestima<\/a>\n\t\t\t\t<\/h3>\n\t\t\t\n\t\t\t\t\t\t\t<div class=\"entry-meta wd-entry-meta\">\n\t\t\t\t\t\t\t\t<ul class=\"entry-meta-list\">\n\t\t\t\t\t\t\t\t\t<li class=\"modified-date\">\n\t\t\t\t\t\t\t\t<time class=\"updated\" datetime=\"2023-06-01T14:00:10-03:00\">\n\t\t\t01\/06\/2023\t\t<\/time>\n\t\t\t\t\t\t\t<\/li>\n\n\t\t\t\t\t\n\t\t\t\t\t\t\t\t\t\t\t<li class=\"meta-author\">\n\t\t\t\t\t\t\t\t\t\t\t\t<span>Por<\/span>\n\t\t\n\t\t\t\t\t<img src=\"https:\/\/eleve-se.com.br\/wp-content\/uploads\/2022\/03\/Debora-Loureiro-1-scaled-e1648574820658-80x80.jpg\" width=\"32\" height=\"32\" srcset=\"https:\/\/eleve-se.com.br\/wp-content\/uploads\/2022\/03\/Debora-Loureiro-1-scaled-e1648574820658-80x80.jpg 2x\" alt=\"D\u00e9bora Loureiro\" class=\"avatar avatar-32 wp-user-avatar wp-user-avatar-32 alignnone photo\" \/>\t\t\n\t\t<a href=\"https:\/\/eleve-se.com.br\/author\/debora-loureiro\/\" class=\"author\" rel=\"author\">D\u00e9bora Loureiro<\/a>\n\t\t\t\t\t\t\t\t<\/li>\n\t\t\t\t\t\n\t\t\t\t\t\n\t\t\t\t\t\t\t\t\t\t\t\t<\/ul>\n\t\t\t\t\t\t<\/div>\n\t\t\t\t\t\t\t\n\t\t\t\t\t\t\t\t\t\t\t\t<div class=\"entry-content wd-post-desc\">\n\t\t\t\t\t\tMuito se tem falado sobre autoestima. E eu simplesmente estou amando isso. Ter a capacidade de se amar \u00e9 um divisor de \u00e1guas. Sem essa ...\t\t\t\t\t<\/div>\n\t\t\t\t\n\t\t\t\t\t\t\t\t\t\t\t\t\t\t<p class=\"read-more-section\">\n\t\t\t\t\t\t<a class=\"btn-read-more more-link\" href=\"https:\/\/eleve-se.com.br\/7-atitudes-para-turbinar-sua-autoestima\/\">Continue lendo<\/a>\t\t\t\t\t<\/p>\n\t\t\t\t\t\t\t\t\t\t\t\t\t<\/div>\n\t<\/div>\n<\/article>\n\n\t\t\t\t\t\t\t\t\t\t\t\n<article id=\"post-17715\" class=\"wd-post blog-design-masonry blog-post-loop blog-style-bg wd-add-shadow wd-col post-17715 post type-post status-publish format-standard has-post-thumbnail hentry category-meditacoes-guiadas\">\n\t<div class=\"article-inner\">\n\t\t<header class=\"entry-header\">\n\t\t\t\t\t\t\t<figure class=\"entry-thumbnail\">\n\t\t\t\t\t\t\t\t\t\t\t<div class=\"post-img-wrapp\">\n\t\t\t\t\t\t\t<a href=\"https:\/\/eleve-se.com.br\/conexao-com-os-mestres-da-fraternidade-branca\/\">\n\t\t\t\t\t\t\t\t<img width=\"1024\" height=\"576\" src=\"https:\/\/eleve-se.com.br\/wp-content\/uploads\/2022\/04\/episodio-3-1024x576.png\" class=\"attachment-large size-large\" alt=\"\" decoding=\"async\" loading=\"lazy\" srcset=\"https:\/\/eleve-se.com.br\/wp-content\/uploads\/2022\/04\/episodio-3-1024x576.png 1024w, https:\/\/eleve-se.com.br\/wp-content\/uploads\/2022\/04\/episodio-3-800x450.png 800w, https:\/\/eleve-se.com.br\/wp-content\/uploads\/2022\/04\/episodio-3-300x169.png 300w, https:\/\/eleve-se.com.br\/wp-content\/uploads\/2022\/04\/episodio-3-768x432.png 768w, https:\/\/eleve-se.com.br\/wp-content\/uploads\/2022\/04\/episodio-3-260x146.png 260w, https:\/\/eleve-se.com.br\/wp-content\/uploads\/2022\/04\/episodio-3-50x28.png 50w, https:\/\/eleve-se.com.br\/wp-content\/uploads\/2022\/04\/episodio-3-133x75.png 133w, https:\/\/eleve-se.com.br\/wp-content\/uploads\/2022\/04\/episodio-3.png 1280w\" sizes=\"auto, (max-width: 1024px) 100vw, 1024px\" \/>\t\t\t\t\t\t\t<\/a>\n\t\t\t\t\t\t<\/div>\n\t\t\t\t\t\t<div class=\"post-image-mask\">\n\t\t\t\t\t\t\t<span><\/span>\n\t\t\t\t\t\t<\/div>\n\t\t\t\t\t\t\t\t\t<\/figure>\n\t\t\t\n\t\t\t\t\t\t<div class=\"wd-post-date wd-style-with-bg\">\n\t\t\t\t<span class=\"post-date-day\">\n\t\t\t\t\t08\t\t\t\t<\/span>\n\t\t\t\t<span class=\"post-date-month\">\n\t\t\t\t\tabr\t\t\t\t<\/span>\n\t\t\t<\/div>\n\t\t\t\t<\/header>\n\n\t\t<div class=\"article-body-container\">\n\t\t\t\t\t\t\t<div class=\"meta-categories-wrapp\">\n\t\t\t\t\t<div class=\"meta-post-categories wd-post-cat wd-style-with-bg\">\n\t\t\t\t\t\t<a href=\"https:\/\/eleve-se.com.br\/categoria\/meditacoes-guiadas\/\" rel=\"category tag\">Medita\u00e7\u00f5es Guiadas<\/a>\t\t\t\t\t<\/div>\n\t\t\t\t<\/div>\n\t\t\t\n\t\t\t\t\t\t\t<h3 class=\"wd-entities-title title post-title\">\n\t\t\t\t\t<a href=\"https:\/\/eleve-se.com.br\/conexao-com-os-mestres-da-fraternidade-branca\/\" rel=\"bookmark\">Conex\u00e3o com os mestres da Fraternidade Branca<\/a>\n\t\t\t\t<\/h3>\n\t\t\t\n\t\t\t\t\t\t\t<div class=\"entry-meta wd-entry-meta\">\n\t\t\t\t\t\t\t\t<ul class=\"entry-meta-list\">\n\t\t\t\t\t\t\t\t\t<li class=\"modified-date\">\n\t\t\t\t\t\t\t\t<time class=\"updated\" datetime=\"2023-06-01T14:00:29-03:00\">\n\t\t\t01\/06\/2023\t\t<\/time>\n\t\t\t\t\t\t\t<\/li>\n\n\t\t\t\t\t\n\t\t\t\t\t\t\t\t\t\t\t<li class=\"meta-author\">\n\t\t\t\t\t\t\t\t\t\t\t\t<span>Por<\/span>\n\t\t\n\t\t\t\t\t<img src=\"https:\/\/eleve-se.com.br\/wp-content\/uploads\/2022\/06\/logo_elevese-50x50.png\" width=\"32\" height=\"32\" srcset=\"https:\/\/eleve-se.com.br\/wp-content\/uploads\/2022\/06\/logo_elevese-75x75.png 2x\" alt=\"Equipe Eleve-se\" class=\"avatar avatar-32 wp-user-avatar wp-user-avatar-32 alignnone photo\" \/>\t\t\n\t\t<a href=\"https:\/\/eleve-se.com.br\/author\/equipe\/\" class=\"author\" rel=\"author\">Equipe Eleve-se<\/a>\n\t\t\t\t\t\t\t\t<\/li>\n\t\t\t\t\t\n\t\t\t\t\t\n\t\t\t\t\t\t\t\t\t\t\t\t<\/ul>\n\t\t\t\t\t\t<\/div>\n\t\t\t\t\t\t\t\n\t\t\t\t\t\t\t\t\t\t\t\t<div class=\"entry-content wd-post-desc\">\n\t\t\t\t\t\tNesta medita\u00e7\u00e3o guiada voc\u00ea entrar\u00e1 em contato com os a for\u00e7a dos Mestres Ascensos da Grande Fraternidade Branca. Escolha um lugar tran...\t\t\t\t\t<\/div>\n\t\t\t\t\n\t\t\t\t\t\t\t\t\t\t\t\t\t\t<p class=\"read-more-section\">\n\t\t\t\t\t\t<a class=\"btn-read-more more-link\" href=\"https:\/\/eleve-se.com.br\/conexao-com-os-mestres-da-fraternidade-branca\/\">Continue lendo<\/a>\t\t\t\t\t<\/p>\n\t\t\t\t\t\t\t\t\t\t\t\t\t<\/div>\n\t<\/div>\n<\/article>\n\n\t\t\t\t\t\n\t\t\t\t\t","status":"have-posts","nextPage":"https:\/\/eleve-se.com.br\/blog-2\/page\/16\/?woo_ajax=1","currentPage":"https:\/\/eleve-se.com.br\/blog-2\/page\/15"}