
			
				

					
				

			
		{"items":"\n\t\t\t\t\t\t\t\t\t\t\t\n<article id=\"post-17577\" class=\"wd-post blog-design-masonry blog-post-loop blog-style-bg wd-add-shadow wd-col post-17577 post type-post status-publish format-standard has-post-thumbnail hentry category-oraculos tag-arcanos-menores tag-dez-de-ouros tag-naipe-de-ouros tag-significado tag-taro\">\n\t<div class=\"article-inner\">\n\t\t<header class=\"entry-header\">\n\t\t\t\t\t\t\t<figure class=\"entry-thumbnail\">\n\t\t\t\t\t\t\t\t\t\t\t<div class=\"post-img-wrapp\">\n\t\t\t\t\t\t\t<a href=\"https:\/\/eleve-se.com.br\/significados-da-carta-dez-de-ouros-do-taro\/\">\n\t\t\t\t\t\t\t\t<img width=\"1024\" height=\"576\" src=\"https:\/\/eleve-se.com.br\/wp-content\/uploads\/2022\/03\/significados-da-carta-dez-de-ouros-do-taro-1024x576.png\" class=\"attachment-large size-large\" alt=\"\" decoding=\"async\" fetchpriority=\"high\" srcset=\"https:\/\/eleve-se.com.br\/wp-content\/uploads\/2022\/03\/significados-da-carta-dez-de-ouros-do-taro-1024x576.png 1024w, https:\/\/eleve-se.com.br\/wp-content\/uploads\/2022\/03\/significados-da-carta-dez-de-ouros-do-taro-800x450.png 800w, https:\/\/eleve-se.com.br\/wp-content\/uploads\/2022\/03\/significados-da-carta-dez-de-ouros-do-taro-300x169.png 300w, https:\/\/eleve-se.com.br\/wp-content\/uploads\/2022\/03\/significados-da-carta-dez-de-ouros-do-taro-768x432.png 768w, https:\/\/eleve-se.com.br\/wp-content\/uploads\/2022\/03\/significados-da-carta-dez-de-ouros-do-taro-260x146.png 260w, https:\/\/eleve-se.com.br\/wp-content\/uploads\/2022\/03\/significados-da-carta-dez-de-ouros-do-taro-50x28.png 50w, https:\/\/eleve-se.com.br\/wp-content\/uploads\/2022\/03\/significados-da-carta-dez-de-ouros-do-taro-133x75.png 133w, https:\/\/eleve-se.com.br\/wp-content\/uploads\/2022\/03\/significados-da-carta-dez-de-ouros-do-taro.png 1280w\" sizes=\"(max-width: 1024px) 100vw, 1024px\" \/>\t\t\t\t\t\t\t<\/a>\n\t\t\t\t\t\t<\/div>\n\t\t\t\t\t\t<div class=\"post-image-mask\">\n\t\t\t\t\t\t\t<span><\/span>\n\t\t\t\t\t\t<\/div>\n\t\t\t\t\t\t\t\t\t<\/figure>\n\t\t\t\n\t\t\t\t\t\t<div class=\"wd-post-date wd-style-with-bg\">\n\t\t\t\t<span class=\"post-date-day\">\n\t\t\t\t\t25\t\t\t\t<\/span>\n\t\t\t\t<span class=\"post-date-month\">\n\t\t\t\t\tmar\t\t\t\t<\/span>\n\t\t\t<\/div>\n\t\t\t\t<\/header>\n\n\t\t<div class=\"article-body-container\">\n\t\t\t\t\t\t\t<div class=\"meta-categories-wrapp\">\n\t\t\t\t\t<div class=\"meta-post-categories wd-post-cat wd-style-with-bg\">\n\t\t\t\t\t\t<a href=\"https:\/\/eleve-se.com.br\/categoria\/oraculos\/\" rel=\"category tag\">Or\u00e1culos<\/a>\t\t\t\t\t<\/div>\n\t\t\t\t<\/div>\n\t\t\t\n\t\t\t\t\t\t\t<h3 class=\"wd-entities-title title post-title\">\n\t\t\t\t\t<a href=\"https:\/\/eleve-se.com.br\/significados-da-carta-dez-de-ouros-do-taro\/\" rel=\"bookmark\">Significados da carta Dez de Ouros do tar\u00f4<\/a>\n\t\t\t\t<\/h3>\n\t\t\t\n\t\t\t\t\t\t\t<div class=\"entry-meta wd-entry-meta\">\n\t\t\t\t\t\t\t\t<ul class=\"entry-meta-list\">\n\t\t\t\t\t\t\t\t\t<li class=\"modified-date\">\n\t\t\t\t\t\t\t\t<time class=\"updated\" datetime=\"2023-06-01T12:06:38-03:00\">\n\t\t\t01\/06\/2023\t\t<\/time>\n\t\t\t\t\t\t\t<\/li>\n\n\t\t\t\t\t\n\t\t\t\t\t\t\t\t\t\t\t<li class=\"meta-author\">\n\t\t\t\t\t\t\t\t\t\t\t\t<span>Por<\/span>\n\t\t\n\t\t\t\t\t<img src=\"https:\/\/eleve-se.com.br\/wp-content\/uploads\/2022\/02\/FB_IMG_1630104384348-50x50.jpg\" width=\"32\" height=\"32\" srcset=\"https:\/\/eleve-se.com.br\/wp-content\/uploads\/2022\/02\/FB_IMG_1630104384348-75x75.jpg 2x\" alt=\"Fernanda Correia\" class=\"avatar avatar-32 wp-user-avatar wp-user-avatar-32 alignnone photo\" \/>\t\t\n\t\t<a href=\"https:\/\/eleve-se.com.br\/author\/fernanda-correia\/\" class=\"author\" rel=\"author\">Fernanda Correia<\/a>\n\t\t\t\t\t\t\t\t<\/li>\n\t\t\t\t\t\n\t\t\t\t\t\n\t\t\t\t\t\t\t\t\t\t\t\t<\/ul>\n\t\t\t\t\t\t<\/div>\n\t\t\t\t\t\t\t\n\t\t\t\t\t\t\t\t\t\t\t\t<div class=\"entry-content wd-post-desc\">\n\t\t\t\t\t\tO Dez de Ouros marca o fim das cartas numeradas do naipe de Ouros.\u00a0As ilustra\u00e7\u00f5es dessa carta trazem quase sempre um homem maduro e sua...\t\t\t\t\t<\/div>\n\t\t\t\t\n\t\t\t\t\t\t\t\t\t\t\t\t\t\t<p class=\"read-more-section\">\n\t\t\t\t\t\t<a class=\"btn-read-more more-link\" href=\"https:\/\/eleve-se.com.br\/significados-da-carta-dez-de-ouros-do-taro\/\">Continue lendo<\/a>\t\t\t\t\t<\/p>\n\t\t\t\t\t\t\t\t\t\t\t\t\t<\/div>\n\t<\/div>\n<\/article>\n\n\t\t\t\t\t\t\t\t\t\t\t\n<article id=\"post-17559\" class=\"wd-post blog-design-masonry blog-post-loop blog-style-bg wd-add-shadow wd-col post-17559 post type-post status-publish format-standard has-post-thumbnail hentry category-autoconhecimento tag-pertencimento tag-poder tag-sagrado-feminino\">\n\t<div class=\"article-inner\">\n\t\t<header class=\"entry-header\">\n\t\t\t\t\t\t\t<figure class=\"entry-thumbnail\">\n\t\t\t\t\t\t\t\t\t\t\t<div class=\"post-img-wrapp\">\n\t\t\t\t\t\t\t<a href=\"https:\/\/eleve-se.com.br\/a-que-lugar-voce-pertence-mulher\/\">\n\t\t\t\t\t\t\t\t<img width=\"1024\" height=\"576\" src=\"https:\/\/eleve-se.com.br\/wp-content\/uploads\/2022\/03\/a-que-lugar-voce-pertence-mulher-1024x576.png\" class=\"attachment-large size-large\" alt=\"\" decoding=\"async\" srcset=\"https:\/\/eleve-se.com.br\/wp-content\/uploads\/2022\/03\/a-que-lugar-voce-pertence-mulher-1024x576.png 1024w, https:\/\/eleve-se.com.br\/wp-content\/uploads\/2022\/03\/a-que-lugar-voce-pertence-mulher-800x450.png 800w, https:\/\/eleve-se.com.br\/wp-content\/uploads\/2022\/03\/a-que-lugar-voce-pertence-mulher-300x169.png 300w, https:\/\/eleve-se.com.br\/wp-content\/uploads\/2022\/03\/a-que-lugar-voce-pertence-mulher-768x432.png 768w, https:\/\/eleve-se.com.br\/wp-content\/uploads\/2022\/03\/a-que-lugar-voce-pertence-mulher-260x146.png 260w, https:\/\/eleve-se.com.br\/wp-content\/uploads\/2022\/03\/a-que-lugar-voce-pertence-mulher-50x28.png 50w, https:\/\/eleve-se.com.br\/wp-content\/uploads\/2022\/03\/a-que-lugar-voce-pertence-mulher-133x75.png 133w, https:\/\/eleve-se.com.br\/wp-content\/uploads\/2022\/03\/a-que-lugar-voce-pertence-mulher.png 1280w\" sizes=\"(max-width: 1024px) 100vw, 1024px\" \/>\t\t\t\t\t\t\t<\/a>\n\t\t\t\t\t\t<\/div>\n\t\t\t\t\t\t<div class=\"post-image-mask\">\n\t\t\t\t\t\t\t<span><\/span>\n\t\t\t\t\t\t<\/div>\n\t\t\t\t\t\t\t\t\t<\/figure>\n\t\t\t\n\t\t\t\t\t\t<div class=\"wd-post-date wd-style-with-bg\">\n\t\t\t\t<span class=\"post-date-day\">\n\t\t\t\t\t23\t\t\t\t<\/span>\n\t\t\t\t<span class=\"post-date-month\">\n\t\t\t\t\tmar\t\t\t\t<\/span>\n\t\t\t<\/div>\n\t\t\t\t<\/header>\n\n\t\t<div class=\"article-body-container\">\n\t\t\t\t\t\t\t<div class=\"meta-categories-wrapp\">\n\t\t\t\t\t<div class=\"meta-post-categories wd-post-cat wd-style-with-bg\">\n\t\t\t\t\t\t<a href=\"https:\/\/eleve-se.com.br\/categoria\/autoconhecimento\/\" rel=\"category tag\">Autoconhecimento<\/a>\t\t\t\t\t<\/div>\n\t\t\t\t<\/div>\n\t\t\t\n\t\t\t\t\t\t\t<h3 class=\"wd-entities-title title post-title\">\n\t\t\t\t\t<a href=\"https:\/\/eleve-se.com.br\/a-que-lugar-voce-pertence-mulher\/\" rel=\"bookmark\">A que lugar voc\u00ea pertence, mulher?<\/a>\n\t\t\t\t<\/h3>\n\t\t\t\n\t\t\t\t\t\t\t<div class=\"entry-meta wd-entry-meta\">\n\t\t\t\t\t\t\t\t<ul class=\"entry-meta-list\">\n\t\t\t\t\t\t\t\t\t<li class=\"modified-date\">\n\t\t\t\t\t\t\t\t<time class=\"updated\" datetime=\"2023-06-01T12:07:01-03:00\">\n\t\t\t01\/06\/2023\t\t<\/time>\n\t\t\t\t\t\t\t<\/li>\n\n\t\t\t\t\t\n\t\t\t\t\t\t\t\t\t\t\t<li class=\"meta-author\">\n\t\t\t\t\t\t\t\t\t\t\t\t<span>Por<\/span>\n\t\t\n\t\t\t\t\t<img src=\"https:\/\/eleve-se.com.br\/wp-content\/uploads\/2022\/03\/rosa--80x80.png\" width=\"32\" height=\"32\" srcset=\"https:\/\/eleve-se.com.br\/wp-content\/uploads\/2022\/03\/rosa--80x80.png 2x\" alt=\"Rosa Maria Belchior\" class=\"avatar avatar-32 wp-user-avatar wp-user-avatar-32 alignnone photo\" \/>\t\t\n\t\t<a href=\"https:\/\/eleve-se.com.br\/author\/rosa-maria-belchior\/\" class=\"author\" rel=\"author\">Rosa Maria Belchior<\/a>\n\t\t\t\t\t\t\t\t<\/li>\n\t\t\t\t\t\n\t\t\t\t\t\n\t\t\t\t\t\t\t\t\t\t\t\t<\/ul>\n\t\t\t\t\t\t<\/div>\n\t\t\t\t\t\t\t\n\t\t\t\t\t\t\t\t\t\t\t\t<div class=\"entry-content wd-post-desc\">\n\t\t\t\t\t\tBert Hellinger \u00e9 categ\u00f3rico ao afirmar que todos t\u00eam o direito a pertencer.&nbsp;\n\n\n\nPor pertencimento entende-se subjetivamente que in...\t\t\t\t\t<\/div>\n\t\t\t\t\n\t\t\t\t\t\t\t\t\t\t\t\t\t\t<p class=\"read-more-section\">\n\t\t\t\t\t\t<a class=\"btn-read-more more-link\" href=\"https:\/\/eleve-se.com.br\/a-que-lugar-voce-pertence-mulher\/\">Continue lendo<\/a>\t\t\t\t\t<\/p>\n\t\t\t\t\t\t\t\t\t\t\t\t\t<\/div>\n\t<\/div>\n<\/article>\n\n\t\t\t\t\t\t\t\t\t\t\t\n<article id=\"post-17552\" class=\"wd-post blog-design-masonry blog-post-loop blog-style-bg wd-add-shadow wd-col post-17552 post type-post status-publish format-standard has-post-thumbnail hentry category-rituais tag-equinocio tag-maca tag-outono tag-ritual\">\n\t<div class=\"article-inner\">\n\t\t<header class=\"entry-header\">\n\t\t\t\t\t\t\t<figure class=\"entry-thumbnail\">\n\t\t\t\t\t\t\t\t\t\t\t<div class=\"post-img-wrapp\">\n\t\t\t\t\t\t\t<a href=\"https:\/\/eleve-se.com.br\/ritual-para-o-equinocio-de-outono\/\">\n\t\t\t\t\t\t\t\t<img width=\"1024\" height=\"576\" src=\"https:\/\/eleve-se.com.br\/wp-content\/uploads\/2022\/03\/ritual-para-o-equinocio-de-outono-1024x576.png\" class=\"attachment-large size-large\" alt=\"\" decoding=\"async\" loading=\"lazy\" srcset=\"https:\/\/eleve-se.com.br\/wp-content\/uploads\/2022\/03\/ritual-para-o-equinocio-de-outono-1024x576.png 1024w, https:\/\/eleve-se.com.br\/wp-content\/uploads\/2022\/03\/ritual-para-o-equinocio-de-outono-800x450.png 800w, https:\/\/eleve-se.com.br\/wp-content\/uploads\/2022\/03\/ritual-para-o-equinocio-de-outono-300x169.png 300w, https:\/\/eleve-se.com.br\/wp-content\/uploads\/2022\/03\/ritual-para-o-equinocio-de-outono-768x432.png 768w, https:\/\/eleve-se.com.br\/wp-content\/uploads\/2022\/03\/ritual-para-o-equinocio-de-outono-260x146.png 260w, https:\/\/eleve-se.com.br\/wp-content\/uploads\/2022\/03\/ritual-para-o-equinocio-de-outono-50x28.png 50w, https:\/\/eleve-se.com.br\/wp-content\/uploads\/2022\/03\/ritual-para-o-equinocio-de-outono-133x75.png 133w, https:\/\/eleve-se.com.br\/wp-content\/uploads\/2022\/03\/ritual-para-o-equinocio-de-outono.png 1280w\" sizes=\"auto, (max-width: 1024px) 100vw, 1024px\" \/>\t\t\t\t\t\t\t<\/a>\n\t\t\t\t\t\t<\/div>\n\t\t\t\t\t\t<div class=\"post-image-mask\">\n\t\t\t\t\t\t\t<span><\/span>\n\t\t\t\t\t\t<\/div>\n\t\t\t\t\t\t\t\t\t<\/figure>\n\t\t\t\n\t\t\t\t\t\t<div class=\"wd-post-date wd-style-with-bg\">\n\t\t\t\t<span class=\"post-date-day\">\n\t\t\t\t\t21\t\t\t\t<\/span>\n\t\t\t\t<span class=\"post-date-month\">\n\t\t\t\t\tmar\t\t\t\t<\/span>\n\t\t\t<\/div>\n\t\t\t\t<\/header>\n\n\t\t<div class=\"article-body-container\">\n\t\t\t\t\t\t\t<div class=\"meta-categories-wrapp\">\n\t\t\t\t\t<div class=\"meta-post-categories wd-post-cat wd-style-with-bg\">\n\t\t\t\t\t\t<a href=\"https:\/\/eleve-se.com.br\/categoria\/rituais\/\" rel=\"category tag\">Rituais<\/a>\t\t\t\t\t<\/div>\n\t\t\t\t<\/div>\n\t\t\t\n\t\t\t\t\t\t\t<h3 class=\"wd-entities-title title post-title\">\n\t\t\t\t\t<a href=\"https:\/\/eleve-se.com.br\/ritual-para-o-equinocio-de-outono\/\" rel=\"bookmark\">Ritual para o equin\u00f3cio de outono<\/a>\n\t\t\t\t<\/h3>\n\t\t\t\n\t\t\t\t\t\t\t<div class=\"entry-meta wd-entry-meta\">\n\t\t\t\t\t\t\t\t<ul class=\"entry-meta-list\">\n\t\t\t\t\t\t\t\t\t<li class=\"modified-date\">\n\t\t\t\t\t\t\t\t<time class=\"updated\" datetime=\"2023-06-01T12:07:08-03:00\">\n\t\t\t01\/06\/2023\t\t<\/time>\n\t\t\t\t\t\t\t<\/li>\n\n\t\t\t\t\t\n\t\t\t\t\t\t\t\t\t\t\t<li class=\"meta-author\">\n\t\t\t\t\t\t\t\t\t\t\t\t<span>Por<\/span>\n\t\t\n\t\t\t\t\t<img src=\"https:\/\/eleve-se.com.br\/wp-content\/uploads\/2022\/03\/Captura-de-Tela-2022-03-13-a\u0300s-18.18.53-80x80.png\" width=\"32\" height=\"32\" srcset=\"https:\/\/eleve-se.com.br\/wp-content\/uploads\/2022\/03\/Captura-de-Tela-2022-03-13-a\u0300s-18.18.53-80x80.png 2x\" alt=\"Micherlotta Najara\" class=\"avatar avatar-32 wp-user-avatar wp-user-avatar-32 alignnone photo\" \/>\t\t\n\t\t<a href=\"https:\/\/eleve-se.com.br\/author\/micherlotta-najara\/\" class=\"author\" rel=\"author\">Micherlotta Najara<\/a>\n\t\t\t\t\t\t\t\t<\/li>\n\t\t\t\t\t\n\t\t\t\t\t\n\t\t\t\t\t\t\t\t\t\t\t\t<\/ul>\n\t\t\t\t\t\t<\/div>\n\t\t\t\t\t\t\t\n\t\t\t\t\t\t\t\t\t\t\t\t<div class=\"entry-content wd-post-desc\">\n\t\t\t\t\t\tOl\u00e1 amor!Hoje vou falar sobre uma data para comemorar suas conquistas e agradecer todo aprendizado alcan\u00e7ado. \n\n\n\nEssa data \u00e9 o equin\u00f3c...\t\t\t\t\t<\/div>\n\t\t\t\t\n\t\t\t\t\t\t\t\t\t\t\t\t\t\t<p class=\"read-more-section\">\n\t\t\t\t\t\t<a class=\"btn-read-more more-link\" href=\"https:\/\/eleve-se.com.br\/ritual-para-o-equinocio-de-outono\/\">Continue lendo<\/a>\t\t\t\t\t<\/p>\n\t\t\t\t\t\t\t\t\t\t\t\t\t<\/div>\n\t<\/div>\n<\/article>\n\n\t\t\t\t\t\t\t\t\t\t\t\n<article id=\"post-17487\" class=\"wd-post blog-design-masonry blog-post-loop blog-style-bg wd-add-shadow wd-col post-17487 post type-post status-publish format-standard has-post-thumbnail hentry category-autoconhecimento tag-autoconhecimento tag-eu-interior tag-frequencia-de-brilho tag-reconexao tag-terapia\">\n\t<div class=\"article-inner\">\n\t\t<header class=\"entry-header\">\n\t\t\t\t\t\t\t<figure class=\"entry-thumbnail\">\n\t\t\t\t\t\t\t\t\t\t\t<div class=\"post-img-wrapp\">\n\t\t\t\t\t\t\t<a href=\"https:\/\/eleve-se.com.br\/frequencia-de-brilho-uma-terapia-que-nos-reconecta-a-nossa-luz\/\">\n\t\t\t\t\t\t\t\t<img width=\"1024\" height=\"576\" src=\"https:\/\/eleve-se.com.br\/wp-content\/uploads\/2022\/03\/frequencia-de-brilho-uma-terapia-que-nos-reconecta-a-nossa-luz-1-1024x576.png\" class=\"attachment-large size-large\" alt=\"\" decoding=\"async\" loading=\"lazy\" srcset=\"https:\/\/eleve-se.com.br\/wp-content\/uploads\/2022\/03\/frequencia-de-brilho-uma-terapia-que-nos-reconecta-a-nossa-luz-1-1024x576.png 1024w, https:\/\/eleve-se.com.br\/wp-content\/uploads\/2022\/03\/frequencia-de-brilho-uma-terapia-que-nos-reconecta-a-nossa-luz-1-800x450.png 800w, https:\/\/eleve-se.com.br\/wp-content\/uploads\/2022\/03\/frequencia-de-brilho-uma-terapia-que-nos-reconecta-a-nossa-luz-1-300x169.png 300w, https:\/\/eleve-se.com.br\/wp-content\/uploads\/2022\/03\/frequencia-de-brilho-uma-terapia-que-nos-reconecta-a-nossa-luz-1-768x432.png 768w, https:\/\/eleve-se.com.br\/wp-content\/uploads\/2022\/03\/frequencia-de-brilho-uma-terapia-que-nos-reconecta-a-nossa-luz-1-260x146.png 260w, https:\/\/eleve-se.com.br\/wp-content\/uploads\/2022\/03\/frequencia-de-brilho-uma-terapia-que-nos-reconecta-a-nossa-luz-1-50x28.png 50w, https:\/\/eleve-se.com.br\/wp-content\/uploads\/2022\/03\/frequencia-de-brilho-uma-terapia-que-nos-reconecta-a-nossa-luz-1-133x75.png 133w, https:\/\/eleve-se.com.br\/wp-content\/uploads\/2022\/03\/frequencia-de-brilho-uma-terapia-que-nos-reconecta-a-nossa-luz-1.png 1280w\" sizes=\"auto, (max-width: 1024px) 100vw, 1024px\" \/>\t\t\t\t\t\t\t<\/a>\n\t\t\t\t\t\t<\/div>\n\t\t\t\t\t\t<div class=\"post-image-mask\">\n\t\t\t\t\t\t\t<span><\/span>\n\t\t\t\t\t\t<\/div>\n\t\t\t\t\t\t\t\t\t<\/figure>\n\t\t\t\n\t\t\t\t\t\t<div class=\"wd-post-date wd-style-with-bg\">\n\t\t\t\t<span class=\"post-date-day\">\n\t\t\t\t\t18\t\t\t\t<\/span>\n\t\t\t\t<span class=\"post-date-month\">\n\t\t\t\t\tmar\t\t\t\t<\/span>\n\t\t\t<\/div>\n\t\t\t\t<\/header>\n\n\t\t<div class=\"article-body-container\">\n\t\t\t\t\t\t\t<div class=\"meta-categories-wrapp\">\n\t\t\t\t\t<div class=\"meta-post-categories wd-post-cat wd-style-with-bg\">\n\t\t\t\t\t\t<a href=\"https:\/\/eleve-se.com.br\/categoria\/autoconhecimento\/\" rel=\"category tag\">Autoconhecimento<\/a>\t\t\t\t\t<\/div>\n\t\t\t\t<\/div>\n\t\t\t\n\t\t\t\t\t\t\t<h3 class=\"wd-entities-title title post-title\">\n\t\t\t\t\t<a href=\"https:\/\/eleve-se.com.br\/frequencia-de-brilho-uma-terapia-que-nos-reconecta-a-nossa-luz\/\" rel=\"bookmark\">Frequ\u00eancia de Brilho: uma terapia que nos reconecta \u00e0 nossa luz<\/a>\n\t\t\t\t<\/h3>\n\t\t\t\n\t\t\t\t\t\t\t<div class=\"entry-meta wd-entry-meta\">\n\t\t\t\t\t\t\t\t<ul class=\"entry-meta-list\">\n\t\t\t\t\t\t\t\t\t<li class=\"modified-date\">\n\t\t\t\t\t\t\t\t<time class=\"updated\" datetime=\"2023-06-01T12:07:15-03:00\">\n\t\t\t01\/06\/2023\t\t<\/time>\n\t\t\t\t\t\t\t<\/li>\n\n\t\t\t\t\t\n\t\t\t\t\t\t\t\t\t\t\t<li class=\"meta-author\">\n\t\t\t\t\t\t\t\t\t\t\t\t<span>Por<\/span>\n\t\t\n\t\t\t\t\t<img src=\"https:\/\/eleve-se.com.br\/wp-content\/uploads\/2022\/03\/fabi-fonseca-frequencia-brilho-80x80.jpeg\" width=\"32\" height=\"32\" srcset=\"https:\/\/eleve-se.com.br\/wp-content\/uploads\/2022\/03\/fabi-fonseca-frequencia-brilho-80x80.jpeg 2x\" alt=\"Fabi Fonseca\" class=\"avatar avatar-32 wp-user-avatar wp-user-avatar-32 alignnone photo\" \/>\t\t\n\t\t<a href=\"https:\/\/eleve-se.com.br\/author\/fabi-fonseca\/\" class=\"author\" rel=\"author\">Fabi Fonseca<\/a>\n\t\t\t\t\t\t\t\t<\/li>\n\t\t\t\t\t\n\t\t\t\t\t\n\t\t\t\t\t\t\t\t\t\t\t\t<\/ul>\n\t\t\t\t\t\t<\/div>\n\t\t\t\t\t\t\t\n\t\t\t\t\t\t\t\t\t\t\t\t<div class=\"entry-content wd-post-desc\">\n\t\t\t\t\t\tA Frequ\u00eancia de Brilho (FB) \u00e9 um trabalho energ\u00e9tico de cura que foi canalizado pela australiana Christine Day em 1986. Trata-se de um ...\t\t\t\t\t<\/div>\n\t\t\t\t\n\t\t\t\t\t\t\t\t\t\t\t\t\t\t<p class=\"read-more-section\">\n\t\t\t\t\t\t<a class=\"btn-read-more more-link\" href=\"https:\/\/eleve-se.com.br\/frequencia-de-brilho-uma-terapia-que-nos-reconecta-a-nossa-luz\/\">Continue lendo<\/a>\t\t\t\t\t<\/p>\n\t\t\t\t\t\t\t\t\t\t\t\t\t<\/div>\n\t<\/div>\n<\/article>\n\n\t\t\t\t\t\t\t\t\t\t\t\n<article id=\"post-17470\" class=\"wd-post blog-design-masonry blog-post-loop blog-style-bg wd-add-shadow wd-col post-17470 post type-post status-publish format-standard has-post-thumbnail hentry category-anjos tag-anjos tag-conexao tag-conexao-espiritual tag-geometria-sagrada tag-metatron tag-protecao\">\n\t<div class=\"article-inner\">\n\t\t<header class=\"entry-header\">\n\t\t\t\t\t\t\t<figure class=\"entry-thumbnail\">\n\t\t\t\t\t\t\t\t\t\t\t<div class=\"post-img-wrapp\">\n\t\t\t\t\t\t\t<a href=\"https:\/\/eleve-se.com.br\/quem-e-o-arcanjo-metatron-e-como-se-conectar-a-ele\/\">\n\t\t\t\t\t\t\t\t<img width=\"1024\" height=\"576\" src=\"https:\/\/eleve-se.com.br\/wp-content\/uploads\/2022\/03\/quem-e-o-arcanjo-metatron-e-como-se-conectar-a-ele-1024x576.png\" class=\"attachment-large size-large\" alt=\"\" decoding=\"async\" loading=\"lazy\" srcset=\"https:\/\/eleve-se.com.br\/wp-content\/uploads\/2022\/03\/quem-e-o-arcanjo-metatron-e-como-se-conectar-a-ele-1024x576.png 1024w, https:\/\/eleve-se.com.br\/wp-content\/uploads\/2022\/03\/quem-e-o-arcanjo-metatron-e-como-se-conectar-a-ele-150x84.png 150w, https:\/\/eleve-se.com.br\/wp-content\/uploads\/2022\/03\/quem-e-o-arcanjo-metatron-e-como-se-conectar-a-ele-800x450.png 800w, https:\/\/eleve-se.com.br\/wp-content\/uploads\/2022\/03\/quem-e-o-arcanjo-metatron-e-como-se-conectar-a-ele-300x169.png 300w, https:\/\/eleve-se.com.br\/wp-content\/uploads\/2022\/03\/quem-e-o-arcanjo-metatron-e-como-se-conectar-a-ele-768x432.png 768w, https:\/\/eleve-se.com.br\/wp-content\/uploads\/2022\/03\/quem-e-o-arcanjo-metatron-e-como-se-conectar-a-ele-260x146.png 260w, https:\/\/eleve-se.com.br\/wp-content\/uploads\/2022\/03\/quem-e-o-arcanjo-metatron-e-como-se-conectar-a-ele-50x28.png 50w, https:\/\/eleve-se.com.br\/wp-content\/uploads\/2022\/03\/quem-e-o-arcanjo-metatron-e-como-se-conectar-a-ele-133x75.png 133w, https:\/\/eleve-se.com.br\/wp-content\/uploads\/2022\/03\/quem-e-o-arcanjo-metatron-e-como-se-conectar-a-ele.png 1280w\" sizes=\"auto, (max-width: 1024px) 100vw, 1024px\" \/>\t\t\t\t\t\t\t<\/a>\n\t\t\t\t\t\t<\/div>\n\t\t\t\t\t\t<div class=\"post-image-mask\">\n\t\t\t\t\t\t\t<span><\/span>\n\t\t\t\t\t\t<\/div>\n\t\t\t\t\t\t\t\t\t<\/figure>\n\t\t\t\n\t\t\t\t\t\t<div class=\"wd-post-date wd-style-with-bg\">\n\t\t\t\t<span class=\"post-date-day\">\n\t\t\t\t\t16\t\t\t\t<\/span>\n\t\t\t\t<span class=\"post-date-month\">\n\t\t\t\t\tmar\t\t\t\t<\/span>\n\t\t\t<\/div>\n\t\t\t\t<\/header>\n\n\t\t<div class=\"article-body-container\">\n\t\t\t\t\t\t\t<div class=\"meta-categories-wrapp\">\n\t\t\t\t\t<div class=\"meta-post-categories wd-post-cat wd-style-with-bg\">\n\t\t\t\t\t\t<a href=\"https:\/\/eleve-se.com.br\/categoria\/anjos\/\" rel=\"category tag\">Anjos<\/a>\t\t\t\t\t<\/div>\n\t\t\t\t<\/div>\n\t\t\t\n\t\t\t\t\t\t\t<h3 class=\"wd-entities-title title post-title\">\n\t\t\t\t\t<a href=\"https:\/\/eleve-se.com.br\/quem-e-o-arcanjo-metatron-e-como-se-conectar-a-ele\/\" rel=\"bookmark\">Quem \u00e9 o Arcanjo Metatron?<\/a>\n\t\t\t\t<\/h3>\n\t\t\t\n\t\t\t\t\t\t\t<div class=\"entry-meta wd-entry-meta\">\n\t\t\t\t\t\t\t\t<ul class=\"entry-meta-list\">\n\t\t\t\t\t\t\t\t\t<li class=\"modified-date\">\n\t\t\t\t\t\t\t\t<time class=\"updated\" datetime=\"2023-06-01T12:07:20-03:00\">\n\t\t\t01\/06\/2023\t\t<\/time>\n\t\t\t\t\t\t\t<\/li>\n\n\t\t\t\t\t\n\t\t\t\t\t\t\t\t\t\t\t<li class=\"meta-author\">\n\t\t\t\t\t\t\t\t\t\t\t\t<span>Por<\/span>\n\t\t\n\t\t\t\t\t<img src=\"https:\/\/eleve-se.com.br\/wp-content\/uploads\/2022\/06\/logo_elevese-50x50.png\" width=\"32\" height=\"32\" srcset=\"https:\/\/eleve-se.com.br\/wp-content\/uploads\/2022\/06\/logo_elevese-75x75.png 2x\" alt=\"Equipe Eleve-se\" class=\"avatar avatar-32 wp-user-avatar wp-user-avatar-32 alignnone photo\" \/>\t\t\n\t\t<a href=\"https:\/\/eleve-se.com.br\/author\/equipe\/\" class=\"author\" rel=\"author\">Equipe Eleve-se<\/a>\n\t\t\t\t\t\t\t\t<\/li>\n\t\t\t\t\t\n\t\t\t\t\t\n\t\t\t\t\t\t\t\t\t\t\t\t<\/ul>\n\t\t\t\t\t\t<\/div>\n\t\t\t\t\t\t\t\n\t\t\t\t\t\t\t\t\t\t\t\t<div class=\"entry-content wd-post-desc\">\n\t\t\t\t\t\tO Arcanjo Metatron \u00e9 conhecido como o \u201cguardi\u00e3o da vida\u201d e considerado o Arcanjo do Empoderamento. Ele \u00e9 um dos \u00fanicos anjos que dizem ...\t\t\t\t\t<\/div>\n\t\t\t\t\n\t\t\t\t\t\t\t\t\t\t\t\t\t\t<p class=\"read-more-section\">\n\t\t\t\t\t\t<a class=\"btn-read-more more-link\" href=\"https:\/\/eleve-se.com.br\/quem-e-o-arcanjo-metatron-e-como-se-conectar-a-ele\/\">Continue lendo<\/a>\t\t\t\t\t<\/p>\n\t\t\t\t\t\t\t\t\t\t\t\t\t<\/div>\n\t<\/div>\n<\/article>\n\n\t\t\t\t\t\t\t\t\t\t\t\n<article id=\"post-17456\" class=\"wd-post blog-design-masonry blog-post-loop blog-style-bg wd-add-shadow wd-col post-17456 post type-post status-publish format-standard has-post-thumbnail hentry category-rituais tag-ano-novo tag-ano-novo-astrologico tag-renovacao tag-ritual\">\n\t<div class=\"article-inner\">\n\t\t<header class=\"entry-header\">\n\t\t\t\t\t\t\t<figure class=\"entry-thumbnail\">\n\t\t\t\t\t\t\t\t\t\t\t<div class=\"post-img-wrapp\">\n\t\t\t\t\t\t\t<a href=\"https:\/\/eleve-se.com.br\/aprenda-um-ritual-para-o-ano-novo-astrologico\/\">\n\t\t\t\t\t\t\t\t<img width=\"1024\" height=\"576\" src=\"https:\/\/eleve-se.com.br\/wp-content\/uploads\/2022\/03\/aprenda-um-ritual-para-o-ano-novo-astrologico-1024x576.png\" class=\"attachment-large size-large\" alt=\"\" decoding=\"async\" loading=\"lazy\" srcset=\"https:\/\/eleve-se.com.br\/wp-content\/uploads\/2022\/03\/aprenda-um-ritual-para-o-ano-novo-astrologico-1024x576.png 1024w, https:\/\/eleve-se.com.br\/wp-content\/uploads\/2022\/03\/aprenda-um-ritual-para-o-ano-novo-astrologico-800x450.png 800w, https:\/\/eleve-se.com.br\/wp-content\/uploads\/2022\/03\/aprenda-um-ritual-para-o-ano-novo-astrologico-300x169.png 300w, https:\/\/eleve-se.com.br\/wp-content\/uploads\/2022\/03\/aprenda-um-ritual-para-o-ano-novo-astrologico-768x432.png 768w, https:\/\/eleve-se.com.br\/wp-content\/uploads\/2022\/03\/aprenda-um-ritual-para-o-ano-novo-astrologico-260x146.png 260w, https:\/\/eleve-se.com.br\/wp-content\/uploads\/2022\/03\/aprenda-um-ritual-para-o-ano-novo-astrologico-50x28.png 50w, https:\/\/eleve-se.com.br\/wp-content\/uploads\/2022\/03\/aprenda-um-ritual-para-o-ano-novo-astrologico-133x75.png 133w, https:\/\/eleve-se.com.br\/wp-content\/uploads\/2022\/03\/aprenda-um-ritual-para-o-ano-novo-astrologico.png 1280w\" sizes=\"auto, (max-width: 1024px) 100vw, 1024px\" \/>\t\t\t\t\t\t\t<\/a>\n\t\t\t\t\t\t<\/div>\n\t\t\t\t\t\t<div class=\"post-image-mask\">\n\t\t\t\t\t\t\t<span><\/span>\n\t\t\t\t\t\t<\/div>\n\t\t\t\t\t\t\t\t\t<\/figure>\n\t\t\t\n\t\t\t\t\t\t<div class=\"wd-post-date wd-style-with-bg\">\n\t\t\t\t<span class=\"post-date-day\">\n\t\t\t\t\t14\t\t\t\t<\/span>\n\t\t\t\t<span class=\"post-date-month\">\n\t\t\t\t\tmar\t\t\t\t<\/span>\n\t\t\t<\/div>\n\t\t\t\t<\/header>\n\n\t\t<div class=\"article-body-container\">\n\t\t\t\t\t\t\t<div class=\"meta-categories-wrapp\">\n\t\t\t\t\t<div class=\"meta-post-categories wd-post-cat wd-style-with-bg\">\n\t\t\t\t\t\t<a href=\"https:\/\/eleve-se.com.br\/categoria\/rituais\/\" rel=\"category tag\">Rituais<\/a>\t\t\t\t\t<\/div>\n\t\t\t\t<\/div>\n\t\t\t\n\t\t\t\t\t\t\t<h3 class=\"wd-entities-title title post-title\">\n\t\t\t\t\t<a href=\"https:\/\/eleve-se.com.br\/aprenda-um-ritual-para-o-ano-novo-astrologico\/\" rel=\"bookmark\">Aprenda um ritual para o Ano Novo Astrol\u00f3gico<\/a>\n\t\t\t\t<\/h3>\n\t\t\t\n\t\t\t\t\t\t\t<div class=\"entry-meta wd-entry-meta\">\n\t\t\t\t\t\t\t\t<ul class=\"entry-meta-list\">\n\t\t\t\t\t\t\t\t\t<li class=\"modified-date\">\n\t\t\t\t\t\t\t\t<time class=\"updated\" datetime=\"2023-06-01T12:07:26-03:00\">\n\t\t\t01\/06\/2023\t\t<\/time>\n\t\t\t\t\t\t\t<\/li>\n\n\t\t\t\t\t\n\t\t\t\t\t\t\t\t\t\t\t<li class=\"meta-author\">\n\t\t\t\t\t\t\t\t\t\t\t\t<span>Por<\/span>\n\t\t\n\t\t\t\t\t<img src=\"https:\/\/eleve-se.com.br\/wp-content\/uploads\/2022\/03\/Captura-de-Tela-2022-03-13-a\u0300s-18.18.53-80x80.png\" width=\"32\" height=\"32\" srcset=\"https:\/\/eleve-se.com.br\/wp-content\/uploads\/2022\/03\/Captura-de-Tela-2022-03-13-a\u0300s-18.18.53-80x80.png 2x\" alt=\"Micherlotta Najara\" class=\"avatar avatar-32 wp-user-avatar wp-user-avatar-32 alignnone photo\" \/>\t\t\n\t\t<a href=\"https:\/\/eleve-se.com.br\/author\/micherlotta-najara\/\" class=\"author\" rel=\"author\">Micherlotta Najara<\/a>\n\t\t\t\t\t\t\t\t<\/li>\n\t\t\t\t\t\n\t\t\t\t\t\n\t\t\t\t\t\t\t\t\t\t\t\t<\/ul>\n\t\t\t\t\t\t<\/div>\n\t\t\t\t\t\t\t\n\t\t\t\t\t\t\t\t\t\t\t\t<div class=\"entry-content wd-post-desc\">\n\t\t\t\t\t\tOl\u00e1 amores !!!Hoje vamos falar um pouco sobre o m\u00eas de Mar\u00e7o, um m\u00eas que vem com a for\u00e7a total de renova\u00e7\u00e3o, com o in\u00edcio do novo ano a...\t\t\t\t\t<\/div>\n\t\t\t\t\n\t\t\t\t\t\t\t\t\t\t\t\t\t\t<p class=\"read-more-section\">\n\t\t\t\t\t\t<a class=\"btn-read-more more-link\" href=\"https:\/\/eleve-se.com.br\/aprenda-um-ritual-para-o-ano-novo-astrologico\/\">Continue lendo<\/a>\t\t\t\t\t<\/p>\n\t\t\t\t\t\t\t\t\t\t\t\t\t<\/div>\n\t<\/div>\n<\/article>\n\n\t\t\t\t\t\t\t\t\t\t\t\n<article id=\"post-17431\" class=\"wd-post blog-design-masonry blog-post-loop blog-style-bg wd-add-shadow wd-col post-17431 post type-post status-publish format-standard has-post-thumbnail hentry category-vida-saudavel tag-agua tag-ayurvedica tag-digestao\">\n\t<div class=\"article-inner\">\n\t\t<header class=\"entry-header\">\n\t\t\t\t\t\t\t<figure class=\"entry-thumbnail\">\n\t\t\t\t\t\t\t\t\t\t\t<div class=\"post-img-wrapp\">\n\t\t\t\t\t\t\t<a href=\"https:\/\/eleve-se.com.br\/por-que-nao-devemos-beber-agua-gelada\/\">\n\t\t\t\t\t\t\t\t<img width=\"1024\" height=\"576\" src=\"https:\/\/eleve-se.com.br\/wp-content\/uploads\/2022\/03\/por-que-nao-devemos-beber-agua-gelada-1024x576.png\" class=\"attachment-large size-large\" alt=\"\" decoding=\"async\" loading=\"lazy\" srcset=\"https:\/\/eleve-se.com.br\/wp-content\/uploads\/2022\/03\/por-que-nao-devemos-beber-agua-gelada-1024x576.png 1024w, https:\/\/eleve-se.com.br\/wp-content\/uploads\/2022\/03\/por-que-nao-devemos-beber-agua-gelada-800x450.png 800w, https:\/\/eleve-se.com.br\/wp-content\/uploads\/2022\/03\/por-que-nao-devemos-beber-agua-gelada-300x169.png 300w, https:\/\/eleve-se.com.br\/wp-content\/uploads\/2022\/03\/por-que-nao-devemos-beber-agua-gelada-768x432.png 768w, https:\/\/eleve-se.com.br\/wp-content\/uploads\/2022\/03\/por-que-nao-devemos-beber-agua-gelada-260x146.png 260w, https:\/\/eleve-se.com.br\/wp-content\/uploads\/2022\/03\/por-que-nao-devemos-beber-agua-gelada-50x28.png 50w, https:\/\/eleve-se.com.br\/wp-content\/uploads\/2022\/03\/por-que-nao-devemos-beber-agua-gelada-133x75.png 133w, https:\/\/eleve-se.com.br\/wp-content\/uploads\/2022\/03\/por-que-nao-devemos-beber-agua-gelada.png 1280w\" sizes=\"auto, (max-width: 1024px) 100vw, 1024px\" \/>\t\t\t\t\t\t\t<\/a>\n\t\t\t\t\t\t<\/div>\n\t\t\t\t\t\t<div class=\"post-image-mask\">\n\t\t\t\t\t\t\t<span><\/span>\n\t\t\t\t\t\t<\/div>\n\t\t\t\t\t\t\t\t\t<\/figure>\n\t\t\t\n\t\t\t\t\t\t<div class=\"wd-post-date wd-style-with-bg\">\n\t\t\t\t<span class=\"post-date-day\">\n\t\t\t\t\t11\t\t\t\t<\/span>\n\t\t\t\t<span class=\"post-date-month\">\n\t\t\t\t\tmar\t\t\t\t<\/span>\n\t\t\t<\/div>\n\t\t\t\t<\/header>\n\n\t\t<div class=\"article-body-container\">\n\t\t\t\t\t\t\t<div class=\"meta-categories-wrapp\">\n\t\t\t\t\t<div class=\"meta-post-categories wd-post-cat wd-style-with-bg\">\n\t\t\t\t\t\t<a href=\"https:\/\/eleve-se.com.br\/categoria\/vida-saudavel\/\" rel=\"category tag\">Vida Saud\u00e1vel<\/a>\t\t\t\t\t<\/div>\n\t\t\t\t<\/div>\n\t\t\t\n\t\t\t\t\t\t\t<h3 class=\"wd-entities-title title post-title\">\n\t\t\t\t\t<a href=\"https:\/\/eleve-se.com.br\/por-que-nao-devemos-beber-agua-gelada\/\" rel=\"bookmark\">Por que n\u00e3o devemos beber \u00e1gua gelada?<\/a>\n\t\t\t\t<\/h3>\n\t\t\t\n\t\t\t\t\t\t\t<div class=\"entry-meta wd-entry-meta\">\n\t\t\t\t\t\t\t\t<ul class=\"entry-meta-list\">\n\t\t\t\t\t\t\t\t\t<li class=\"modified-date\">\n\t\t\t\t\t\t\t\t<time class=\"updated\" datetime=\"2023-06-01T12:07:32-03:00\">\n\t\t\t01\/06\/2023\t\t<\/time>\n\t\t\t\t\t\t\t<\/li>\n\n\t\t\t\t\t\n\t\t\t\t\t\t\t\t\t\t\t<li class=\"meta-author\">\n\t\t\t\t\t\t\t\t\t\t\t\t<span>Por<\/span>\n\t\t\n\t\t\t\t\t<img src=\"https:\/\/eleve-se.com.br\/wp-content\/uploads\/2022\/06\/logo_elevese-50x50.png\" width=\"32\" height=\"32\" srcset=\"https:\/\/eleve-se.com.br\/wp-content\/uploads\/2022\/06\/logo_elevese-75x75.png 2x\" alt=\"Equipe Eleve-se\" class=\"avatar avatar-32 wp-user-avatar wp-user-avatar-32 alignnone photo\" \/>\t\t\n\t\t<a href=\"https:\/\/eleve-se.com.br\/author\/equipe\/\" class=\"author\" rel=\"author\">Equipe Eleve-se<\/a>\n\t\t\t\t\t\t\t\t<\/li>\n\t\t\t\t\t\n\t\t\t\t\t\n\t\t\t\t\t\t\t\t\t\t\t\t<\/ul>\n\t\t\t\t\t\t<\/div>\n\t\t\t\t\t\t\t\n\t\t\t\t\t\t\t\t\t\t\t\t<div class=\"entry-content wd-post-desc\">\n\t\t\t\t\t\tNo ver\u00e3o muitas vezes tudo o que desejamos \u00e9 um belo copo de \u00e1gua gelada, mas de acordo com a medicina Ayurv\u00e9dica a \u00e1gua gelada pode at...\t\t\t\t\t<\/div>\n\t\t\t\t\n\t\t\t\t\t\t\t\t\t\t\t\t\t\t<p class=\"read-more-section\">\n\t\t\t\t\t\t<a class=\"btn-read-more more-link\" href=\"https:\/\/eleve-se.com.br\/por-que-nao-devemos-beber-agua-gelada\/\">Continue lendo<\/a>\t\t\t\t\t<\/p>\n\t\t\t\t\t\t\t\t\t\t\t\t\t<\/div>\n\t<\/div>\n<\/article>\n\n\t\t\t\t\t\t\t\t\t\t\t\n<article id=\"post-17418\" class=\"wd-post blog-design-masonry blog-post-loop blog-style-bg wd-add-shadow wd-col post-17418 post type-post status-publish format-standard has-post-thumbnail hentry category-rituais tag-magia tag-mel\">\n\t<div class=\"article-inner\">\n\t\t<header class=\"entry-header\">\n\t\t\t\t\t\t\t<figure class=\"entry-thumbnail\">\n\t\t\t\t\t\t\t\t\t\t\t<div class=\"post-img-wrapp\">\n\t\t\t\t\t\t\t<a href=\"https:\/\/eleve-se.com.br\/propriedades-magicas-ritualisticas-do-mel\/\">\n\t\t\t\t\t\t\t\t<img width=\"1024\" height=\"576\" src=\"https:\/\/eleve-se.com.br\/wp-content\/uploads\/2022\/03\/propriedades-magicas-ritualisticas-do-mel-1024x576.png\" class=\"attachment-large size-large\" alt=\"\" decoding=\"async\" loading=\"lazy\" srcset=\"https:\/\/eleve-se.com.br\/wp-content\/uploads\/2022\/03\/propriedades-magicas-ritualisticas-do-mel-1024x576.png 1024w, https:\/\/eleve-se.com.br\/wp-content\/uploads\/2022\/03\/propriedades-magicas-ritualisticas-do-mel-800x450.png 800w, https:\/\/eleve-se.com.br\/wp-content\/uploads\/2022\/03\/propriedades-magicas-ritualisticas-do-mel-300x169.png 300w, https:\/\/eleve-se.com.br\/wp-content\/uploads\/2022\/03\/propriedades-magicas-ritualisticas-do-mel-768x432.png 768w, https:\/\/eleve-se.com.br\/wp-content\/uploads\/2022\/03\/propriedades-magicas-ritualisticas-do-mel-260x146.png 260w, https:\/\/eleve-se.com.br\/wp-content\/uploads\/2022\/03\/propriedades-magicas-ritualisticas-do-mel-50x28.png 50w, https:\/\/eleve-se.com.br\/wp-content\/uploads\/2022\/03\/propriedades-magicas-ritualisticas-do-mel-133x75.png 133w, https:\/\/eleve-se.com.br\/wp-content\/uploads\/2022\/03\/propriedades-magicas-ritualisticas-do-mel.png 1280w\" sizes=\"auto, (max-width: 1024px) 100vw, 1024px\" \/>\t\t\t\t\t\t\t<\/a>\n\t\t\t\t\t\t<\/div>\n\t\t\t\t\t\t<div class=\"post-image-mask\">\n\t\t\t\t\t\t\t<span><\/span>\n\t\t\t\t\t\t<\/div>\n\t\t\t\t\t\t\t\t\t<\/figure>\n\t\t\t\n\t\t\t\t\t\t<div class=\"wd-post-date wd-style-with-bg\">\n\t\t\t\t<span class=\"post-date-day\">\n\t\t\t\t\t09\t\t\t\t<\/span>\n\t\t\t\t<span class=\"post-date-month\">\n\t\t\t\t\tmar\t\t\t\t<\/span>\n\t\t\t<\/div>\n\t\t\t\t<\/header>\n\n\t\t<div class=\"article-body-container\">\n\t\t\t\t\t\t\t<div class=\"meta-categories-wrapp\">\n\t\t\t\t\t<div class=\"meta-post-categories wd-post-cat wd-style-with-bg\">\n\t\t\t\t\t\t<a href=\"https:\/\/eleve-se.com.br\/categoria\/rituais\/\" rel=\"category tag\">Rituais<\/a>\t\t\t\t\t<\/div>\n\t\t\t\t<\/div>\n\t\t\t\n\t\t\t\t\t\t\t<h3 class=\"wd-entities-title title post-title\">\n\t\t\t\t\t<a href=\"https:\/\/eleve-se.com.br\/propriedades-magicas-ritualisticas-do-mel\/\" rel=\"bookmark\">Propriedades m\u00e1gicas e ritual\u00edsticas do mel<\/a>\n\t\t\t\t<\/h3>\n\t\t\t\n\t\t\t\t\t\t\t<div class=\"entry-meta wd-entry-meta\">\n\t\t\t\t\t\t\t\t<ul class=\"entry-meta-list\">\n\t\t\t\t\t\t\t\t\t<li class=\"modified-date\">\n\t\t\t\t\t\t\t\t<time class=\"updated\" datetime=\"2023-06-01T14:01:46-03:00\">\n\t\t\t01\/06\/2023\t\t<\/time>\n\t\t\t\t\t\t\t<\/li>\n\n\t\t\t\t\t\n\t\t\t\t\t\t\t\t\t\t\t<li class=\"meta-author\">\n\t\t\t\t\t\t\t\t\t\t\t\t<span>Por<\/span>\n\t\t\n\t\t\t\t\t<img src=\"https:\/\/eleve-se.com.br\/wp-content\/uploads\/2022\/06\/logo_elevese-50x50.png\" width=\"32\" height=\"32\" srcset=\"https:\/\/eleve-se.com.br\/wp-content\/uploads\/2022\/06\/logo_elevese-75x75.png 2x\" alt=\"Equipe Eleve-se\" class=\"avatar avatar-32 wp-user-avatar wp-user-avatar-32 alignnone photo\" \/>\t\t\n\t\t<a href=\"https:\/\/eleve-se.com.br\/author\/equipe\/\" class=\"author\" rel=\"author\">Equipe Eleve-se<\/a>\n\t\t\t\t\t\t\t\t<\/li>\n\t\t\t\t\t\n\t\t\t\t\t\n\t\t\t\t\t\t\t\t\t\t\t\t<\/ul>\n\t\t\t\t\t\t<\/div>\n\t\t\t\t\t\t\t\n\t\t\t\t\t\t\t\t\t\t\t\t<div class=\"entry-content wd-post-desc\">\n\t\t\t\t\t\tO mel \u00e9 um dos alimentos mais antigos, sendo consumido pelos humanos por, pelo menos, 10 mil anos. E al\u00e9m do uso do mel como alimento, ...\t\t\t\t\t<\/div>\n\t\t\t\t\n\t\t\t\t\t\t\t\t\t\t\t\t\t\t<p class=\"read-more-section\">\n\t\t\t\t\t\t<a class=\"btn-read-more more-link\" href=\"https:\/\/eleve-se.com.br\/propriedades-magicas-ritualisticas-do-mel\/\">Continue lendo<\/a>\t\t\t\t\t<\/p>\n\t\t\t\t\t\t\t\t\t\t\t\t\t<\/div>\n\t<\/div>\n<\/article>\n\n\t\t\t\t\t\t\t\t\t\t\t\n<article id=\"post-17411\" class=\"wd-post blog-design-masonry blog-post-loop blog-style-bg wd-add-shadow wd-col post-17411 post type-post status-publish format-standard has-post-thumbnail hentry category-autoconhecimento tag-cocriacao tag-poder-da-mente tag-sonhos\">\n\t<div class=\"article-inner\">\n\t\t<header class=\"entry-header\">\n\t\t\t\t\t\t\t<figure class=\"entry-thumbnail\">\n\t\t\t\t\t\t\t\t\t\t\t<div class=\"post-img-wrapp\">\n\t\t\t\t\t\t\t<a href=\"https:\/\/eleve-se.com.br\/cinco-passos-para-ativar-o-poder-da-mente\/\">\n\t\t\t\t\t\t\t\t<img width=\"1024\" height=\"576\" src=\"https:\/\/eleve-se.com.br\/wp-content\/uploads\/2022\/03\/cinco-passos-para-ativar-o-poder-da-mente-1024x576.png\" class=\"attachment-large size-large\" alt=\"\" decoding=\"async\" loading=\"lazy\" srcset=\"https:\/\/eleve-se.com.br\/wp-content\/uploads\/2022\/03\/cinco-passos-para-ativar-o-poder-da-mente-1024x576.png 1024w, https:\/\/eleve-se.com.br\/wp-content\/uploads\/2022\/03\/cinco-passos-para-ativar-o-poder-da-mente-800x450.png 800w, https:\/\/eleve-se.com.br\/wp-content\/uploads\/2022\/03\/cinco-passos-para-ativar-o-poder-da-mente-300x169.png 300w, https:\/\/eleve-se.com.br\/wp-content\/uploads\/2022\/03\/cinco-passos-para-ativar-o-poder-da-mente-768x432.png 768w, https:\/\/eleve-se.com.br\/wp-content\/uploads\/2022\/03\/cinco-passos-para-ativar-o-poder-da-mente-260x146.png 260w, https:\/\/eleve-se.com.br\/wp-content\/uploads\/2022\/03\/cinco-passos-para-ativar-o-poder-da-mente-50x28.png 50w, https:\/\/eleve-se.com.br\/wp-content\/uploads\/2022\/03\/cinco-passos-para-ativar-o-poder-da-mente-133x75.png 133w, https:\/\/eleve-se.com.br\/wp-content\/uploads\/2022\/03\/cinco-passos-para-ativar-o-poder-da-mente.png 1280w\" sizes=\"auto, (max-width: 1024px) 100vw, 1024px\" \/>\t\t\t\t\t\t\t<\/a>\n\t\t\t\t\t\t<\/div>\n\t\t\t\t\t\t<div class=\"post-image-mask\">\n\t\t\t\t\t\t\t<span><\/span>\n\t\t\t\t\t\t<\/div>\n\t\t\t\t\t\t\t\t\t<\/figure>\n\t\t\t\n\t\t\t\t\t\t<div class=\"wd-post-date wd-style-with-bg\">\n\t\t\t\t<span class=\"post-date-day\">\n\t\t\t\t\t07\t\t\t\t<\/span>\n\t\t\t\t<span class=\"post-date-month\">\n\t\t\t\t\tmar\t\t\t\t<\/span>\n\t\t\t<\/div>\n\t\t\t\t<\/header>\n\n\t\t<div class=\"article-body-container\">\n\t\t\t\t\t\t\t<div class=\"meta-categories-wrapp\">\n\t\t\t\t\t<div class=\"meta-post-categories wd-post-cat wd-style-with-bg\">\n\t\t\t\t\t\t<a href=\"https:\/\/eleve-se.com.br\/categoria\/autoconhecimento\/\" rel=\"category tag\">Autoconhecimento<\/a>\t\t\t\t\t<\/div>\n\t\t\t\t<\/div>\n\t\t\t\n\t\t\t\t\t\t\t<h3 class=\"wd-entities-title title post-title\">\n\t\t\t\t\t<a href=\"https:\/\/eleve-se.com.br\/cinco-passos-para-ativar-o-poder-da-mente\/\" rel=\"bookmark\">Cinco passos para ativar o poder da mente<\/a>\n\t\t\t\t<\/h3>\n\t\t\t\n\t\t\t\t\t\t\t<div class=\"entry-meta wd-entry-meta\">\n\t\t\t\t\t\t\t\t<ul class=\"entry-meta-list\">\n\t\t\t\t\t\t\t\t\t<li class=\"modified-date\">\n\t\t\t\t\t\t\t\t<time class=\"updated\" datetime=\"2023-06-01T14:01:53-03:00\">\n\t\t\t01\/06\/2023\t\t<\/time>\n\t\t\t\t\t\t\t<\/li>\n\n\t\t\t\t\t\n\t\t\t\t\t\t\t\t\t\t\t<li class=\"meta-author\">\n\t\t\t\t\t\t\t\t\t\t\t\t<span>Por<\/span>\n\t\t\n\t\t\t\t\t<img src=\"https:\/\/eleve-se.com.br\/wp-content\/uploads\/2022\/06\/logo_elevese-50x50.png\" width=\"32\" height=\"32\" srcset=\"https:\/\/eleve-se.com.br\/wp-content\/uploads\/2022\/06\/logo_elevese-75x75.png 2x\" alt=\"Equipe Eleve-se\" class=\"avatar avatar-32 wp-user-avatar wp-user-avatar-32 alignnone photo\" \/>\t\t\n\t\t<a href=\"https:\/\/eleve-se.com.br\/author\/equipe\/\" class=\"author\" rel=\"author\">Equipe Eleve-se<\/a>\n\t\t\t\t\t\t\t\t<\/li>\n\t\t\t\t\t\n\t\t\t\t\t\n\t\t\t\t\t\t\t\t\t\t\t\t<\/ul>\n\t\t\t\t\t\t<\/div>\n\t\t\t\t\t\t\t\n\t\t\t\t\t\t\t\t\t\t\t\t<div class=\"entry-content wd-post-desc\">\n\t\t\t\t\t\tDas ondas sonoras do podcast para as p\u00e1ginas dos livros. A mentora de intelig\u00eancia emocional e bem-estar mais ouvida do Spotify Brasil,...\t\t\t\t\t<\/div>\n\t\t\t\t\n\t\t\t\t\t\t\t\t\t\t\t\t\t\t<p class=\"read-more-section\">\n\t\t\t\t\t\t<a class=\"btn-read-more more-link\" href=\"https:\/\/eleve-se.com.br\/cinco-passos-para-ativar-o-poder-da-mente\/\">Continue lendo<\/a>\t\t\t\t\t<\/p>\n\t\t\t\t\t\t\t\t\t\t\t\t\t<\/div>\n\t<\/div>\n<\/article>\n\n\t\t\t\t\t\t\t\t\t\t\t\n<article id=\"post-17378\" class=\"wd-post blog-design-masonry blog-post-loop blog-style-bg wd-add-shadow wd-col post-17378 post type-post status-publish format-standard has-post-thumbnail hentry category-astros tag-astrologia tag-casas-astrologicas tag-saturno\">\n\t<div class=\"article-inner\">\n\t\t<header class=\"entry-header\">\n\t\t\t\t\t\t\t<figure class=\"entry-thumbnail\">\n\t\t\t\t\t\t\t\t\t\t\t<div class=\"post-img-wrapp\">\n\t\t\t\t\t\t\t<a href=\"https:\/\/eleve-se.com.br\/o-retorno-de-saturno-como-ele-interfere-na-nossa-vida\/\">\n\t\t\t\t\t\t\t\t<img width=\"1024\" height=\"576\" src=\"https:\/\/eleve-se.com.br\/wp-content\/uploads\/2022\/02\/o-retorno-de-saturno-como-ele-interfere-na-nossa-vida-1024x576.png\" class=\"attachment-large size-large\" alt=\"\" decoding=\"async\" loading=\"lazy\" srcset=\"https:\/\/eleve-se.com.br\/wp-content\/uploads\/2022\/02\/o-retorno-de-saturno-como-ele-interfere-na-nossa-vida-1024x576.png 1024w, https:\/\/eleve-se.com.br\/wp-content\/uploads\/2022\/02\/o-retorno-de-saturno-como-ele-interfere-na-nossa-vida-800x450.png 800w, https:\/\/eleve-se.com.br\/wp-content\/uploads\/2022\/02\/o-retorno-de-saturno-como-ele-interfere-na-nossa-vida-300x169.png 300w, https:\/\/eleve-se.com.br\/wp-content\/uploads\/2022\/02\/o-retorno-de-saturno-como-ele-interfere-na-nossa-vida-768x432.png 768w, https:\/\/eleve-se.com.br\/wp-content\/uploads\/2022\/02\/o-retorno-de-saturno-como-ele-interfere-na-nossa-vida-260x146.png 260w, https:\/\/eleve-se.com.br\/wp-content\/uploads\/2022\/02\/o-retorno-de-saturno-como-ele-interfere-na-nossa-vida-50x28.png 50w, https:\/\/eleve-se.com.br\/wp-content\/uploads\/2022\/02\/o-retorno-de-saturno-como-ele-interfere-na-nossa-vida-133x75.png 133w, https:\/\/eleve-se.com.br\/wp-content\/uploads\/2022\/02\/o-retorno-de-saturno-como-ele-interfere-na-nossa-vida.png 1280w\" sizes=\"auto, (max-width: 1024px) 100vw, 1024px\" \/>\t\t\t\t\t\t\t<\/a>\n\t\t\t\t\t\t<\/div>\n\t\t\t\t\t\t<div class=\"post-image-mask\">\n\t\t\t\t\t\t\t<span><\/span>\n\t\t\t\t\t\t<\/div>\n\t\t\t\t\t\t\t\t\t<\/figure>\n\t\t\t\n\t\t\t\t\t\t<div class=\"wd-post-date wd-style-with-bg\">\n\t\t\t\t<span class=\"post-date-day\">\n\t\t\t\t\t21\t\t\t\t<\/span>\n\t\t\t\t<span class=\"post-date-month\">\n\t\t\t\t\tfev\t\t\t\t<\/span>\n\t\t\t<\/div>\n\t\t\t\t<\/header>\n\n\t\t<div class=\"article-body-container\">\n\t\t\t\t\t\t\t<div class=\"meta-categories-wrapp\">\n\t\t\t\t\t<div class=\"meta-post-categories wd-post-cat wd-style-with-bg\">\n\t\t\t\t\t\t<a href=\"https:\/\/eleve-se.com.br\/categoria\/astros\/\" rel=\"category tag\">Astros<\/a>\t\t\t\t\t<\/div>\n\t\t\t\t<\/div>\n\t\t\t\n\t\t\t\t\t\t\t<h3 class=\"wd-entities-title title post-title\">\n\t\t\t\t\t<a href=\"https:\/\/eleve-se.com.br\/o-retorno-de-saturno-como-ele-interfere-na-nossa-vida\/\" rel=\"bookmark\">O retorno de Saturno e como ele interfere na nossa vida<\/a>\n\t\t\t\t<\/h3>\n\t\t\t\n\t\t\t\t\t\t\t<div class=\"entry-meta wd-entry-meta\">\n\t\t\t\t\t\t\t\t<ul class=\"entry-meta-list\">\n\t\t\t\t\t\t\t\t\t<li class=\"modified-date\">\n\t\t\t\t\t\t\t\t<time class=\"updated\" datetime=\"2023-06-01T14:01:59-03:00\">\n\t\t\t01\/06\/2023\t\t<\/time>\n\t\t\t\t\t\t\t<\/li>\n\n\t\t\t\t\t\n\t\t\t\t\t\t\t\t\t\t\t<li class=\"meta-author\">\n\t\t\t\t\t\t\t\t\t\t\t\t<span>Por<\/span>\n\t\t\n\t\t\t\t\t<img src=\"https:\/\/eleve-se.com.br\/wp-content\/uploads\/2022\/02\/FB_IMG_1630104384348-50x50.jpg\" width=\"32\" height=\"32\" srcset=\"https:\/\/eleve-se.com.br\/wp-content\/uploads\/2022\/02\/FB_IMG_1630104384348-75x75.jpg 2x\" alt=\"Fernanda Correia\" class=\"avatar avatar-32 wp-user-avatar wp-user-avatar-32 alignnone photo\" \/>\t\t\n\t\t<a href=\"https:\/\/eleve-se.com.br\/author\/fernanda-correia\/\" class=\"author\" rel=\"author\">Fernanda Correia<\/a>\n\t\t\t\t\t\t\t\t<\/li>\n\t\t\t\t\t\n\t\t\t\t\t\n\t\t\t\t\t\t\t\t\t\t\t\t<\/ul>\n\t\t\t\t\t\t<\/div>\n\t\t\t\t\t\t\t\n\t\t\t\t\t\t\t\t\t\t\t\t<div class=\"entry-content wd-post-desc\">\n\t\t\t\t\t\tQuem se interessa por astrologia, certamente j\u00e1 ouviu falar no \u201cretorno de Saturno\u201d.&nbsp;\n\n\n\nEste fen\u00f4meno ocorre quando o planeta Sat...\t\t\t\t\t<\/div>\n\t\t\t\t\n\t\t\t\t\t\t\t\t\t\t\t\t\t\t<p class=\"read-more-section\">\n\t\t\t\t\t\t<a class=\"btn-read-more more-link\" href=\"https:\/\/eleve-se.com.br\/o-retorno-de-saturno-como-ele-interfere-na-nossa-vida\/\">Continue lendo<\/a>\t\t\t\t\t<\/p>\n\t\t\t\t\t\t\t\t\t\t\t\t\t<\/div>\n\t<\/div>\n<\/article>\n\n\t\t\t\t\t\n\t\t\t\t\t","status":"have-posts","nextPage":"https:\/\/eleve-se.com.br\/blog-2\/page\/18\/?woo_ajax=1","currentPage":"https:\/\/eleve-se.com.br\/blog-2\/page\/17"}