
			
				

					
				

			
		{"items":"\n\t\t\t\t\t\t\t\t\t\t\t\n<article id=\"post-19634\" class=\"wd-post blog-design-masonry blog-post-loop blog-style-bg wd-add-shadow wd-col post-19634 post type-post status-publish format-standard has-post-thumbnail hentry category-astros tag-astrologia tag-peixes tag-saturno\">\n\t<div class=\"article-inner\">\n\t\t<header class=\"entry-header\">\n\t\t\t\t\t\t\t<figure class=\"entry-thumbnail\">\n\t\t\t\t\t\t\t\t\t\t\t<div class=\"post-img-wrapp\">\n\t\t\t\t\t\t\t<a href=\"https:\/\/eleve-se.com.br\/saturno-entra-em-peixes-quando-os-sonhos-partem-para-a-realizacao\/\">\n\t\t\t\t\t\t\t\t<img width=\"1280\" height=\"720\" src=\"https:\/\/eleve-se.com.br\/wp-content\/uploads\/2023\/03\/saturno-entra-em-peixes-quando-os-sonhos-partem-para-a-realizacao.jpg\" class=\"attachment-large size-large\" alt=\"\" decoding=\"async\" fetchpriority=\"high\" srcset=\"https:\/\/eleve-se.com.br\/wp-content\/uploads\/2023\/03\/saturno-entra-em-peixes-quando-os-sonhos-partem-para-a-realizacao.jpg 1280w, https:\/\/eleve-se.com.br\/wp-content\/uploads\/2023\/03\/saturno-entra-em-peixes-quando-os-sonhos-partem-para-a-realizacao-400x225.jpg 400w, https:\/\/eleve-se.com.br\/wp-content\/uploads\/2023\/03\/saturno-entra-em-peixes-quando-os-sonhos-partem-para-a-realizacao-768x432.jpg 768w, https:\/\/eleve-se.com.br\/wp-content\/uploads\/2023\/03\/saturno-entra-em-peixes-quando-os-sonhos-partem-para-a-realizacao-860x484.jpg 860w, https:\/\/eleve-se.com.br\/wp-content\/uploads\/2023\/03\/saturno-entra-em-peixes-quando-os-sonhos-partem-para-a-realizacao-430x242.jpg 430w, https:\/\/eleve-se.com.br\/wp-content\/uploads\/2023\/03\/saturno-entra-em-peixes-quando-os-sonhos-partem-para-a-realizacao-700x394.jpg 700w, https:\/\/eleve-se.com.br\/wp-content\/uploads\/2023\/03\/saturno-entra-em-peixes-quando-os-sonhos-partem-para-a-realizacao-150x84.jpg 150w\" sizes=\"(max-width: 1280px) 100vw, 1280px\" \/>\t\t\t\t\t\t\t<\/a>\n\t\t\t\t\t\t<\/div>\n\t\t\t\t\t\t<div class=\"post-image-mask\">\n\t\t\t\t\t\t\t<span><\/span>\n\t\t\t\t\t\t<\/div>\n\t\t\t\t\t\t\t\t\t<\/figure>\n\t\t\t\n\t\t\t\t\t\t<div class=\"wd-post-date wd-style-with-bg\">\n\t\t\t\t<span class=\"post-date-day\">\n\t\t\t\t\t07\t\t\t\t<\/span>\n\t\t\t\t<span class=\"post-date-month\">\n\t\t\t\t\tmar\t\t\t\t<\/span>\n\t\t\t<\/div>\n\t\t\t\t<\/header>\n\n\t\t<div class=\"article-body-container\">\n\t\t\t\t\t\t\t<div class=\"meta-categories-wrapp\">\n\t\t\t\t\t<div class=\"meta-post-categories wd-post-cat wd-style-with-bg\">\n\t\t\t\t\t\t<a href=\"https:\/\/eleve-se.com.br\/categoria\/astros\/\" rel=\"category tag\">Astros<\/a>\t\t\t\t\t<\/div>\n\t\t\t\t<\/div>\n\t\t\t\n\t\t\t\t\t\t\t<h3 class=\"wd-entities-title title post-title\">\n\t\t\t\t\t<a href=\"https:\/\/eleve-se.com.br\/saturno-entra-em-peixes-quando-os-sonhos-partem-para-a-realizacao\/\" rel=\"bookmark\">Saturno entra em Peixes: quando os sonhos partem para a realiza\u00e7\u00e3o<\/a>\n\t\t\t\t<\/h3>\n\t\t\t\n\t\t\t\t\t\t\t<div class=\"entry-meta wd-entry-meta\">\n\t\t\t\t\t\t\t\t<ul class=\"entry-meta-list\">\n\t\t\t\t\t\t\t\t\t<li class=\"modified-date\">\n\t\t\t\t\t\t\t\t<time class=\"updated\" datetime=\"2023-06-01T09:37:37-03:00\">\n\t\t\t01\/06\/2023\t\t<\/time>\n\t\t\t\t\t\t\t<\/li>\n\n\t\t\t\t\t\n\t\t\t\t\t\t\t\t\t\t\t<li class=\"meta-author\">\n\t\t\t\t\t\t\t\t\t\t\t\t<span>Por<\/span>\n\t\t\n\t\t\t\t\t<img src=\"https:\/\/eleve-se.com.br\/wp-content\/uploads\/2022\/02\/FB_IMG_1630104384348-50x50.jpg\" width=\"32\" height=\"32\" srcset=\"https:\/\/eleve-se.com.br\/wp-content\/uploads\/2022\/02\/FB_IMG_1630104384348-75x75.jpg 2x\" alt=\"Fernanda Correia\" class=\"avatar avatar-32 wp-user-avatar wp-user-avatar-32 alignnone photo\" \/>\t\t\n\t\t<a href=\"https:\/\/eleve-se.com.br\/author\/fernanda-correia\/\" class=\"author\" rel=\"author\">Fernanda Correia<\/a>\n\t\t\t\t\t\t\t\t<\/li>\n\t\t\t\t\t\n\t\t\t\t\t\n\t\t\t\t\t\t\t\t\t\t\t\t<\/ul>\n\t\t\t\t\t\t<\/div>\n\t\t\t\t\t\t\t\n\t\t\t\t\t\t\t\t\t\t\t\t<div class=\"entry-content wd-post-desc\">\n\t\t\t\t\t\tEsse m\u00eas a gente vem acompanhando alguns eventos astrol\u00f3gicos bem interessantes e um deles \u00e9 a entrada de Saturno em Peixes, a partir d...\t\t\t\t\t<\/div>\n\t\t\t\t\n\t\t\t\t\t\t\t\t\t\t\t\t\t\t<p class=\"read-more-section\">\n\t\t\t\t\t\t<a class=\"btn-read-more more-link\" href=\"https:\/\/eleve-se.com.br\/saturno-entra-em-peixes-quando-os-sonhos-partem-para-a-realizacao\/\">Continue lendo<\/a>\t\t\t\t\t<\/p>\n\t\t\t\t\t\t\t\t\t\t\t\t\t<\/div>\n\t<\/div>\n<\/article>\n\n\t\t\t\t\t\t\t\t\t\t\t\n<article id=\"post-19614\" class=\"wd-post blog-design-masonry blog-post-loop blog-style-bg wd-add-shadow wd-col post-19614 post type-post status-publish format-standard has-post-thumbnail hentry category-astros tag-astrologia tag-compatibilidade tag-sinastria\">\n\t<div class=\"article-inner\">\n\t\t<header class=\"entry-header\">\n\t\t\t\t\t\t\t<figure class=\"entry-thumbnail\">\n\t\t\t\t\t\t\t\t\t\t\t<div class=\"post-img-wrapp\">\n\t\t\t\t\t\t\t<a href=\"https:\/\/eleve-se.com.br\/existe-compatibilidade-entre-os-signos\/\">\n\t\t\t\t\t\t\t\t<img width=\"1280\" height=\"720\" src=\"https:\/\/eleve-se.com.br\/wp-content\/uploads\/2023\/03\/existe-compatibilidade-entre-os-signos.jpg\" class=\"attachment-large size-large\" alt=\"\" decoding=\"async\" srcset=\"https:\/\/eleve-se.com.br\/wp-content\/uploads\/2023\/03\/existe-compatibilidade-entre-os-signos.jpg 1280w, https:\/\/eleve-se.com.br\/wp-content\/uploads\/2023\/03\/existe-compatibilidade-entre-os-signos-400x225.jpg 400w, https:\/\/eleve-se.com.br\/wp-content\/uploads\/2023\/03\/existe-compatibilidade-entre-os-signos-768x432.jpg 768w, https:\/\/eleve-se.com.br\/wp-content\/uploads\/2023\/03\/existe-compatibilidade-entre-os-signos-860x484.jpg 860w, https:\/\/eleve-se.com.br\/wp-content\/uploads\/2023\/03\/existe-compatibilidade-entre-os-signos-430x242.jpg 430w, https:\/\/eleve-se.com.br\/wp-content\/uploads\/2023\/03\/existe-compatibilidade-entre-os-signos-700x394.jpg 700w, https:\/\/eleve-se.com.br\/wp-content\/uploads\/2023\/03\/existe-compatibilidade-entre-os-signos-150x84.jpg 150w\" sizes=\"(max-width: 1280px) 100vw, 1280px\" \/>\t\t\t\t\t\t\t<\/a>\n\t\t\t\t\t\t<\/div>\n\t\t\t\t\t\t<div class=\"post-image-mask\">\n\t\t\t\t\t\t\t<span><\/span>\n\t\t\t\t\t\t<\/div>\n\t\t\t\t\t\t\t\t\t<\/figure>\n\t\t\t\n\t\t\t\t\t\t<div class=\"wd-post-date wd-style-with-bg\">\n\t\t\t\t<span class=\"post-date-day\">\n\t\t\t\t\t03\t\t\t\t<\/span>\n\t\t\t\t<span class=\"post-date-month\">\n\t\t\t\t\tmar\t\t\t\t<\/span>\n\t\t\t<\/div>\n\t\t\t\t<\/header>\n\n\t\t<div class=\"article-body-container\">\n\t\t\t\t\t\t\t<div class=\"meta-categories-wrapp\">\n\t\t\t\t\t<div class=\"meta-post-categories wd-post-cat wd-style-with-bg\">\n\t\t\t\t\t\t<a href=\"https:\/\/eleve-se.com.br\/categoria\/astros\/\" rel=\"category tag\">Astros<\/a>\t\t\t\t\t<\/div>\n\t\t\t\t<\/div>\n\t\t\t\n\t\t\t\t\t\t\t<h3 class=\"wd-entities-title title post-title\">\n\t\t\t\t\t<a href=\"https:\/\/eleve-se.com.br\/existe-compatibilidade-entre-os-signos\/\" rel=\"bookmark\">Existe compatibilidade entre os signos?<\/a>\n\t\t\t\t<\/h3>\n\t\t\t\n\t\t\t\t\t\t\t<div class=\"entry-meta wd-entry-meta\">\n\t\t\t\t\t\t\t\t<ul class=\"entry-meta-list\">\n\t\t\t\t\t\t\t\t\t<li class=\"modified-date\">\n\t\t\t\t\t\t\t\t<time class=\"updated\" datetime=\"2023-06-01T09:41:42-03:00\">\n\t\t\t01\/06\/2023\t\t<\/time>\n\t\t\t\t\t\t\t<\/li>\n\n\t\t\t\t\t\n\t\t\t\t\t\t\t\t\t\t\t<li class=\"meta-author\">\n\t\t\t\t\t\t\t\t\t\t\t\t<span>Por<\/span>\n\t\t\n\t\t\t\t\t<img src=\"https:\/\/eleve-se.com.br\/wp-content\/uploads\/2022\/02\/FB_IMG_1630104384348-50x50.jpg\" width=\"32\" height=\"32\" srcset=\"https:\/\/eleve-se.com.br\/wp-content\/uploads\/2022\/02\/FB_IMG_1630104384348-75x75.jpg 2x\" alt=\"Fernanda Correia\" class=\"avatar avatar-32 wp-user-avatar wp-user-avatar-32 alignnone photo\" \/>\t\t\n\t\t<a href=\"https:\/\/eleve-se.com.br\/author\/fernanda-correia\/\" class=\"author\" rel=\"author\">Fernanda Correia<\/a>\n\t\t\t\t\t\t\t\t<\/li>\n\t\t\t\t\t\n\t\t\t\t\t\n\t\t\t\t\t\t\t\t\t\t\t\t<\/ul>\n\t\t\t\t\t\t<\/div>\n\t\t\t\t\t\t\t\n\t\t\t\t\t\t\t\t\t\t\t\t<div class=\"entry-content wd-post-desc\">\n\t\t\t\t\t\tA astrologia \u00e9 uma pr\u00e1tica antiga que busca entender o comportamento humano com base nas posi\u00e7\u00f5es dos planetas e estrelas no momento do...\t\t\t\t\t<\/div>\n\t\t\t\t\n\t\t\t\t\t\t\t\t\t\t\t\t\t\t<p class=\"read-more-section\">\n\t\t\t\t\t\t<a class=\"btn-read-more more-link\" href=\"https:\/\/eleve-se.com.br\/existe-compatibilidade-entre-os-signos\/\">Continue lendo<\/a>\t\t\t\t\t<\/p>\n\t\t\t\t\t\t\t\t\t\t\t\t\t<\/div>\n\t<\/div>\n<\/article>\n\n\t\t\t\t\t\t\t\t\t\t\t\n<article id=\"post-19473\" class=\"wd-post blog-design-masonry blog-post-loop blog-style-bg wd-add-shadow wd-col post-19473 post type-post status-publish format-standard has-post-thumbnail hentry category-astros tag-astrologia\">\n\t<div class=\"article-inner\">\n\t\t<header class=\"entry-header\">\n\t\t\t\t\t\t\t<figure class=\"entry-thumbnail\">\n\t\t\t\t\t\t\t\t\t\t\t<div class=\"post-img-wrapp\">\n\t\t\t\t\t\t\t<a href=\"https:\/\/eleve-se.com.br\/5-famosos-que-entendem-de-astrologia-e-que-voce-nem-imaginava\/\">\n\t\t\t\t\t\t\t\t<img width=\"1280\" height=\"720\" src=\"https:\/\/eleve-se.com.br\/wp-content\/uploads\/2023\/02\/5-famosos-que-entendem-de-astrologia-e-que-voce-nem-imaginava.jpg\" class=\"attachment-large size-large\" alt=\"\" decoding=\"async\" loading=\"lazy\" srcset=\"https:\/\/eleve-se.com.br\/wp-content\/uploads\/2023\/02\/5-famosos-que-entendem-de-astrologia-e-que-voce-nem-imaginava.jpg 1280w, https:\/\/eleve-se.com.br\/wp-content\/uploads\/2023\/02\/5-famosos-que-entendem-de-astrologia-e-que-voce-nem-imaginava-400x225.jpg 400w, https:\/\/eleve-se.com.br\/wp-content\/uploads\/2023\/02\/5-famosos-que-entendem-de-astrologia-e-que-voce-nem-imaginava-768x432.jpg 768w, https:\/\/eleve-se.com.br\/wp-content\/uploads\/2023\/02\/5-famosos-que-entendem-de-astrologia-e-que-voce-nem-imaginava-860x484.jpg 860w, https:\/\/eleve-se.com.br\/wp-content\/uploads\/2023\/02\/5-famosos-que-entendem-de-astrologia-e-que-voce-nem-imaginava-430x242.jpg 430w, https:\/\/eleve-se.com.br\/wp-content\/uploads\/2023\/02\/5-famosos-que-entendem-de-astrologia-e-que-voce-nem-imaginava-700x394.jpg 700w, https:\/\/eleve-se.com.br\/wp-content\/uploads\/2023\/02\/5-famosos-que-entendem-de-astrologia-e-que-voce-nem-imaginava-150x84.jpg 150w\" sizes=\"auto, (max-width: 1280px) 100vw, 1280px\" \/>\t\t\t\t\t\t\t<\/a>\n\t\t\t\t\t\t<\/div>\n\t\t\t\t\t\t<div class=\"post-image-mask\">\n\t\t\t\t\t\t\t<span><\/span>\n\t\t\t\t\t\t<\/div>\n\t\t\t\t\t\t\t\t\t<\/figure>\n\t\t\t\n\t\t\t\t\t\t<div class=\"wd-post-date wd-style-with-bg\">\n\t\t\t\t<span class=\"post-date-day\">\n\t\t\t\t\t27\t\t\t\t<\/span>\n\t\t\t\t<span class=\"post-date-month\">\n\t\t\t\t\tfev\t\t\t\t<\/span>\n\t\t\t<\/div>\n\t\t\t\t<\/header>\n\n\t\t<div class=\"article-body-container\">\n\t\t\t\t\t\t\t<div class=\"meta-categories-wrapp\">\n\t\t\t\t\t<div class=\"meta-post-categories wd-post-cat wd-style-with-bg\">\n\t\t\t\t\t\t<a href=\"https:\/\/eleve-se.com.br\/categoria\/astros\/\" rel=\"category tag\">Astros<\/a>\t\t\t\t\t<\/div>\n\t\t\t\t<\/div>\n\t\t\t\n\t\t\t\t\t\t\t<h3 class=\"wd-entities-title title post-title\">\n\t\t\t\t\t<a href=\"https:\/\/eleve-se.com.br\/5-famosos-que-entendem-de-astrologia-e-que-voce-nem-imaginava\/\" rel=\"bookmark\">5 famosos que entendem de astrologia (e que voc\u00ea nem imaginava!)<\/a>\n\t\t\t\t<\/h3>\n\t\t\t\n\t\t\t\t\t\t\t<div class=\"entry-meta wd-entry-meta\">\n\t\t\t\t\t\t\t\t<ul class=\"entry-meta-list\">\n\t\t\t\t\t\t\t\t\t<li class=\"modified-date\">\n\t\t\t\t\t\t\t\t<time class=\"updated\" datetime=\"2023-06-01T09:42:01-03:00\">\n\t\t\t01\/06\/2023\t\t<\/time>\n\t\t\t\t\t\t\t<\/li>\n\n\t\t\t\t\t\n\t\t\t\t\t\t\t\t\t\t\t<li class=\"meta-author\">\n\t\t\t\t\t\t\t\t\t\t\t\t<span>Por<\/span>\n\t\t\n\t\t\t\t\t<img src=\"https:\/\/eleve-se.com.br\/wp-content\/uploads\/2022\/02\/FB_IMG_1630104384348-50x50.jpg\" width=\"32\" height=\"32\" srcset=\"https:\/\/eleve-se.com.br\/wp-content\/uploads\/2022\/02\/FB_IMG_1630104384348-75x75.jpg 2x\" alt=\"Fernanda Correia\" class=\"avatar avatar-32 wp-user-avatar wp-user-avatar-32 alignnone photo\" \/>\t\t\n\t\t<a href=\"https:\/\/eleve-se.com.br\/author\/fernanda-correia\/\" class=\"author\" rel=\"author\">Fernanda Correia<\/a>\n\t\t\t\t\t\t\t\t<\/li>\n\t\t\t\t\t\n\t\t\t\t\t\n\t\t\t\t\t\t\t\t\t\t\t\t<\/ul>\n\t\t\t\t\t\t<\/div>\n\t\t\t\t\t\t\t\n\t\t\t\t\t\t\t\t\t\t\t\t<div class=\"entry-content wd-post-desc\">\n\t\t\t\t\t\tA astrologia \u00e9, sem d\u00favidas, fascinante! Tanto que muitos artistas famosos buscam esse conhecimento, tanto para o seu aprimoramento pes...<div class=\"page-links\"><span class=\"page-links-title\">Leia mais:<\/span> <a href=\"https:\/\/eleve-se.com.br\/5-famosos-que-entendem-de-astrologia-e-que-voce-nem-imaginava\/\" class=\"post-page-numbers\"><span>1<\/span><\/a> <a href=\"https:\/\/eleve-se.com.br\/5-famosos-que-entendem-de-astrologia-e-que-voce-nem-imaginava\/2\/\" class=\"post-page-numbers\"><span>2<\/span><\/a> <a href=\"https:\/\/eleve-se.com.br\/5-famosos-que-entendem-de-astrologia-e-que-voce-nem-imaginava\/3\/\" class=\"post-page-numbers\"><span>3<\/span><\/a> <a href=\"https:\/\/eleve-se.com.br\/5-famosos-que-entendem-de-astrologia-e-que-voce-nem-imaginava\/4\/\" class=\"post-page-numbers\"><span>4<\/span><\/a> <a href=\"https:\/\/eleve-se.com.br\/5-famosos-que-entendem-de-astrologia-e-que-voce-nem-imaginava\/5\/\" class=\"post-page-numbers\"><span>5<\/span><\/a><\/div>\t\t\t\t\t<\/div>\n\t\t\t\t\n\t\t\t\t\t\t\t\t\t\t\t\t\t\t<p class=\"read-more-section\">\n\t\t\t\t\t\t<a class=\"btn-read-more more-link\" href=\"https:\/\/eleve-se.com.br\/5-famosos-que-entendem-de-astrologia-e-que-voce-nem-imaginava\/\">Continue lendo<\/a>\t\t\t\t\t<\/p>\n\t\t\t\t\t\t\t\t\t\t\t\t\t<\/div>\n\t<\/div>\n<\/article>\n\n\t\t\t\t\t\t\t\t\t\t\t\n<article id=\"post-19466\" class=\"wd-post blog-design-masonry blog-post-loop blog-style-bg wd-add-shadow wd-col post-19466 post type-post status-publish format-standard has-post-thumbnail hentry category-astros tag-astrologia tag-astrologia-carmica tag-carma tag-vidas-passadas\">\n\t<div class=\"article-inner\">\n\t\t<header class=\"entry-header\">\n\t\t\t\t\t\t\t<figure class=\"entry-thumbnail\">\n\t\t\t\t\t\t\t\t\t\t\t<div class=\"post-img-wrapp\">\n\t\t\t\t\t\t\t<a href=\"https:\/\/eleve-se.com.br\/e-possivel-encontrar-solucoes-para-desafios-carmicos\/\">\n\t\t\t\t\t\t\t\t<img width=\"1280\" height=\"720\" src=\"https:\/\/eleve-se.com.br\/wp-content\/uploads\/2023\/02\/e-possivel-encontrar-solucoes-para-desafios-carmicos.jpg\" class=\"attachment-large size-large\" alt=\"\" decoding=\"async\" loading=\"lazy\" srcset=\"https:\/\/eleve-se.com.br\/wp-content\/uploads\/2023\/02\/e-possivel-encontrar-solucoes-para-desafios-carmicos.jpg 1280w, https:\/\/eleve-se.com.br\/wp-content\/uploads\/2023\/02\/e-possivel-encontrar-solucoes-para-desafios-carmicos-400x225.jpg 400w, https:\/\/eleve-se.com.br\/wp-content\/uploads\/2023\/02\/e-possivel-encontrar-solucoes-para-desafios-carmicos-768x432.jpg 768w, https:\/\/eleve-se.com.br\/wp-content\/uploads\/2023\/02\/e-possivel-encontrar-solucoes-para-desafios-carmicos-860x484.jpg 860w, https:\/\/eleve-se.com.br\/wp-content\/uploads\/2023\/02\/e-possivel-encontrar-solucoes-para-desafios-carmicos-430x242.jpg 430w, https:\/\/eleve-se.com.br\/wp-content\/uploads\/2023\/02\/e-possivel-encontrar-solucoes-para-desafios-carmicos-700x394.jpg 700w, https:\/\/eleve-se.com.br\/wp-content\/uploads\/2023\/02\/e-possivel-encontrar-solucoes-para-desafios-carmicos-150x84.jpg 150w\" sizes=\"auto, (max-width: 1280px) 100vw, 1280px\" \/>\t\t\t\t\t\t\t<\/a>\n\t\t\t\t\t\t<\/div>\n\t\t\t\t\t\t<div class=\"post-image-mask\">\n\t\t\t\t\t\t\t<span><\/span>\n\t\t\t\t\t\t<\/div>\n\t\t\t\t\t\t\t\t\t<\/figure>\n\t\t\t\n\t\t\t\t\t\t<div class=\"wd-post-date wd-style-with-bg\">\n\t\t\t\t<span class=\"post-date-day\">\n\t\t\t\t\t24\t\t\t\t<\/span>\n\t\t\t\t<span class=\"post-date-month\">\n\t\t\t\t\tfev\t\t\t\t<\/span>\n\t\t\t<\/div>\n\t\t\t\t<\/header>\n\n\t\t<div class=\"article-body-container\">\n\t\t\t\t\t\t\t<div class=\"meta-categories-wrapp\">\n\t\t\t\t\t<div class=\"meta-post-categories wd-post-cat wd-style-with-bg\">\n\t\t\t\t\t\t<a href=\"https:\/\/eleve-se.com.br\/categoria\/astros\/\" rel=\"category tag\">Astros<\/a>\t\t\t\t\t<\/div>\n\t\t\t\t<\/div>\n\t\t\t\n\t\t\t\t\t\t\t<h3 class=\"wd-entities-title title post-title\">\n\t\t\t\t\t<a href=\"https:\/\/eleve-se.com.br\/e-possivel-encontrar-solucoes-para-desafios-carmicos\/\" rel=\"bookmark\">\u00c9 poss\u00edvel encontrar solu\u00e7\u00f5es para desafios c\u00e1rmicos?<\/a>\n\t\t\t\t<\/h3>\n\t\t\t\n\t\t\t\t\t\t\t<div class=\"entry-meta wd-entry-meta\">\n\t\t\t\t\t\t\t\t<ul class=\"entry-meta-list\">\n\t\t\t\t\t\t\t\t\t<li class=\"modified-date\">\n\t\t\t\t\t\t\t\t<time class=\"updated\" datetime=\"2023-06-01T09:42:07-03:00\">\n\t\t\t01\/06\/2023\t\t<\/time>\n\t\t\t\t\t\t\t<\/li>\n\n\t\t\t\t\t\n\t\t\t\t\t\t\t\t\t\t\t<li class=\"meta-author\">\n\t\t\t\t\t\t\t\t\t\t\t\t<span>Por<\/span>\n\t\t\n\t\t\t\t\t<img src=\"https:\/\/eleve-se.com.br\/wp-content\/uploads\/2022\/02\/FB_IMG_1630104384348-50x50.jpg\" width=\"32\" height=\"32\" srcset=\"https:\/\/eleve-se.com.br\/wp-content\/uploads\/2022\/02\/FB_IMG_1630104384348-75x75.jpg 2x\" alt=\"Fernanda Correia\" class=\"avatar avatar-32 wp-user-avatar wp-user-avatar-32 alignnone photo\" \/>\t\t\n\t\t<a href=\"https:\/\/eleve-se.com.br\/author\/fernanda-correia\/\" class=\"author\" rel=\"author\">Fernanda Correia<\/a>\n\t\t\t\t\t\t\t\t<\/li>\n\t\t\t\t\t\n\t\t\t\t\t\n\t\t\t\t\t\t\t\t\t\t\t\t<\/ul>\n\t\t\t\t\t\t<\/div>\n\t\t\t\t\t\t\t\n\t\t\t\t\t\t\t\t\t\t\t\t<div class=\"entry-content wd-post-desc\">\n\t\t\t\t\t\tVoc\u00ea j\u00e1 deve ter ouvido a seguinte frase: para derrotar um inimigo voc\u00ea precisa conhec\u00ea-lo.&nbsp;\n\n\n\nE na nossa vida n\u00f3s carregamos alg...\t\t\t\t\t<\/div>\n\t\t\t\t\n\t\t\t\t\t\t\t\t\t\t\t\t\t\t<p class=\"read-more-section\">\n\t\t\t\t\t\t<a class=\"btn-read-more more-link\" href=\"https:\/\/eleve-se.com.br\/e-possivel-encontrar-solucoes-para-desafios-carmicos\/\">Continue lendo<\/a>\t\t\t\t\t<\/p>\n\t\t\t\t\t\t\t\t\t\t\t\t\t<\/div>\n\t<\/div>\n<\/article>\n\n\t\t\t\t\t\t\t\t\t\t\t\n<article id=\"post-19209\" class=\"wd-post blog-design-masonry blog-post-loop blog-style-bg wd-add-shadow wd-col post-19209 post type-post status-publish format-standard has-post-thumbnail hentry category-astros tag-astrologia tag-astrologia-carmica tag-lua tag-signo-lunar tag-signos\">\n\t<div class=\"article-inner\">\n\t\t<header class=\"entry-header\">\n\t\t\t\t\t\t\t<figure class=\"entry-thumbnail\">\n\t\t\t\t\t\t\t\t\t\t\t<div class=\"post-img-wrapp\">\n\t\t\t\t\t\t\t<a href=\"https:\/\/eleve-se.com.br\/o-seu-signo-lunar-pela-visao-da-astrologia-carmica\/\">\n\t\t\t\t\t\t\t\t<img width=\"1280\" height=\"720\" src=\"https:\/\/eleve-se.com.br\/wp-content\/uploads\/2023\/02\/o-seu-signo-lunar-pela-visao-da-astrologia-carmica.jpg\" class=\"attachment-large size-large\" alt=\"\" decoding=\"async\" loading=\"lazy\" srcset=\"https:\/\/eleve-se.com.br\/wp-content\/uploads\/2023\/02\/o-seu-signo-lunar-pela-visao-da-astrologia-carmica.jpg 1280w, https:\/\/eleve-se.com.br\/wp-content\/uploads\/2023\/02\/o-seu-signo-lunar-pela-visao-da-astrologia-carmica-400x225.jpg 400w, https:\/\/eleve-se.com.br\/wp-content\/uploads\/2023\/02\/o-seu-signo-lunar-pela-visao-da-astrologia-carmica-768x432.jpg 768w, https:\/\/eleve-se.com.br\/wp-content\/uploads\/2023\/02\/o-seu-signo-lunar-pela-visao-da-astrologia-carmica-860x484.jpg 860w, https:\/\/eleve-se.com.br\/wp-content\/uploads\/2023\/02\/o-seu-signo-lunar-pela-visao-da-astrologia-carmica-430x242.jpg 430w, https:\/\/eleve-se.com.br\/wp-content\/uploads\/2023\/02\/o-seu-signo-lunar-pela-visao-da-astrologia-carmica-700x394.jpg 700w, https:\/\/eleve-se.com.br\/wp-content\/uploads\/2023\/02\/o-seu-signo-lunar-pela-visao-da-astrologia-carmica-150x84.jpg 150w\" sizes=\"auto, (max-width: 1280px) 100vw, 1280px\" \/>\t\t\t\t\t\t\t<\/a>\n\t\t\t\t\t\t<\/div>\n\t\t\t\t\t\t<div class=\"post-image-mask\">\n\t\t\t\t\t\t\t<span><\/span>\n\t\t\t\t\t\t<\/div>\n\t\t\t\t\t\t\t\t\t<\/figure>\n\t\t\t\n\t\t\t\t\t\t<div class=\"wd-post-date wd-style-with-bg\">\n\t\t\t\t<span class=\"post-date-day\">\n\t\t\t\t\t03\t\t\t\t<\/span>\n\t\t\t\t<span class=\"post-date-month\">\n\t\t\t\t\tfev\t\t\t\t<\/span>\n\t\t\t<\/div>\n\t\t\t\t<\/header>\n\n\t\t<div class=\"article-body-container\">\n\t\t\t\t\t\t\t<div class=\"meta-categories-wrapp\">\n\t\t\t\t\t<div class=\"meta-post-categories wd-post-cat wd-style-with-bg\">\n\t\t\t\t\t\t<a href=\"https:\/\/eleve-se.com.br\/categoria\/astros\/\" rel=\"category tag\">Astros<\/a>\t\t\t\t\t<\/div>\n\t\t\t\t<\/div>\n\t\t\t\n\t\t\t\t\t\t\t<h3 class=\"wd-entities-title title post-title\">\n\t\t\t\t\t<a href=\"https:\/\/eleve-se.com.br\/o-seu-signo-lunar-pela-visao-da-astrologia-carmica\/\" rel=\"bookmark\">O seu signo lunar pela vis\u00e3o da astrologia c\u00e1rmica<\/a>\n\t\t\t\t<\/h3>\n\t\t\t\n\t\t\t\t\t\t\t<div class=\"entry-meta wd-entry-meta\">\n\t\t\t\t\t\t\t\t<ul class=\"entry-meta-list\">\n\t\t\t\t\t\t\t\t\t<li class=\"modified-date\">\n\t\t\t\t\t\t\t\t<time class=\"updated\" datetime=\"2023-06-01T09:46:06-03:00\">\n\t\t\t01\/06\/2023\t\t<\/time>\n\t\t\t\t\t\t\t<\/li>\n\n\t\t\t\t\t\n\t\t\t\t\t\t\t\t\t\t\t<li class=\"meta-author\">\n\t\t\t\t\t\t\t\t\t\t\t\t<span>Por<\/span>\n\t\t\n\t\t\t\t\t<img src=\"https:\/\/eleve-se.com.br\/wp-content\/uploads\/2022\/02\/FB_IMG_1630104384348-50x50.jpg\" width=\"32\" height=\"32\" srcset=\"https:\/\/eleve-se.com.br\/wp-content\/uploads\/2022\/02\/FB_IMG_1630104384348-75x75.jpg 2x\" alt=\"Fernanda Correia\" class=\"avatar avatar-32 wp-user-avatar wp-user-avatar-32 alignnone photo\" \/>\t\t\n\t\t<a href=\"https:\/\/eleve-se.com.br\/author\/fernanda-correia\/\" class=\"author\" rel=\"author\">Fernanda Correia<\/a>\n\t\t\t\t\t\t\t\t<\/li>\n\t\t\t\t\t\n\t\t\t\t\t\n\t\t\t\t\t\t\t\t\t\t\t\t<\/ul>\n\t\t\t\t\t\t<\/div>\n\t\t\t\t\t\t\t\n\t\t\t\t\t\t\t\t\t\t\t\t<div class=\"entry-content wd-post-desc\">\n\t\t\t\t\t\tProvavelmente, voc\u00ea j\u00e1 conhece seu signo solar \u2013 que \u00e9 aquele identificado pela nossa data de nascimento. Eu inclusive j\u00e1 falei sobre e...\t\t\t\t\t<\/div>\n\t\t\t\t\n\t\t\t\t\t\t\t\t\t\t\t\t\t\t<p class=\"read-more-section\">\n\t\t\t\t\t\t<a class=\"btn-read-more more-link\" href=\"https:\/\/eleve-se.com.br\/o-seu-signo-lunar-pela-visao-da-astrologia-carmica\/\">Continue lendo<\/a>\t\t\t\t\t<\/p>\n\t\t\t\t\t\t\t\t\t\t\t\t\t<\/div>\n\t<\/div>\n<\/article>\n\n\t\t\t\t\t\t\t\t\t\t\t\n<article id=\"post-19149\" class=\"wd-post blog-design-masonry blog-post-loop blog-style-bg wd-add-shadow wd-col post-19149 post type-post status-publish format-standard has-post-thumbnail hentry category-astros tag-astrologia tag-capricornio tag-escorpiao tag-peixes tag-signos tag-solidao tag-touro tag-virgem\">\n\t<div class=\"article-inner\">\n\t\t<header class=\"entry-header\">\n\t\t\t\t\t\t\t<figure class=\"entry-thumbnail\">\n\t\t\t\t\t\t\t\t\t\t\t<div class=\"post-img-wrapp\">\n\t\t\t\t\t\t\t<a href=\"https:\/\/eleve-se.com.br\/quais-sao-os-signos-do-zodiaco-que-mais-gostam-da-solidao\/\">\n\t\t\t\t\t\t\t\t<img width=\"1280\" height=\"720\" src=\"https:\/\/eleve-se.com.br\/wp-content\/uploads\/2023\/01\/quais-sao-os-signos-do-zodiaco-que-mais-gostam-da-solidao.jpg\" class=\"attachment-large size-large\" alt=\"\" decoding=\"async\" loading=\"lazy\" srcset=\"https:\/\/eleve-se.com.br\/wp-content\/uploads\/2023\/01\/quais-sao-os-signos-do-zodiaco-que-mais-gostam-da-solidao.jpg 1280w, https:\/\/eleve-se.com.br\/wp-content\/uploads\/2023\/01\/quais-sao-os-signos-do-zodiaco-que-mais-gostam-da-solidao-400x225.jpg 400w, https:\/\/eleve-se.com.br\/wp-content\/uploads\/2023\/01\/quais-sao-os-signos-do-zodiaco-que-mais-gostam-da-solidao-768x432.jpg 768w, https:\/\/eleve-se.com.br\/wp-content\/uploads\/2023\/01\/quais-sao-os-signos-do-zodiaco-que-mais-gostam-da-solidao-860x484.jpg 860w, https:\/\/eleve-se.com.br\/wp-content\/uploads\/2023\/01\/quais-sao-os-signos-do-zodiaco-que-mais-gostam-da-solidao-430x242.jpg 430w, https:\/\/eleve-se.com.br\/wp-content\/uploads\/2023\/01\/quais-sao-os-signos-do-zodiaco-que-mais-gostam-da-solidao-700x394.jpg 700w, https:\/\/eleve-se.com.br\/wp-content\/uploads\/2023\/01\/quais-sao-os-signos-do-zodiaco-que-mais-gostam-da-solidao-150x84.jpg 150w\" sizes=\"auto, (max-width: 1280px) 100vw, 1280px\" \/>\t\t\t\t\t\t\t<\/a>\n\t\t\t\t\t\t<\/div>\n\t\t\t\t\t\t<div class=\"post-image-mask\">\n\t\t\t\t\t\t\t<span><\/span>\n\t\t\t\t\t\t<\/div>\n\t\t\t\t\t\t\t\t\t<\/figure>\n\t\t\t\n\t\t\t\t\t\t<div class=\"wd-post-date wd-style-with-bg\">\n\t\t\t\t<span class=\"post-date-day\">\n\t\t\t\t\t27\t\t\t\t<\/span>\n\t\t\t\t<span class=\"post-date-month\">\n\t\t\t\t\tjan\t\t\t\t<\/span>\n\t\t\t<\/div>\n\t\t\t\t<\/header>\n\n\t\t<div class=\"article-body-container\">\n\t\t\t\t\t\t\t<div class=\"meta-categories-wrapp\">\n\t\t\t\t\t<div class=\"meta-post-categories wd-post-cat wd-style-with-bg\">\n\t\t\t\t\t\t<a href=\"https:\/\/eleve-se.com.br\/categoria\/astros\/\" rel=\"category tag\">Astros<\/a>\t\t\t\t\t<\/div>\n\t\t\t\t<\/div>\n\t\t\t\n\t\t\t\t\t\t\t<h3 class=\"wd-entities-title title post-title\">\n\t\t\t\t\t<a href=\"https:\/\/eleve-se.com.br\/quais-sao-os-signos-do-zodiaco-que-mais-gostam-da-solidao\/\" rel=\"bookmark\">Quais s\u00e3o os signos do zod\u00edaco que mais gostam da solid\u00e3o?<\/a>\n\t\t\t\t<\/h3>\n\t\t\t\n\t\t\t\t\t\t\t<div class=\"entry-meta wd-entry-meta\">\n\t\t\t\t\t\t\t\t<ul class=\"entry-meta-list\">\n\t\t\t\t\t\t\t\t\t<li class=\"modified-date\">\n\t\t\t\t\t\t\t\t<time class=\"updated\" datetime=\"2023-06-01T09:50:48-03:00\">\n\t\t\t01\/06\/2023\t\t<\/time>\n\t\t\t\t\t\t\t<\/li>\n\n\t\t\t\t\t\n\t\t\t\t\t\t\t\t\t\t\t<li class=\"meta-author\">\n\t\t\t\t\t\t\t\t\t\t\t\t<span>Por<\/span>\n\t\t\n\t\t\t\t\t<img src=\"https:\/\/eleve-se.com.br\/wp-content\/uploads\/2022\/02\/FB_IMG_1630104384348-50x50.jpg\" width=\"32\" height=\"32\" srcset=\"https:\/\/eleve-se.com.br\/wp-content\/uploads\/2022\/02\/FB_IMG_1630104384348-75x75.jpg 2x\" alt=\"Fernanda Correia\" class=\"avatar avatar-32 wp-user-avatar wp-user-avatar-32 alignnone photo\" \/>\t\t\n\t\t<a href=\"https:\/\/eleve-se.com.br\/author\/fernanda-correia\/\" class=\"author\" rel=\"author\">Fernanda Correia<\/a>\n\t\t\t\t\t\t\t\t<\/li>\n\t\t\t\t\t\n\t\t\t\t\t\n\t\t\t\t\t\t\t\t\t\t\t\t<\/ul>\n\t\t\t\t\t\t<\/div>\n\t\t\t\t\t\t\t\n\t\t\t\t\t\t\t\t\t\t\t\t<div class=\"entry-content wd-post-desc\">\n\t\t\t\t\t\tPara muita gente ficar sozinho n\u00e3o \u00e9 um problema. Muito pelo contr\u00e1rio, afinal, a solid\u00e3o pode ser uma excelente oportunidade para refl...\t\t\t\t\t<\/div>\n\t\t\t\t\n\t\t\t\t\t\t\t\t\t\t\t\t\t\t<p class=\"read-more-section\">\n\t\t\t\t\t\t<a class=\"btn-read-more more-link\" href=\"https:\/\/eleve-se.com.br\/quais-sao-os-signos-do-zodiaco-que-mais-gostam-da-solidao\/\">Continue lendo<\/a>\t\t\t\t\t<\/p>\n\t\t\t\t\t\t\t\t\t\t\t\t\t<\/div>\n\t<\/div>\n<\/article>\n\n\t\t\t\t\t\t\t\t\t\t\t\n<article id=\"post-19118\" class=\"wd-post blog-design-masonry blog-post-loop blog-style-bg wd-add-shadow wd-col post-19118 post type-post status-publish format-standard has-post-thumbnail hentry category-astros tag-astrologia tag-astrologia-carmica tag-casa-12 tag-nodos-lunares tag-saturno\">\n\t<div class=\"article-inner\">\n\t\t<header class=\"entry-header\">\n\t\t\t\t\t\t\t<figure class=\"entry-thumbnail\">\n\t\t\t\t\t\t\t\t\t\t\t<div class=\"post-img-wrapp\">\n\t\t\t\t\t\t\t<a href=\"https:\/\/eleve-se.com.br\/astrologia-e-vidas-passadas-tres-posicionamentos-revelam-o-que-voce-traz-de-outras-vidas\/\">\n\t\t\t\t\t\t\t\t<img width=\"1280\" height=\"720\" src=\"https:\/\/eleve-se.com.br\/wp-content\/uploads\/2023\/01\/astrologia-e-vidas-passadas-tres-posicionamentos-revelam-o-que-voce-traz-de-outras-vidas.jpg\" class=\"attachment-large size-large\" alt=\"\" decoding=\"async\" loading=\"lazy\" srcset=\"https:\/\/eleve-se.com.br\/wp-content\/uploads\/2023\/01\/astrologia-e-vidas-passadas-tres-posicionamentos-revelam-o-que-voce-traz-de-outras-vidas.jpg 1280w, https:\/\/eleve-se.com.br\/wp-content\/uploads\/2023\/01\/astrologia-e-vidas-passadas-tres-posicionamentos-revelam-o-que-voce-traz-de-outras-vidas-400x225.jpg 400w, https:\/\/eleve-se.com.br\/wp-content\/uploads\/2023\/01\/astrologia-e-vidas-passadas-tres-posicionamentos-revelam-o-que-voce-traz-de-outras-vidas-768x432.jpg 768w, https:\/\/eleve-se.com.br\/wp-content\/uploads\/2023\/01\/astrologia-e-vidas-passadas-tres-posicionamentos-revelam-o-que-voce-traz-de-outras-vidas-860x484.jpg 860w, https:\/\/eleve-se.com.br\/wp-content\/uploads\/2023\/01\/astrologia-e-vidas-passadas-tres-posicionamentos-revelam-o-que-voce-traz-de-outras-vidas-430x242.jpg 430w, https:\/\/eleve-se.com.br\/wp-content\/uploads\/2023\/01\/astrologia-e-vidas-passadas-tres-posicionamentos-revelam-o-que-voce-traz-de-outras-vidas-700x394.jpg 700w, https:\/\/eleve-se.com.br\/wp-content\/uploads\/2023\/01\/astrologia-e-vidas-passadas-tres-posicionamentos-revelam-o-que-voce-traz-de-outras-vidas-150x84.jpg 150w\" sizes=\"auto, (max-width: 1280px) 100vw, 1280px\" \/>\t\t\t\t\t\t\t<\/a>\n\t\t\t\t\t\t<\/div>\n\t\t\t\t\t\t<div class=\"post-image-mask\">\n\t\t\t\t\t\t\t<span><\/span>\n\t\t\t\t\t\t<\/div>\n\t\t\t\t\t\t\t\t\t<\/figure>\n\t\t\t\n\t\t\t\t\t\t<div class=\"wd-post-date wd-style-with-bg\">\n\t\t\t\t<span class=\"post-date-day\">\n\t\t\t\t\t20\t\t\t\t<\/span>\n\t\t\t\t<span class=\"post-date-month\">\n\t\t\t\t\tjan\t\t\t\t<\/span>\n\t\t\t<\/div>\n\t\t\t\t<\/header>\n\n\t\t<div class=\"article-body-container\">\n\t\t\t\t\t\t\t<div class=\"meta-categories-wrapp\">\n\t\t\t\t\t<div class=\"meta-post-categories wd-post-cat wd-style-with-bg\">\n\t\t\t\t\t\t<a href=\"https:\/\/eleve-se.com.br\/categoria\/astros\/\" rel=\"category tag\">Astros<\/a>\t\t\t\t\t<\/div>\n\t\t\t\t<\/div>\n\t\t\t\n\t\t\t\t\t\t\t<h3 class=\"wd-entities-title title post-title\">\n\t\t\t\t\t<a href=\"https:\/\/eleve-se.com.br\/astrologia-e-vidas-passadas-tres-posicionamentos-revelam-o-que-voce-traz-de-outras-vidas\/\" rel=\"bookmark\">Astrologia e vidas passadas: tr\u00eas posicionamentos revelam o que voc\u00ea traz de outras vidas<\/a>\n\t\t\t\t<\/h3>\n\t\t\t\n\t\t\t\t\t\t\t<div class=\"entry-meta wd-entry-meta\">\n\t\t\t\t\t\t\t\t<ul class=\"entry-meta-list\">\n\t\t\t\t\t\t\t\t\t<li class=\"modified-date\">\n\t\t\t\t\t\t\t\t<time class=\"updated\" datetime=\"2023-06-01T09:52:30-03:00\">\n\t\t\t01\/06\/2023\t\t<\/time>\n\t\t\t\t\t\t\t<\/li>\n\n\t\t\t\t\t\n\t\t\t\t\t\t\t\t\t\t\t<li class=\"meta-author\">\n\t\t\t\t\t\t\t\t\t\t\t\t<span>Por<\/span>\n\t\t\n\t\t\t\t\t<img src=\"https:\/\/eleve-se.com.br\/wp-content\/uploads\/2022\/02\/FB_IMG_1630104384348-50x50.jpg\" width=\"32\" height=\"32\" srcset=\"https:\/\/eleve-se.com.br\/wp-content\/uploads\/2022\/02\/FB_IMG_1630104384348-75x75.jpg 2x\" alt=\"Fernanda Correia\" class=\"avatar avatar-32 wp-user-avatar wp-user-avatar-32 alignnone photo\" \/>\t\t\n\t\t<a href=\"https:\/\/eleve-se.com.br\/author\/fernanda-correia\/\" class=\"author\" rel=\"author\">Fernanda Correia<\/a>\n\t\t\t\t\t\t\t\t<\/li>\n\t\t\t\t\t\n\t\t\t\t\t\n\t\t\t\t\t\t\t\t\t\t\t\t<\/ul>\n\t\t\t\t\t\t<\/div>\n\t\t\t\t\t\t\t\n\t\t\t\t\t\t\t\t\t\t\t\t<div class=\"entry-content wd-post-desc\">\n\t\t\t\t\t\tSe voc\u00ea \u00e9 reencarnacionista e acredita na imortalidade do esp\u00edrito, ou seja, se para voc\u00ea n\u00f3s vivemos v\u00e1rias experi\u00eancias em diferentes...\t\t\t\t\t<\/div>\n\t\t\t\t\n\t\t\t\t\t\t\t\t\t\t\t\t\t\t<p class=\"read-more-section\">\n\t\t\t\t\t\t<a class=\"btn-read-more more-link\" href=\"https:\/\/eleve-se.com.br\/astrologia-e-vidas-passadas-tres-posicionamentos-revelam-o-que-voce-traz-de-outras-vidas\/\">Continue lendo<\/a>\t\t\t\t\t<\/p>\n\t\t\t\t\t\t\t\t\t\t\t\t\t<\/div>\n\t<\/div>\n<\/article>\n\n\t\t\t\t\t\t\t\t\t\t\t\n<article id=\"post-19102\" class=\"wd-post blog-design-masonry blog-post-loop blog-style-bg wd-add-shadow wd-col post-19102 post type-post status-publish format-standard has-post-thumbnail hentry category-astros tag-astrologia tag-dia-do-astrologo tag-estrela-de-belem tag-jesus\">\n\t<div class=\"article-inner\">\n\t\t<header class=\"entry-header\">\n\t\t\t\t\t\t\t<figure class=\"entry-thumbnail\">\n\t\t\t\t\t\t\t\t\t\t\t<div class=\"post-img-wrapp\">\n\t\t\t\t\t\t\t<a href=\"https:\/\/eleve-se.com.br\/por-que-comemora-se-o-dia-dos-astrologos-em-6-de-janeiro\/\">\n\t\t\t\t\t\t\t\t<img width=\"1280\" height=\"720\" src=\"https:\/\/eleve-se.com.br\/wp-content\/uploads\/2023\/01\/por-que-comemora-se-o-dia-dos-astrologos-em-6-de-janeiro.jpg\" class=\"attachment-large size-large\" alt=\"\" decoding=\"async\" loading=\"lazy\" srcset=\"https:\/\/eleve-se.com.br\/wp-content\/uploads\/2023\/01\/por-que-comemora-se-o-dia-dos-astrologos-em-6-de-janeiro.jpg 1280w, https:\/\/eleve-se.com.br\/wp-content\/uploads\/2023\/01\/por-que-comemora-se-o-dia-dos-astrologos-em-6-de-janeiro-400x225.jpg 400w, https:\/\/eleve-se.com.br\/wp-content\/uploads\/2023\/01\/por-que-comemora-se-o-dia-dos-astrologos-em-6-de-janeiro-768x432.jpg 768w, https:\/\/eleve-se.com.br\/wp-content\/uploads\/2023\/01\/por-que-comemora-se-o-dia-dos-astrologos-em-6-de-janeiro-860x484.jpg 860w, https:\/\/eleve-se.com.br\/wp-content\/uploads\/2023\/01\/por-que-comemora-se-o-dia-dos-astrologos-em-6-de-janeiro-430x242.jpg 430w, https:\/\/eleve-se.com.br\/wp-content\/uploads\/2023\/01\/por-que-comemora-se-o-dia-dos-astrologos-em-6-de-janeiro-700x394.jpg 700w, https:\/\/eleve-se.com.br\/wp-content\/uploads\/2023\/01\/por-que-comemora-se-o-dia-dos-astrologos-em-6-de-janeiro-150x84.jpg 150w\" sizes=\"auto, (max-width: 1280px) 100vw, 1280px\" \/>\t\t\t\t\t\t\t<\/a>\n\t\t\t\t\t\t<\/div>\n\t\t\t\t\t\t<div class=\"post-image-mask\">\n\t\t\t\t\t\t\t<span><\/span>\n\t\t\t\t\t\t<\/div>\n\t\t\t\t\t\t\t\t\t<\/figure>\n\t\t\t\n\t\t\t\t\t\t<div class=\"wd-post-date wd-style-with-bg\">\n\t\t\t\t<span class=\"post-date-day\">\n\t\t\t\t\t06\t\t\t\t<\/span>\n\t\t\t\t<span class=\"post-date-month\">\n\t\t\t\t\tjan\t\t\t\t<\/span>\n\t\t\t<\/div>\n\t\t\t\t<\/header>\n\n\t\t<div class=\"article-body-container\">\n\t\t\t\t\t\t\t<div class=\"meta-categories-wrapp\">\n\t\t\t\t\t<div class=\"meta-post-categories wd-post-cat wd-style-with-bg\">\n\t\t\t\t\t\t<a href=\"https:\/\/eleve-se.com.br\/categoria\/astros\/\" rel=\"category tag\">Astros<\/a>\t\t\t\t\t<\/div>\n\t\t\t\t<\/div>\n\t\t\t\n\t\t\t\t\t\t\t<h3 class=\"wd-entities-title title post-title\">\n\t\t\t\t\t<a href=\"https:\/\/eleve-se.com.br\/por-que-comemora-se-o-dia-dos-astrologos-em-6-de-janeiro\/\" rel=\"bookmark\">Por que comemora-se o Dia dos Astr\u00f3logos em 6 de janeiro?<\/a>\n\t\t\t\t<\/h3>\n\t\t\t\n\t\t\t\t\t\t\t<div class=\"entry-meta wd-entry-meta\">\n\t\t\t\t\t\t\t\t<ul class=\"entry-meta-list\">\n\t\t\t\t\t\t\t\t\t<li class=\"modified-date\">\n\t\t\t\t\t\t\t\t<time class=\"updated\" datetime=\"2023-06-01T09:53:23-03:00\">\n\t\t\t01\/06\/2023\t\t<\/time>\n\t\t\t\t\t\t\t<\/li>\n\n\t\t\t\t\t\n\t\t\t\t\t\t\t\t\t\t\t<li class=\"meta-author\">\n\t\t\t\t\t\t\t\t\t\t\t\t<span>Por<\/span>\n\t\t\n\t\t\t\t\t<img src=\"https:\/\/eleve-se.com.br\/wp-content\/uploads\/2022\/02\/FB_IMG_1630104384348-50x50.jpg\" width=\"32\" height=\"32\" srcset=\"https:\/\/eleve-se.com.br\/wp-content\/uploads\/2022\/02\/FB_IMG_1630104384348-75x75.jpg 2x\" alt=\"Fernanda Correia\" class=\"avatar avatar-32 wp-user-avatar wp-user-avatar-32 alignnone photo\" \/>\t\t\n\t\t<a href=\"https:\/\/eleve-se.com.br\/author\/fernanda-correia\/\" class=\"author\" rel=\"author\">Fernanda Correia<\/a>\n\t\t\t\t\t\t\t\t<\/li>\n\t\t\t\t\t\n\t\t\t\t\t\n\t\t\t\t\t\t\t\t\t\t\t\t<\/ul>\n\t\t\t\t\t\t<\/div>\n\t\t\t\t\t\t\t\n\t\t\t\t\t\t\t\t\t\t\t\t<div class=\"entry-content wd-post-desc\">\n\t\t\t\t\t\tDia 6 de janeiro, \u00e9 dia de Reis e tamb\u00e9m \u00e9 o dia dos Astr\u00f3logos. E eu quero contar pra voc\u00ea de onde vem essa hist\u00f3ria e por que dessa d...\t\t\t\t\t<\/div>\n\t\t\t\t\n\t\t\t\t\t\t\t\t\t\t\t\t\t\t<p class=\"read-more-section\">\n\t\t\t\t\t\t<a class=\"btn-read-more more-link\" href=\"https:\/\/eleve-se.com.br\/por-que-comemora-se-o-dia-dos-astrologos-em-6-de-janeiro\/\">Continue lendo<\/a>\t\t\t\t\t<\/p>\n\t\t\t\t\t\t\t\t\t\t\t\t\t<\/div>\n\t<\/div>\n<\/article>\n\n\t\t\t\t\t\t\t\t\t\t\t\n<article id=\"post-18428\" class=\"wd-post blog-design-masonry blog-post-loop blog-style-bg wd-add-shadow wd-col post-18428 post type-post status-publish format-standard has-post-thumbnail hentry category-astros tag-astrologia tag-politica\">\n\t<div class=\"article-inner\">\n\t\t<header class=\"entry-header\">\n\t\t\t\t\t\t\t<figure class=\"entry-thumbnail\">\n\t\t\t\t\t\t\t\t\t\t\t<div class=\"post-img-wrapp\">\n\t\t\t\t\t\t\t<a href=\"https:\/\/eleve-se.com.br\/como-os-signos-se-comportam-quando-o-assunto-e-politica\/\">\n\t\t\t\t\t\t\t\t<img width=\"1024\" height=\"576\" src=\"https:\/\/eleve-se.com.br\/wp-content\/uploads\/2022\/08\/como-os-signos-se-comportam-quando-o-assunto-e-politica-compressed-1024x576.jpg\" class=\"attachment-large size-large\" alt=\"\" decoding=\"async\" loading=\"lazy\" srcset=\"https:\/\/eleve-se.com.br\/wp-content\/uploads\/2022\/08\/como-os-signos-se-comportam-quando-o-assunto-e-politica-compressed-1024x576.jpg 1024w, https:\/\/eleve-se.com.br\/wp-content\/uploads\/2022\/08\/como-os-signos-se-comportam-quando-o-assunto-e-politica-compressed-300x169.jpg 300w, https:\/\/eleve-se.com.br\/wp-content\/uploads\/2022\/08\/como-os-signos-se-comportam-quando-o-assunto-e-politica-compressed-768x432.jpg 768w, https:\/\/eleve-se.com.br\/wp-content\/uploads\/2022\/08\/como-os-signos-se-comportam-quando-o-assunto-e-politica-compressed-260x146.jpg 260w, https:\/\/eleve-se.com.br\/wp-content\/uploads\/2022\/08\/como-os-signos-se-comportam-quando-o-assunto-e-politica-compressed-50x28.jpg 50w, https:\/\/eleve-se.com.br\/wp-content\/uploads\/2022\/08\/como-os-signos-se-comportam-quando-o-assunto-e-politica-compressed-133x75.jpg 133w, https:\/\/eleve-se.com.br\/wp-content\/uploads\/2022\/08\/como-os-signos-se-comportam-quando-o-assunto-e-politica-compressed.jpg 1280w, https:\/\/eleve-se.com.br\/wp-content\/uploads\/2022\/08\/como-os-signos-se-comportam-quando-o-assunto-e-politica-compressed-800x450.jpg 800w\" sizes=\"auto, (max-width: 1024px) 100vw, 1024px\" \/>\t\t\t\t\t\t\t<\/a>\n\t\t\t\t\t\t<\/div>\n\t\t\t\t\t\t<div class=\"post-image-mask\">\n\t\t\t\t\t\t\t<span><\/span>\n\t\t\t\t\t\t<\/div>\n\t\t\t\t\t\t\t\t\t<\/figure>\n\t\t\t\n\t\t\t\t\t\t<div class=\"wd-post-date wd-style-with-bg\">\n\t\t\t\t<span class=\"post-date-day\">\n\t\t\t\t\t10\t\t\t\t<\/span>\n\t\t\t\t<span class=\"post-date-month\">\n\t\t\t\t\tago\t\t\t\t<\/span>\n\t\t\t<\/div>\n\t\t\t\t<\/header>\n\n\t\t<div class=\"article-body-container\">\n\t\t\t\t\t\t\t<div class=\"meta-categories-wrapp\">\n\t\t\t\t\t<div class=\"meta-post-categories wd-post-cat wd-style-with-bg\">\n\t\t\t\t\t\t<a href=\"https:\/\/eleve-se.com.br\/categoria\/astros\/\" rel=\"category tag\">Astros<\/a>\t\t\t\t\t<\/div>\n\t\t\t\t<\/div>\n\t\t\t\n\t\t\t\t\t\t\t<h3 class=\"wd-entities-title title post-title\">\n\t\t\t\t\t<a href=\"https:\/\/eleve-se.com.br\/como-os-signos-se-comportam-quando-o-assunto-e-politica\/\" rel=\"bookmark\">Como os signos se comportam quando o assunto \u00e9 pol\u00edtica?<\/a>\n\t\t\t\t<\/h3>\n\t\t\t\n\t\t\t\t\t\t\t<div class=\"entry-meta wd-entry-meta\">\n\t\t\t\t\t\t\t\t<ul class=\"entry-meta-list\">\n\t\t\t\t\t\t\t\t\t<li class=\"modified-date\">\n\t\t\t\t\t\t\t\t<time class=\"updated\" datetime=\"2023-06-01T10:03:38-03:00\">\n\t\t\t01\/06\/2023\t\t<\/time>\n\t\t\t\t\t\t\t<\/li>\n\n\t\t\t\t\t\n\t\t\t\t\t\t\t\t\t\t\t<li class=\"meta-author\">\n\t\t\t\t\t\t\t\t\t\t\t\t<span>Por<\/span>\n\t\t\n\t\t\t\t\t<img src=\"https:\/\/eleve-se.com.br\/wp-content\/uploads\/2022\/06\/logo_elevese-50x50.png\" width=\"32\" height=\"32\" srcset=\"https:\/\/eleve-se.com.br\/wp-content\/uploads\/2022\/06\/logo_elevese-75x75.png 2x\" alt=\"Equipe Eleve-se\" class=\"avatar avatar-32 wp-user-avatar wp-user-avatar-32 alignnone photo\" \/>\t\t\n\t\t<a href=\"https:\/\/eleve-se.com.br\/author\/equipe\/\" class=\"author\" rel=\"author\">Equipe Eleve-se<\/a>\n\t\t\t\t\t\t\t\t<\/li>\n\t\t\t\t\t\n\t\t\t\t\t\n\t\t\t\t\t\t\t\t\t\t\t\t<\/ul>\n\t\t\t\t\t\t<\/div>\n\t\t\t\t\t\t\t\n\t\t\t\t\t\t\t\t\t\t\t\t<div class=\"entry-content wd-post-desc\">\n\t\t\t\t\t\tCom as elei\u00e7\u00f5es presidenciais chegando, o clima nas redes sociais come\u00e7a a se voltar para o tema, e cada vez mais coment\u00e1rios, discuss\u00f5...\t\t\t\t\t<\/div>\n\t\t\t\t\n\t\t\t\t\t\t\t\t\t\t\t\t\t\t<p class=\"read-more-section\">\n\t\t\t\t\t\t<a class=\"btn-read-more more-link\" href=\"https:\/\/eleve-se.com.br\/como-os-signos-se-comportam-quando-o-assunto-e-politica\/\">Continue lendo<\/a>\t\t\t\t\t<\/p>\n\t\t\t\t\t\t\t\t\t\t\t\t\t<\/div>\n\t<\/div>\n<\/article>\n\n\t\t\t\t\t\t\t\t\t\t\t\n<article id=\"post-18334\" class=\"wd-post blog-design-masonry blog-post-loop blog-style-bg wd-add-shadow wd-col post-18334 post type-post status-publish format-standard has-post-thumbnail hentry category-astros tag-astrologia tag-previsoes\">\n\t<div class=\"article-inner\">\n\t\t<header class=\"entry-header\">\n\t\t\t\t\t\t\t<figure class=\"entry-thumbnail\">\n\t\t\t\t\t\t\t\t\t\t\t<div class=\"post-img-wrapp\">\n\t\t\t\t\t\t\t<a href=\"https:\/\/eleve-se.com.br\/confira-as-previsoes-astrologicas-para-o-mes-de-agosto\/\">\n\t\t\t\t\t\t\t\t<img width=\"1024\" height=\"576\" src=\"https:\/\/eleve-se.com.br\/wp-content\/uploads\/2022\/07\/confira-as-previsoes-astrologicas-para-o-mes-de-agosto-compressed-1024x576.jpg\" class=\"attachment-large size-large\" alt=\"\" decoding=\"async\" loading=\"lazy\" srcset=\"https:\/\/eleve-se.com.br\/wp-content\/uploads\/2022\/07\/confira-as-previsoes-astrologicas-para-o-mes-de-agosto-compressed-1024x576.jpg 1024w, https:\/\/eleve-se.com.br\/wp-content\/uploads\/2022\/07\/confira-as-previsoes-astrologicas-para-o-mes-de-agosto-compressed-300x169.jpg 300w, https:\/\/eleve-se.com.br\/wp-content\/uploads\/2022\/07\/confira-as-previsoes-astrologicas-para-o-mes-de-agosto-compressed-768x432.jpg 768w, https:\/\/eleve-se.com.br\/wp-content\/uploads\/2022\/07\/confira-as-previsoes-astrologicas-para-o-mes-de-agosto-compressed-260x146.jpg 260w, https:\/\/eleve-se.com.br\/wp-content\/uploads\/2022\/07\/confira-as-previsoes-astrologicas-para-o-mes-de-agosto-compressed-50x28.jpg 50w, https:\/\/eleve-se.com.br\/wp-content\/uploads\/2022\/07\/confira-as-previsoes-astrologicas-para-o-mes-de-agosto-compressed-133x75.jpg 133w, https:\/\/eleve-se.com.br\/wp-content\/uploads\/2022\/07\/confira-as-previsoes-astrologicas-para-o-mes-de-agosto-compressed.jpg 1280w, https:\/\/eleve-se.com.br\/wp-content\/uploads\/2022\/07\/confira-as-previsoes-astrologicas-para-o-mes-de-agosto-compressed-800x450.jpg 800w\" sizes=\"auto, (max-width: 1024px) 100vw, 1024px\" \/>\t\t\t\t\t\t\t<\/a>\n\t\t\t\t\t\t<\/div>\n\t\t\t\t\t\t<div class=\"post-image-mask\">\n\t\t\t\t\t\t\t<span><\/span>\n\t\t\t\t\t\t<\/div>\n\t\t\t\t\t\t\t\t\t<\/figure>\n\t\t\t\n\t\t\t\t\t\t<div class=\"wd-post-date wd-style-with-bg\">\n\t\t\t\t<span class=\"post-date-day\">\n\t\t\t\t\t29\t\t\t\t<\/span>\n\t\t\t\t<span class=\"post-date-month\">\n\t\t\t\t\tjul\t\t\t\t<\/span>\n\t\t\t<\/div>\n\t\t\t\t<\/header>\n\n\t\t<div class=\"article-body-container\">\n\t\t\t\t\t\t\t<div class=\"meta-categories-wrapp\">\n\t\t\t\t\t<div class=\"meta-post-categories wd-post-cat wd-style-with-bg\">\n\t\t\t\t\t\t<a href=\"https:\/\/eleve-se.com.br\/categoria\/astros\/\" rel=\"category tag\">Astros<\/a>\t\t\t\t\t<\/div>\n\t\t\t\t<\/div>\n\t\t\t\n\t\t\t\t\t\t\t<h3 class=\"wd-entities-title title post-title\">\n\t\t\t\t\t<a href=\"https:\/\/eleve-se.com.br\/confira-as-previsoes-astrologicas-para-o-mes-de-agosto\/\" rel=\"bookmark\">Confira as previs\u00f5es astrol\u00f3gicas para o m\u00eas de agosto<\/a>\n\t\t\t\t<\/h3>\n\t\t\t\n\t\t\t\t\t\t\t<div class=\"entry-meta wd-entry-meta\">\n\t\t\t\t\t\t\t\t<ul class=\"entry-meta-list\">\n\t\t\t\t\t\t\t\t\t<li class=\"modified-date\">\n\t\t\t\t\t\t\t\t<time class=\"updated\" datetime=\"2023-06-01T10:04:01-03:00\">\n\t\t\t01\/06\/2023\t\t<\/time>\n\t\t\t\t\t\t\t<\/li>\n\n\t\t\t\t\t\n\t\t\t\t\t\t\t\t\t\t\t<li class=\"meta-author\">\n\t\t\t\t\t\t\t\t\t\t\t\t<span>Por<\/span>\n\t\t\n\t\t\t\t\t<img src=\"https:\/\/eleve-se.com.br\/wp-content\/uploads\/2022\/06\/logo_elevese-50x50.png\" width=\"32\" height=\"32\" srcset=\"https:\/\/eleve-se.com.br\/wp-content\/uploads\/2022\/06\/logo_elevese-75x75.png 2x\" alt=\"Equipe Eleve-se\" class=\"avatar avatar-32 wp-user-avatar wp-user-avatar-32 alignnone photo\" \/>\t\t\n\t\t<a href=\"https:\/\/eleve-se.com.br\/author\/equipe\/\" class=\"author\" rel=\"author\">Equipe Eleve-se<\/a>\n\t\t\t\t\t\t\t\t<\/li>\n\t\t\t\t\t\n\t\t\t\t\t\n\t\t\t\t\t\t\t\t\t\t\t\t<\/ul>\n\t\t\t\t\t\t<\/div>\n\t\t\t\t\t\t\t\n\t\t\t\t\t\t\t\t\t\t\t\t<div class=\"entry-content wd-post-desc\">\n\t\t\t\t\t\tPodemos esperar muitas emo\u00e7\u00f5es nos dois primeiros dias de agosto. Marte, Urano e o Nodo lunar formam uma conjun\u00e7\u00e3o em Touro durante os ...\t\t\t\t\t<\/div>\n\t\t\t\t\n\t\t\t\t\t\t\t\t\t\t\t\t\t\t<p class=\"read-more-section\">\n\t\t\t\t\t\t<a class=\"btn-read-more more-link\" href=\"https:\/\/eleve-se.com.br\/confira-as-previsoes-astrologicas-para-o-mes-de-agosto\/\">Continue lendo<\/a>\t\t\t\t\t<\/p>\n\t\t\t\t\t\t\t\t\t\t\t\t\t<\/div>\n\t<\/div>\n<\/article>\n\n\t\t\t\t\t\n\t\t\t\t\t","status":"have-posts","nextPage":"https:\/\/eleve-se.com.br\/palavras-chaves\/astrologia\/page\/3\/?woo_ajax=1","currentPage":"https:\/\/eleve-se.com.br\/palavras-chaves\/astrologia\/page\/2"}