
			
				

					
				

			
		{"items":"\n\t\t\t\t\t\t\t\t\t\t\t\n<article id=\"post-14609\" class=\"wd-post blog-design-masonry blog-post-loop blog-style-bg wd-add-shadow wd-col post-14609 post type-post status-publish format-standard has-post-thumbnail hentry category-astros tag-astrologia tag-lua-cheia tag-signos\">\n\t<div class=\"article-inner\">\n\t\t<header class=\"entry-header\">\n\t\t\t\t\t\t\t<figure class=\"entry-thumbnail\">\n\t\t\t\t\t\t\t\t\t\t\t<div class=\"post-img-wrapp\">\n\t\t\t\t\t\t\t<a href=\"https:\/\/eleve-se.com.br\/veja-o-que-a-lua-cheia-em-aquario-revela-para-o-seu-signo\/\">\n\t\t\t\t\t\t\t\t<img width=\"1024\" height=\"576\" src=\"https:\/\/eleve-se.com.br\/wp-content\/uploads\/2020\/08\/veja-o-que-a-lua-cheia-em-aquario-revela-para-o-seu-signo-1024x576.jpg\" class=\"attachment-large size-large\" alt=\"\" decoding=\"async\" fetchpriority=\"high\" srcset=\"https:\/\/eleve-se.com.br\/wp-content\/uploads\/2020\/08\/veja-o-que-a-lua-cheia-em-aquario-revela-para-o-seu-signo-1024x576.jpg 1024w, https:\/\/eleve-se.com.br\/wp-content\/uploads\/2020\/08\/veja-o-que-a-lua-cheia-em-aquario-revela-para-o-seu-signo-430x242.jpg 430w, https:\/\/eleve-se.com.br\/wp-content\/uploads\/2020\/08\/veja-o-que-a-lua-cheia-em-aquario-revela-para-o-seu-signo-150x84.jpg 150w, https:\/\/eleve-se.com.br\/wp-content\/uploads\/2020\/08\/veja-o-que-a-lua-cheia-em-aquario-revela-para-o-seu-signo-700x394.jpg 700w, https:\/\/eleve-se.com.br\/wp-content\/uploads\/2020\/08\/veja-o-que-a-lua-cheia-em-aquario-revela-para-o-seu-signo-300x169.jpg 300w, https:\/\/eleve-se.com.br\/wp-content\/uploads\/2020\/08\/veja-o-que-a-lua-cheia-em-aquario-revela-para-o-seu-signo-768x432.jpg 768w, https:\/\/eleve-se.com.br\/wp-content\/uploads\/2020\/08\/veja-o-que-a-lua-cheia-em-aquario-revela-para-o-seu-signo-260x146.jpg 260w, https:\/\/eleve-se.com.br\/wp-content\/uploads\/2020\/08\/veja-o-que-a-lua-cheia-em-aquario-revela-para-o-seu-signo-50x28.jpg 50w, https:\/\/eleve-se.com.br\/wp-content\/uploads\/2020\/08\/veja-o-que-a-lua-cheia-em-aquario-revela-para-o-seu-signo-133x75.jpg 133w, https:\/\/eleve-se.com.br\/wp-content\/uploads\/2020\/08\/veja-o-que-a-lua-cheia-em-aquario-revela-para-o-seu-signo.jpg 1280w\" sizes=\"(max-width: 1024px) 100vw, 1024px\" \/>\t\t\t\t\t\t\t<\/a>\n\t\t\t\t\t\t<\/div>\n\t\t\t\t\t\t<div class=\"post-image-mask\">\n\t\t\t\t\t\t\t<span><\/span>\n\t\t\t\t\t\t<\/div>\n\t\t\t\t\t\t\t\t\t<\/figure>\n\t\t\t\n\t\t\t\t\t\t<div class=\"wd-post-date wd-style-with-bg\">\n\t\t\t\t<span class=\"post-date-day\">\n\t\t\t\t\t03\t\t\t\t<\/span>\n\t\t\t\t<span class=\"post-date-month\">\n\t\t\t\t\tago\t\t\t\t<\/span>\n\t\t\t<\/div>\n\t\t\t\t<\/header>\n\n\t\t<div class=\"article-body-container\">\n\t\t\t\t\t\t\t<div class=\"meta-categories-wrapp\">\n\t\t\t\t\t<div class=\"meta-post-categories wd-post-cat wd-style-with-bg\">\n\t\t\t\t\t\t<a href=\"https:\/\/eleve-se.com.br\/categoria\/astros\/\" rel=\"category tag\">Astros<\/a>\t\t\t\t\t<\/div>\n\t\t\t\t<\/div>\n\t\t\t\n\t\t\t\t\t\t\t<h3 class=\"wd-entities-title title post-title\">\n\t\t\t\t\t<a href=\"https:\/\/eleve-se.com.br\/veja-o-que-a-lua-cheia-em-aquario-revela-para-o-seu-signo\/\" rel=\"bookmark\">Veja o que a Lua Cheia em Aqu\u00e1rio revela para o seu signo<\/a>\n\t\t\t\t<\/h3>\n\t\t\t\n\t\t\t\t\t\t\t<div class=\"entry-meta wd-entry-meta\">\n\t\t\t\t\t\t\t\t<ul class=\"entry-meta-list\">\n\t\t\t\t\t\t\t\t\t<li class=\"modified-date\">\n\t\t\t\t\t\t\t\t<time class=\"updated\" datetime=\"2023-06-01T13:57:22-03:00\">\n\t\t\t01\/06\/2023\t\t<\/time>\n\t\t\t\t\t\t\t<\/li>\n\n\t\t\t\t\t\n\t\t\t\t\t\t\t\t\t\t\t<li class=\"meta-author\">\n\t\t\t\t\t\t\t\t\t\t\t\t<span>Por<\/span>\n\t\t\n\t\t\t\t\t<img src=\"https:\/\/eleve-se.com.br\/wp-content\/uploads\/2022\/06\/logo_elevese-50x50.png\" width=\"32\" height=\"32\" srcset=\"https:\/\/eleve-se.com.br\/wp-content\/uploads\/2022\/06\/logo_elevese-75x75.png 2x\" alt=\"Equipe Eleve-se\" class=\"avatar avatar-32 wp-user-avatar wp-user-avatar-32 alignnone photo\" \/>\t\t\n\t\t<a href=\"https:\/\/eleve-se.com.br\/author\/equipe\/\" class=\"author\" rel=\"author\">Equipe Eleve-se<\/a>\n\t\t\t\t\t\t\t\t<\/li>\n\t\t\t\t\t\n\t\t\t\t\t\n\t\t\t\t\t\t\t\t\t\t\t\t<\/ul>\n\t\t\t\t\t\t<\/div>\n\t\t\t\t\t\t\t\n\t\t\t\t\t\t\t\t\t\t\t\t<div class=\"entry-content wd-post-desc\">\n\t\t\t\t\t\tHoje, dia 03 de agosto, a lua chega \u00e0 fase cheia e, al\u00e9m disso, tamb\u00e9m ingressa no signo de aqu\u00e1rio. Entenda como este aspecto pode te ...\t\t\t\t\t<\/div>\n\t\t\t\t\n\t\t\t\t\t\t\t\t\t\t\t\t\t\t<p class=\"read-more-section\">\n\t\t\t\t\t\t<a class=\"btn-read-more more-link\" href=\"https:\/\/eleve-se.com.br\/veja-o-que-a-lua-cheia-em-aquario-revela-para-o-seu-signo\/\">Continue lendo<\/a>\t\t\t\t\t<\/p>\n\t\t\t\t\t\t\t\t\t\t\t\t\t<\/div>\n\t<\/div>\n<\/article>\n\n\t\t\t\t\t\t\t\t\t\t\t\n<article id=\"post-13661\" class=\"wd-post blog-design-masonry blog-post-loop blog-style-bg wd-add-shadow wd-col post-13661 post type-post status-publish format-standard has-post-thumbnail hentry category-astros tag-astrologia tag-autoconhecimento tag-cursos tag-signos\">\n\t<div class=\"article-inner\">\n\t\t<header class=\"entry-header\">\n\t\t\t\t\t\t\t<figure class=\"entry-thumbnail\">\n\t\t\t\t\t\t\t\t\t\t\t<div class=\"post-img-wrapp\">\n\t\t\t\t\t\t\t<a href=\"https:\/\/eleve-se.com.br\/3-motivos-para-voce-aprender-astrologia-em-2022\/\">\n\t\t\t\t\t\t\t\t<img width=\"1024\" height=\"576\" src=\"https:\/\/eleve-se.com.br\/wp-content\/uploads\/2020\/01\/3-motivos-para-voce-aprender-astrologia-em-2022-1024x576.png\" class=\"attachment-large size-large\" alt=\"\" decoding=\"async\" srcset=\"https:\/\/eleve-se.com.br\/wp-content\/uploads\/2020\/01\/3-motivos-para-voce-aprender-astrologia-em-2022-1024x576.png 1024w, https:\/\/eleve-se.com.br\/wp-content\/uploads\/2020\/01\/3-motivos-para-voce-aprender-astrologia-em-2022-150x84.png 150w, https:\/\/eleve-se.com.br\/wp-content\/uploads\/2020\/01\/3-motivos-para-voce-aprender-astrologia-em-2022-800x450.png 800w, https:\/\/eleve-se.com.br\/wp-content\/uploads\/2020\/01\/3-motivos-para-voce-aprender-astrologia-em-2022-300x169.png 300w, https:\/\/eleve-se.com.br\/wp-content\/uploads\/2020\/01\/3-motivos-para-voce-aprender-astrologia-em-2022-768x432.png 768w, https:\/\/eleve-se.com.br\/wp-content\/uploads\/2020\/01\/3-motivos-para-voce-aprender-astrologia-em-2022-260x146.png 260w, https:\/\/eleve-se.com.br\/wp-content\/uploads\/2020\/01\/3-motivos-para-voce-aprender-astrologia-em-2022-50x28.png 50w, https:\/\/eleve-se.com.br\/wp-content\/uploads\/2020\/01\/3-motivos-para-voce-aprender-astrologia-em-2022-133x75.png 133w, https:\/\/eleve-se.com.br\/wp-content\/uploads\/2020\/01\/3-motivos-para-voce-aprender-astrologia-em-2022.png 1280w\" sizes=\"(max-width: 1024px) 100vw, 1024px\" \/>\t\t\t\t\t\t\t<\/a>\n\t\t\t\t\t\t<\/div>\n\t\t\t\t\t\t<div class=\"post-image-mask\">\n\t\t\t\t\t\t\t<span><\/span>\n\t\t\t\t\t\t<\/div>\n\t\t\t\t\t\t\t\t\t<\/figure>\n\t\t\t\n\t\t\t\t\t\t<div class=\"wd-post-date wd-style-with-bg\">\n\t\t\t\t<span class=\"post-date-day\">\n\t\t\t\t\t16\t\t\t\t<\/span>\n\t\t\t\t<span class=\"post-date-month\">\n\t\t\t\t\tjan\t\t\t\t<\/span>\n\t\t\t<\/div>\n\t\t\t\t<\/header>\n\n\t\t<div class=\"article-body-container\">\n\t\t\t\t\t\t\t<div class=\"meta-categories-wrapp\">\n\t\t\t\t\t<div class=\"meta-post-categories wd-post-cat wd-style-with-bg\">\n\t\t\t\t\t\t<a href=\"https:\/\/eleve-se.com.br\/categoria\/astros\/\" rel=\"category tag\">Astros<\/a>\t\t\t\t\t<\/div>\n\t\t\t\t<\/div>\n\t\t\t\n\t\t\t\t\t\t\t<h3 class=\"wd-entities-title title post-title\">\n\t\t\t\t\t<a href=\"https:\/\/eleve-se.com.br\/3-motivos-para-voce-aprender-astrologia-em-2022\/\" rel=\"bookmark\">3 motivos para voc\u00ea aprender astrologia este ano<\/a>\n\t\t\t\t<\/h3>\n\t\t\t\n\t\t\t\t\t\t\t<div class=\"entry-meta wd-entry-meta\">\n\t\t\t\t\t\t\t\t<ul class=\"entry-meta-list\">\n\t\t\t\t\t\t\t\t\t<li class=\"modified-date\">\n\t\t\t\t\t\t\t\t<time class=\"updated\" datetime=\"2025-01-07T17:46:51-03:00\">\n\t\t\t07\/01\/2025\t\t<\/time>\n\t\t\t\t\t\t\t<\/li>\n\n\t\t\t\t\t\n\t\t\t\t\t\t\t\t\t\t\t<li class=\"meta-author\">\n\t\t\t\t\t\t\t\t\t\t\t\t<span>Por<\/span>\n\t\t\n\t\t\t\t\t<img src=\"https:\/\/eleve-se.com.br\/wp-content\/uploads\/2022\/06\/logo_elevese-50x50.png\" width=\"32\" height=\"32\" srcset=\"https:\/\/eleve-se.com.br\/wp-content\/uploads\/2022\/06\/logo_elevese-75x75.png 2x\" alt=\"Equipe Eleve-se\" class=\"avatar avatar-32 wp-user-avatar wp-user-avatar-32 alignnone photo\" \/>\t\t\n\t\t<a href=\"https:\/\/eleve-se.com.br\/author\/equipe\/\" class=\"author\" rel=\"author\">Equipe Eleve-se<\/a>\n\t\t\t\t\t\t\t\t<\/li>\n\t\t\t\t\t\n\t\t\t\t\t\n\t\t\t\t\t\t\t\t\t\t\t\t<\/ul>\n\t\t\t\t\t\t<\/div>\n\t\t\t\t\t\t\t\n\t\t\t\t\t\t\t\t\t\t\t\t<div class=\"entry-content wd-post-desc\">\n\t\t\t\t\t\tA astrologia \u00e9 uma t\u00e9cnica usada desde os tempos mais remotos para compreender os nossos potenciais e desafios, para que consigamos mud...\t\t\t\t\t<\/div>\n\t\t\t\t\n\t\t\t\t\t\t\t\t\t\t\t\t\t\t<p class=\"read-more-section\">\n\t\t\t\t\t\t<a class=\"btn-read-more more-link\" href=\"https:\/\/eleve-se.com.br\/3-motivos-para-voce-aprender-astrologia-em-2022\/\">Continue lendo<\/a>\t\t\t\t\t<\/p>\n\t\t\t\t\t\t\t\t\t\t\t\t\t<\/div>\n\t<\/div>\n<\/article>\n\n\t\t\t\t\t\t\t\t\t\t\t\n<article id=\"post-13094\" class=\"wd-post blog-design-masonry blog-post-loop blog-style-bg wd-add-shadow wd-col post-13094 post type-post status-publish format-standard has-post-thumbnail hentry category-astros tag-aqurio tag-astrologia tag-elemento-ar tag-gmeos tag-libra tag-signos\">\n\t<div class=\"article-inner\">\n\t\t<header class=\"entry-header\">\n\t\t\t\t\t\t\t<figure class=\"entry-thumbnail\">\n\t\t\t\t\t\t\t\t\t\t\t<div class=\"post-img-wrapp\">\n\t\t\t\t\t\t\t<a href=\"https:\/\/eleve-se.com.br\/elemento-ar-na-astrologia\/\">\n\t\t\t\t\t\t\t\t<img width=\"1024\" height=\"576\" src=\"https:\/\/eleve-se.com.br\/wp-content\/uploads\/2019\/08\/elemento-ar-na-astrologia-1024x576.png\" class=\"attachment-large size-large\" alt=\"\" decoding=\"async\" loading=\"lazy\" srcset=\"https:\/\/eleve-se.com.br\/wp-content\/uploads\/2019\/08\/elemento-ar-na-astrologia-1024x576.png 1024w, https:\/\/eleve-se.com.br\/wp-content\/uploads\/2019\/08\/elemento-ar-na-astrologia-800x450.png 800w, https:\/\/eleve-se.com.br\/wp-content\/uploads\/2019\/08\/elemento-ar-na-astrologia-300x169.png 300w, https:\/\/eleve-se.com.br\/wp-content\/uploads\/2019\/08\/elemento-ar-na-astrologia-768x432.png 768w, https:\/\/eleve-se.com.br\/wp-content\/uploads\/2019\/08\/elemento-ar-na-astrologia-260x146.png 260w, https:\/\/eleve-se.com.br\/wp-content\/uploads\/2019\/08\/elemento-ar-na-astrologia-50x28.png 50w, https:\/\/eleve-se.com.br\/wp-content\/uploads\/2019\/08\/elemento-ar-na-astrologia-133x75.png 133w, https:\/\/eleve-se.com.br\/wp-content\/uploads\/2019\/08\/elemento-ar-na-astrologia.png 1280w\" sizes=\"auto, (max-width: 1024px) 100vw, 1024px\" \/>\t\t\t\t\t\t\t<\/a>\n\t\t\t\t\t\t<\/div>\n\t\t\t\t\t\t<div class=\"post-image-mask\">\n\t\t\t\t\t\t\t<span><\/span>\n\t\t\t\t\t\t<\/div>\n\t\t\t\t\t\t\t\t\t<\/figure>\n\t\t\t\n\t\t\t\t\t\t<div class=\"wd-post-date wd-style-with-bg\">\n\t\t\t\t<span class=\"post-date-day\">\n\t\t\t\t\t15\t\t\t\t<\/span>\n\t\t\t\t<span class=\"post-date-month\">\n\t\t\t\t\tago\t\t\t\t<\/span>\n\t\t\t<\/div>\n\t\t\t\t<\/header>\n\n\t\t<div class=\"article-body-container\">\n\t\t\t\t\t\t\t<div class=\"meta-categories-wrapp\">\n\t\t\t\t\t<div class=\"meta-post-categories wd-post-cat wd-style-with-bg\">\n\t\t\t\t\t\t<a href=\"https:\/\/eleve-se.com.br\/categoria\/astros\/\" rel=\"category tag\">Astros<\/a>\t\t\t\t\t<\/div>\n\t\t\t\t<\/div>\n\t\t\t\n\t\t\t\t\t\t\t<h3 class=\"wd-entities-title title post-title\">\n\t\t\t\t\t<a href=\"https:\/\/eleve-se.com.br\/elemento-ar-na-astrologia\/\" rel=\"bookmark\">Elemento ar na astrologia<\/a>\n\t\t\t\t<\/h3>\n\t\t\t\n\t\t\t\t\t\t\t<div class=\"entry-meta wd-entry-meta\">\n\t\t\t\t\t\t\t\t<ul class=\"entry-meta-list\">\n\t\t\t\t\t\t\t\t\t<li class=\"modified-date\">\n\t\t\t\t\t\t\t\t<time class=\"updated\" datetime=\"2022-02-10T17:44:03-03:00\">\n\t\t\t10\/02\/2022\t\t<\/time>\n\t\t\t\t\t\t\t<\/li>\n\n\t\t\t\t\t\n\t\t\t\t\t\t\t\t\t\t\t<li class=\"meta-author\">\n\t\t\t\t\t\t\t\t\t\t\t\t<span>Por<\/span>\n\t\t\n\t\t\t\t\t<img src=\"https:\/\/eleve-se.com.br\/wp-content\/uploads\/2022\/06\/logo_elevese-50x50.png\" width=\"32\" height=\"32\" srcset=\"https:\/\/eleve-se.com.br\/wp-content\/uploads\/2022\/06\/logo_elevese-75x75.png 2x\" alt=\"Equipe Eleve-se\" class=\"avatar avatar-32 wp-user-avatar wp-user-avatar-32 alignnone photo\" \/>\t\t\n\t\t<a href=\"https:\/\/eleve-se.com.br\/author\/equipe\/\" class=\"author\" rel=\"author\">Equipe Eleve-se<\/a>\n\t\t\t\t\t\t\t\t<\/li>\n\t\t\t\t\t\n\t\t\t\t\t\n\t\t\t\t\t\t\t\t\t\t\t\t<\/ul>\n\t\t\t\t\t\t<\/div>\n\t\t\t\t\t\t\t\n\t\t\t\t\t\t\t\t\t\t\t\t<div class=\"entry-content wd-post-desc\">\n\t\t\t\t\t\tQuando estudamos astrologia percebemos que existe uma forte liga\u00e7\u00e3o entre os signos do zod\u00edaco e os elementos da natureza.\n\n\nAo examina...\t\t\t\t\t<\/div>\n\t\t\t\t\n\t\t\t\t\t\t\t\t\t\t\t\t\t\t<p class=\"read-more-section\">\n\t\t\t\t\t\t<a class=\"btn-read-more more-link\" href=\"https:\/\/eleve-se.com.br\/elemento-ar-na-astrologia\/\">Continue lendo<\/a>\t\t\t\t\t<\/p>\n\t\t\t\t\t\t\t\t\t\t\t\t\t<\/div>\n\t<\/div>\n<\/article>\n\n\t\t\t\t\t\t\t\t\t\t\t\n<article id=\"post-12990\" class=\"wd-post blog-design-masonry blog-post-loop blog-style-bg wd-add-shadow wd-col post-12990 post type-post status-publish format-standard has-post-thumbnail hentry category-astros tag-ascendente tag-casa-01 tag-signos\">\n\t<div class=\"article-inner\">\n\t\t<header class=\"entry-header\">\n\t\t\t\t\t\t\t<figure class=\"entry-thumbnail\">\n\t\t\t\t\t\t\t\t\t\t\t<div class=\"post-img-wrapp\">\n\t\t\t\t\t\t\t<a href=\"https:\/\/eleve-se.com.br\/signos-na-primeira-casa-ascendente\/\">\n\t\t\t\t\t\t\t\t<img width=\"1024\" height=\"576\" src=\"https:\/\/eleve-se.com.br\/wp-content\/uploads\/2019\/07\/signos-na-primeira-casa-ascendente-1024x576.png\" class=\"attachment-large size-large\" alt=\"\" decoding=\"async\" loading=\"lazy\" srcset=\"https:\/\/eleve-se.com.br\/wp-content\/uploads\/2019\/07\/signos-na-primeira-casa-ascendente-1024x576.png 1024w, https:\/\/eleve-se.com.br\/wp-content\/uploads\/2019\/07\/signos-na-primeira-casa-ascendente-800x450.png 800w, https:\/\/eleve-se.com.br\/wp-content\/uploads\/2019\/07\/signos-na-primeira-casa-ascendente-300x169.png 300w, https:\/\/eleve-se.com.br\/wp-content\/uploads\/2019\/07\/signos-na-primeira-casa-ascendente-768x432.png 768w, https:\/\/eleve-se.com.br\/wp-content\/uploads\/2019\/07\/signos-na-primeira-casa-ascendente-260x146.png 260w, https:\/\/eleve-se.com.br\/wp-content\/uploads\/2019\/07\/signos-na-primeira-casa-ascendente-50x28.png 50w, https:\/\/eleve-se.com.br\/wp-content\/uploads\/2019\/07\/signos-na-primeira-casa-ascendente-133x75.png 133w, https:\/\/eleve-se.com.br\/wp-content\/uploads\/2019\/07\/signos-na-primeira-casa-ascendente.png 1280w\" sizes=\"auto, (max-width: 1024px) 100vw, 1024px\" \/>\t\t\t\t\t\t\t<\/a>\n\t\t\t\t\t\t<\/div>\n\t\t\t\t\t\t<div class=\"post-image-mask\">\n\t\t\t\t\t\t\t<span><\/span>\n\t\t\t\t\t\t<\/div>\n\t\t\t\t\t\t\t\t\t<\/figure>\n\t\t\t\n\t\t\t\t\t\t<div class=\"wd-post-date wd-style-with-bg\">\n\t\t\t\t<span class=\"post-date-day\">\n\t\t\t\t\t12\t\t\t\t<\/span>\n\t\t\t\t<span class=\"post-date-month\">\n\t\t\t\t\tjul\t\t\t\t<\/span>\n\t\t\t<\/div>\n\t\t\t\t<\/header>\n\n\t\t<div class=\"article-body-container\">\n\t\t\t\t\t\t\t<div class=\"meta-categories-wrapp\">\n\t\t\t\t\t<div class=\"meta-post-categories wd-post-cat wd-style-with-bg\">\n\t\t\t\t\t\t<a href=\"https:\/\/eleve-se.com.br\/categoria\/astros\/\" rel=\"category tag\">Astros<\/a>\t\t\t\t\t<\/div>\n\t\t\t\t<\/div>\n\t\t\t\n\t\t\t\t\t\t\t<h3 class=\"wd-entities-title title post-title\">\n\t\t\t\t\t<a href=\"https:\/\/eleve-se.com.br\/signos-na-primeira-casa-ascendente\/\" rel=\"bookmark\">Signos na Primeira Casa: o Ascendente<\/a>\n\t\t\t\t<\/h3>\n\t\t\t\n\t\t\t\t\t\t\t<div class=\"entry-meta wd-entry-meta\">\n\t\t\t\t\t\t\t\t<ul class=\"entry-meta-list\">\n\t\t\t\t\t\t\t\t\t<li class=\"modified-date\">\n\t\t\t\t\t\t\t\t<time class=\"updated\" datetime=\"2023-06-01T14:11:55-03:00\">\n\t\t\t01\/06\/2023\t\t<\/time>\n\t\t\t\t\t\t\t<\/li>\n\n\t\t\t\t\t\n\t\t\t\t\t\t\t\t\t\t\t<li class=\"meta-author\">\n\t\t\t\t\t\t\t\t\t\t\t\t<span>Por<\/span>\n\t\t\n\t\t\t\t\t<img src=\"https:\/\/eleve-se.com.br\/wp-content\/uploads\/2022\/06\/logo_elevese-50x50.png\" width=\"32\" height=\"32\" srcset=\"https:\/\/eleve-se.com.br\/wp-content\/uploads\/2022\/06\/logo_elevese-75x75.png 2x\" alt=\"Equipe Eleve-se\" class=\"avatar avatar-32 wp-user-avatar wp-user-avatar-32 alignnone photo\" \/>\t\t\n\t\t<a href=\"https:\/\/eleve-se.com.br\/author\/equipe\/\" class=\"author\" rel=\"author\">Equipe Eleve-se<\/a>\n\t\t\t\t\t\t\t\t<\/li>\n\t\t\t\t\t\n\t\t\t\t\t\n\t\t\t\t\t\t\t\t\t\t\t\t<\/ul>\n\t\t\t\t\t\t<\/div>\n\t\t\t\t\t\t\t\n\t\t\t\t\t\t\t\t\t\t\t\t<div class=\"entry-content wd-post-desc\">\n\t\t\t\t\t\t<p>conhe\u00e7a mais sobre o ascendente no mapa astral.<\/p>\n\t\t\t\t\t<\/div>\n\t\t\t\t\n\t\t\t\t\t\t\t\t\t\t\t\t\t\t<p class=\"read-more-section\">\n\t\t\t\t\t\t<a class=\"btn-read-more more-link\" href=\"https:\/\/eleve-se.com.br\/signos-na-primeira-casa-ascendente\/\">Continue lendo<\/a>\t\t\t\t\t<\/p>\n\t\t\t\t\t\t\t\t\t\t\t\t\t<\/div>\n\t<\/div>\n<\/article>\n\n\t\t\t\t\t\t\t\t\t\t\t\n<article id=\"post-12962\" class=\"wd-post blog-design-masonry blog-post-loop blog-style-bg wd-add-shadow wd-col post-12962 post type-post status-publish format-standard has-post-thumbnail hentry category-astros tag-anos-1990 tag-marte tag-marte-nos-signos tag-signos\">\n\t<div class=\"article-inner\">\n\t\t<header class=\"entry-header\">\n\t\t\t\t\t\t\t<figure class=\"entry-thumbnail\">\n\t\t\t\t\t\t\t\t\t\t\t<div class=\"post-img-wrapp\">\n\t\t\t\t\t\t\t<a href=\"https:\/\/eleve-se.com.br\/marte-nos-signos-de-1990-a-1999\/\">\n\t\t\t\t\t\t\t\t<img width=\"1024\" height=\"576\" src=\"https:\/\/eleve-se.com.br\/wp-content\/uploads\/2019\/06\/marte-nos-signos-de-1970-a-1979-1024x576.jpg\" class=\"attachment-large size-large\" alt=\"\" decoding=\"async\" loading=\"lazy\" srcset=\"https:\/\/eleve-se.com.br\/wp-content\/uploads\/2019\/06\/marte-nos-signos-de-1970-a-1979-1024x576.jpg 1024w, https:\/\/eleve-se.com.br\/wp-content\/uploads\/2019\/06\/marte-nos-signos-de-1970-a-1979-300x169.jpg 300w, https:\/\/eleve-se.com.br\/wp-content\/uploads\/2019\/06\/marte-nos-signos-de-1970-a-1979-768x432.jpg 768w, https:\/\/eleve-se.com.br\/wp-content\/uploads\/2019\/06\/marte-nos-signos-de-1970-a-1979-260x146.jpg 260w, https:\/\/eleve-se.com.br\/wp-content\/uploads\/2019\/06\/marte-nos-signos-de-1970-a-1979-50x28.jpg 50w, https:\/\/eleve-se.com.br\/wp-content\/uploads\/2019\/06\/marte-nos-signos-de-1970-a-1979-133x75.jpg 133w, https:\/\/eleve-se.com.br\/wp-content\/uploads\/2019\/06\/marte-nos-signos-de-1970-a-1979-800x450.jpg 800w, https:\/\/eleve-se.com.br\/wp-content\/uploads\/2019\/06\/marte-nos-signos-de-1970-a-1979-150x84.jpg 150w, https:\/\/eleve-se.com.br\/wp-content\/uploads\/2019\/06\/marte-nos-signos-de-1970-a-1979.jpg 1280w\" sizes=\"auto, (max-width: 1024px) 100vw, 1024px\" \/>\t\t\t\t\t\t\t<\/a>\n\t\t\t\t\t\t<\/div>\n\t\t\t\t\t\t<div class=\"post-image-mask\">\n\t\t\t\t\t\t\t<span><\/span>\n\t\t\t\t\t\t<\/div>\n\t\t\t\t\t\t\t\t\t<\/figure>\n\t\t\t\n\t\t\t\t\t\t<div class=\"wd-post-date wd-style-with-bg\">\n\t\t\t\t<span class=\"post-date-day\">\n\t\t\t\t\t24\t\t\t\t<\/span>\n\t\t\t\t<span class=\"post-date-month\">\n\t\t\t\t\tjun\t\t\t\t<\/span>\n\t\t\t<\/div>\n\t\t\t\t<\/header>\n\n\t\t<div class=\"article-body-container\">\n\t\t\t\t\t\t\t<div class=\"meta-categories-wrapp\">\n\t\t\t\t\t<div class=\"meta-post-categories wd-post-cat wd-style-with-bg\">\n\t\t\t\t\t\t<a href=\"https:\/\/eleve-se.com.br\/categoria\/astros\/\" rel=\"category tag\">Astros<\/a>\t\t\t\t\t<\/div>\n\t\t\t\t<\/div>\n\t\t\t\n\t\t\t\t\t\t\t<h3 class=\"wd-entities-title title post-title\">\n\t\t\t\t\t<a href=\"https:\/\/eleve-se.com.br\/marte-nos-signos-de-1990-a-1999\/\" rel=\"bookmark\">Marte nos signos de 1990 a 1999<\/a>\n\t\t\t\t<\/h3>\n\t\t\t\n\t\t\t\t\t\t\t<div class=\"entry-meta wd-entry-meta\">\n\t\t\t\t\t\t\t\t<ul class=\"entry-meta-list\">\n\t\t\t\t\t\t\t\t\t<li class=\"modified-date\">\n\t\t\t\t\t\t\t\t<time class=\"updated\" datetime=\"2023-06-01T14:12:12-03:00\">\n\t\t\t01\/06\/2023\t\t<\/time>\n\t\t\t\t\t\t\t<\/li>\n\n\t\t\t\t\t\n\t\t\t\t\t\t\t\t\t\t\t<li class=\"meta-author\">\n\t\t\t\t\t\t\t\t\t\t\t\t<span>Por<\/span>\n\t\t\n\t\t\t\t\t<img src=\"https:\/\/eleve-se.com.br\/wp-content\/uploads\/2022\/06\/logo_elevese-50x50.png\" width=\"32\" height=\"32\" srcset=\"https:\/\/eleve-se.com.br\/wp-content\/uploads\/2022\/06\/logo_elevese-75x75.png 2x\" alt=\"Equipe Eleve-se\" class=\"avatar avatar-32 wp-user-avatar wp-user-avatar-32 alignnone photo\" \/>\t\t\n\t\t<a href=\"https:\/\/eleve-se.com.br\/author\/equipe\/\" class=\"author\" rel=\"author\">Equipe Eleve-se<\/a>\n\t\t\t\t\t\t\t\t<\/li>\n\t\t\t\t\t\n\t\t\t\t\t\n\t\t\t\t\t\t\t\t\t\t\t\t<\/ul>\n\t\t\t\t\t\t<\/div>\n\t\t\t\t\t\t\t\n\t\t\t\t\t\t\t\t\t\t\t\t<div class=\"entry-content wd-post-desc\">\n\t\t\t\t\t\tVoc\u00ea n\u00e3o sabe em que signo estava Marte no dia seu nascimento? Confira nesta tabela de efem\u00e9rides, onde aparecem as datas de ingresso d...\t\t\t\t\t<\/div>\n\t\t\t\t\n\t\t\t\t\t\t\t\t\t\t\t\t\t\t<p class=\"read-more-section\">\n\t\t\t\t\t\t<a class=\"btn-read-more more-link\" href=\"https:\/\/eleve-se.com.br\/marte-nos-signos-de-1990-a-1999\/\">Continue lendo<\/a>\t\t\t\t\t<\/p>\n\t\t\t\t\t\t\t\t\t\t\t\t\t<\/div>\n\t<\/div>\n<\/article>\n\n\t\t\t\t\t\t\t\t\t\t\t\n<article id=\"post-12945\" class=\"wd-post blog-design-masonry blog-post-loop blog-style-bg wd-add-shadow wd-col post-12945 post type-post status-publish format-standard has-post-thumbnail hentry category-astros tag-anos-1960 tag-efemerides tag-marte tag-marte-nos-signos tag-signos\">\n\t<div class=\"article-inner\">\n\t\t<header class=\"entry-header\">\n\t\t\t\t\t\t\t<figure class=\"entry-thumbnail\">\n\t\t\t\t\t\t\t\t\t\t\t<div class=\"post-img-wrapp\">\n\t\t\t\t\t\t\t<a href=\"https:\/\/eleve-se.com.br\/marte-nos-signos-de-1960-a-1969\/\">\n\t\t\t\t\t\t\t\t<img width=\"1024\" height=\"576\" src=\"https:\/\/eleve-se.com.br\/wp-content\/uploads\/2019\/06\/Marte-nos-signos-de-1950-a-1959-1024x576.jpg\" class=\"attachment-large size-large\" alt=\"\" decoding=\"async\" loading=\"lazy\" srcset=\"https:\/\/eleve-se.com.br\/wp-content\/uploads\/2019\/06\/Marte-nos-signos-de-1950-a-1959-1024x576.jpg 1024w, https:\/\/eleve-se.com.br\/wp-content\/uploads\/2019\/06\/Marte-nos-signos-de-1950-a-1959-300x169.jpg 300w, https:\/\/eleve-se.com.br\/wp-content\/uploads\/2019\/06\/Marte-nos-signos-de-1950-a-1959-768x432.jpg 768w, https:\/\/eleve-se.com.br\/wp-content\/uploads\/2019\/06\/Marte-nos-signos-de-1950-a-1959-260x146.jpg 260w, https:\/\/eleve-se.com.br\/wp-content\/uploads\/2019\/06\/Marte-nos-signos-de-1950-a-1959-50x28.jpg 50w, https:\/\/eleve-se.com.br\/wp-content\/uploads\/2019\/06\/Marte-nos-signos-de-1950-a-1959-133x75.jpg 133w, https:\/\/eleve-se.com.br\/wp-content\/uploads\/2019\/06\/Marte-nos-signos-de-1950-a-1959-800x450.jpg 800w, https:\/\/eleve-se.com.br\/wp-content\/uploads\/2019\/06\/Marte-nos-signos-de-1950-a-1959-150x84.jpg 150w, https:\/\/eleve-se.com.br\/wp-content\/uploads\/2019\/06\/Marte-nos-signos-de-1950-a-1959.jpg 1280w\" sizes=\"auto, (max-width: 1024px) 100vw, 1024px\" \/>\t\t\t\t\t\t\t<\/a>\n\t\t\t\t\t\t<\/div>\n\t\t\t\t\t\t<div class=\"post-image-mask\">\n\t\t\t\t\t\t\t<span><\/span>\n\t\t\t\t\t\t<\/div>\n\t\t\t\t\t\t\t\t\t<\/figure>\n\t\t\t\n\t\t\t\t\t\t<div class=\"wd-post-date wd-style-with-bg\">\n\t\t\t\t<span class=\"post-date-day\">\n\t\t\t\t\t24\t\t\t\t<\/span>\n\t\t\t\t<span class=\"post-date-month\">\n\t\t\t\t\tjun\t\t\t\t<\/span>\n\t\t\t<\/div>\n\t\t\t\t<\/header>\n\n\t\t<div class=\"article-body-container\">\n\t\t\t\t\t\t\t<div class=\"meta-categories-wrapp\">\n\t\t\t\t\t<div class=\"meta-post-categories wd-post-cat wd-style-with-bg\">\n\t\t\t\t\t\t<a href=\"https:\/\/eleve-se.com.br\/categoria\/astros\/\" rel=\"category tag\">Astros<\/a>\t\t\t\t\t<\/div>\n\t\t\t\t<\/div>\n\t\t\t\n\t\t\t\t\t\t\t<h3 class=\"wd-entities-title title post-title\">\n\t\t\t\t\t<a href=\"https:\/\/eleve-se.com.br\/marte-nos-signos-de-1960-a-1969\/\" rel=\"bookmark\">Marte nos signos de 1960 a 1969<\/a>\n\t\t\t\t<\/h3>\n\t\t\t\n\t\t\t\t\t\t\t<div class=\"entry-meta wd-entry-meta\">\n\t\t\t\t\t\t\t\t<ul class=\"entry-meta-list\">\n\t\t\t\t\t\t\t\t\t<li class=\"modified-date\">\n\t\t\t\t\t\t\t\t<time class=\"updated\" datetime=\"2023-06-01T14:12:27-03:00\">\n\t\t\t01\/06\/2023\t\t<\/time>\n\t\t\t\t\t\t\t<\/li>\n\n\t\t\t\t\t\n\t\t\t\t\t\t\t\t\t\t\t<li class=\"meta-author\">\n\t\t\t\t\t\t\t\t\t\t\t\t<span>Por<\/span>\n\t\t\n\t\t\t\t\t<img src=\"https:\/\/eleve-se.com.br\/wp-content\/uploads\/2022\/06\/logo_elevese-50x50.png\" width=\"32\" height=\"32\" srcset=\"https:\/\/eleve-se.com.br\/wp-content\/uploads\/2022\/06\/logo_elevese-75x75.png 2x\" alt=\"Equipe Eleve-se\" class=\"avatar avatar-32 wp-user-avatar wp-user-avatar-32 alignnone photo\" \/>\t\t\n\t\t<a href=\"https:\/\/eleve-se.com.br\/author\/equipe\/\" class=\"author\" rel=\"author\">Equipe Eleve-se<\/a>\n\t\t\t\t\t\t\t\t<\/li>\n\t\t\t\t\t\n\t\t\t\t\t\n\t\t\t\t\t\t\t\t\t\t\t\t<\/ul>\n\t\t\t\t\t\t<\/div>\n\t\t\t\t\t\t\t\n\t\t\t\t\t\t\t\t\t\t\t\t<div class=\"entry-content wd-post-desc\">\n\t\t\t\t\t\tVoc\u00ea n\u00e3o sabe em que signo estava Marte no dia seu nascimento? Confira nesta tabela de efem\u00e9rides, onde aparecem as datas de ingresso d...\t\t\t\t\t<\/div>\n\t\t\t\t\n\t\t\t\t\t\t\t\t\t\t\t\t\t\t<p class=\"read-more-section\">\n\t\t\t\t\t\t<a class=\"btn-read-more more-link\" href=\"https:\/\/eleve-se.com.br\/marte-nos-signos-de-1960-a-1969\/\">Continue lendo<\/a>\t\t\t\t\t<\/p>\n\t\t\t\t\t\t\t\t\t\t\t\t\t<\/div>\n\t<\/div>\n<\/article>\n\n\t\t\t\t\t\n\t\t\t\t\t","status":"no-more-posts","nextPage":"?woo_ajax=1","currentPage":"https:\/\/eleve-se.com.br\/palavras-chaves\/signos\/page\/2"}